{"id":10000,"date":"2021-05-17T01:20:15","date_gmt":"2021-05-17T04:20:15","guid":{"rendered":"https:\/\/diariotribuna.com.br\/?p=10000"},"modified":"2021-05-17T01:20:17","modified_gmt":"2021-05-17T04:20:17","slug":"minas-distribui-19a-remessa-de-vacinas-contra-covid-19","status":"publish","type":"post","link":"https:\/\/diariotribuna.com.br\/?p=10000","title":{"rendered":"Minas distribui 19\u00aa remessa de vacinas contra covid-19"},"content":{"rendered":"\n<p><strong>Imunizantes v\u00e3o completar a aplica\u00e7\u00e3o da segunda dose na maior opera\u00e7\u00e3o de vacina\u00e7\u00e3o da hist\u00f3ria de Minas Gerais<\/strong><\/p>\n\n\n\n<figure class=\"wp-block-image size-large is-resized is-style-default\"><img loading=\"lazy\" decoding=\"async\" src=\"https:\/\/diariotribuna.com.br\/wp-content\/uploads\/2021\/05\/vacinas_2.jpeg\" alt=\"\" class=\"wp-image-10001\" width=\"609\" height=\"249\" srcset=\"https:\/\/diariotribuna.com.br\/wp-content\/uploads\/2021\/05\/vacinas_2.jpeg 700w, https:\/\/diariotribuna.com.br\/wp-content\/uploads\/2021\/05\/vacinas_2-300x123.jpeg 300w, https:\/\/diariotribuna.com.br\/wp-content\/uploads\/2021\/05\/vacinas_2-696x286.jpeg 696w\" sizes=\"(max-width: 609px) 100vw, 609px\" \/><\/figure>\n\n\n\n<p>O\u00a0<a rel=\"noreferrer noopener\" href=\"https:\/\/www.mg.gov.br\/\" target=\"_blank\">Governo de Minas<\/a>\u00a0come\u00e7ou, na sexta-feira (14\/5), o envio de mais um lote de vacinas contra a covid-19 para as 28 Unidades Regionais de Sa\u00fade (URSs) do estado. A segunda parte da mesma remessa ser\u00e1 entregue nesta segunda-feira (17\/05). As 732.150 doses das vacinas contra a covid-19 ser\u00e3o retiradas nas URSs pelos munic\u00edpios, respons\u00e1veis pela execu\u00e7\u00e3o da maior opera\u00e7\u00e3o de vacina\u00e7\u00e3o da hist\u00f3ria de Minas Gerais.<\/p>\n\n\n\n<p>Voos comerciais da Azul, caminh\u00e3o refrigerado e ve\u00edculos das URSs s\u00e3o utilizados para operacionalizar a distribui\u00e7\u00e3o das vacinas. Esta remessa \u00e9 referente \u00e0 19\u00aa entrega do Minist\u00e9rio da Sa\u00fade (MS), por meio do Programa Nacional de Imuniza\u00e7\u00f5es (PNI), feita na quinta (13\/5) e na sexta-feira (14\/5). Chegaram a Belo Horizonte 422.750 doses da AstraZeneca e 207.800 doses da CoronaVac, no dia 13\/5, e mais 101.600 doses da CoronaVac, no dia 14\/5.<\/p>\n\n\n\n<p><strong>Na sexta-feira nove URSs receberam os quantitativos de vacinas de acordo com as estimativas populacionais, feitas pelo Minist\u00e9rio da Sa\u00fade (MS) dos grupos priorit\u00e1rios de cada munic\u00edpio:<\/strong> Barbacena, Belo Horizonte, Diamantina, Divin\u00f3polis, Itabira, Juiz de Fora, Ponte Nova, S\u00e3o Jo\u00e3o del Rei e Sete Lagoas.<\/p>\n\n\n\n<p><strong>Nesta segunda-feira (17\/5) v\u00e3o receber as doses as regionais de: <\/strong>Alfenas, Coronel Fabriciano, Governador Valadares, Ituiutaba, Janu\u00e1ria, Leopoldina, Manhua\u00e7u, Montes Claros, Passos, Patos de Minas, Pedra Azul, Pirapora, Pouso Alegre, Te\u00f3filo Otoni, Ub\u00e1, Uberaba, Uberl\u00e2ndia, Una\u00ed e Varginha.\u00a0\u00a0<\/p>\n\n\n\n<p><strong>De acordo com as diretrizes do PNI, os imunizantes desta fase ser\u00e3o utilizados da seguinte maneira: CoronaVac dose 2:\u00a0<\/strong>ajuste de esquema ou continuidade do Plano de Operacionaliza\u00e7\u00e3o da Vacina\u00e7\u00e3o contra a covid-19; <strong>AstraZeneca dose 1:\u00a0<\/strong>2% de pessoas com comorbidades e pessoas com defici\u00eancia permanente, cadastradas no Benef\u00edcio de Presta\u00e7\u00e3o Continuada (BPC); <strong>AstraZeneca dose 2:\u00a0<\/strong>40% de povos e comunidades quilombolas \u2013 referente a pautas do Minist\u00e9rio da Sa\u00fade e acerto pendentes, 100% de povos e comunidades ribeirinhas \u2013 referente a\u00a0pautas do Minist\u00e9rio da Sa\u00fade e\u00a0acerto pendentes; 22% de pessoas com 65 a 69 anos de idade;\u00a0sendo uma\u00a0parte que completa os esquemas iniciados na pauta 13 (falta ainda o restante desse grupo, que era de 47,04%).<\/p>\n\n\n\n<p><a href=\"http:\/\/www.agenciaminas.mg.gov.br\/ckeditor_assets\/attachments\/11087\/vacinas_covid_-19_pauta_de_distribuicao_final_14-05-2021_1.xlsx\" target=\"_blank\" rel=\"noreferrer noopener\">Clique aqui<\/a>&nbsp;para acessar a tabela com o detalhamento da distribui\u00e7\u00e3o (Arquivo em formato .XLS).<\/p>\n\n\n\n<p><strong>URSs que receber\u00e3o as vacinas em seus aeroportos por voos comerciais da Azul Linhas A\u00e9reas em 17\/5:<\/strong><\/p>\n\n\n\n<p>SRS Uberaba<\/p>\n\n\n\n<p>SRS Uberl\u00e2ndia<\/p>\n\n\n\n<p><strong>Locais que recebem as vacinas pelo caminh\u00e3o refrigerado da Central Estadual de Rede de Frio em 17\/5:<\/strong><\/p>\n\n\n\n<p>SRS Montes Claros<\/p>\n\n\n\n<p><strong>Locais que retirar\u00e3o vacinas na Rede de Frio da SRS Montes Claros em 17\/5:<\/strong><\/p>\n\n\n\n<p>GRS Pirapora<\/p>\n\n\n\n<p>GRS Janu\u00e1ria<\/p>\n\n\n\n<p><strong>Locais que retiraram ou v\u00e3o retirar as vacinas na Central Estadual de Rede de Frio:<\/strong><\/p>\n\n\n\n<p>SRS Alfenas: 17\/5<\/p>\n\n\n\n<p>SRS Barbacena: 14\/5<\/p>\n\n\n\n<p>SRS Belo Horizonte: 14\/5<\/p>\n\n\n\n<p>SRS Coronel Fabriciano: 17\/5<\/p>\n\n\n\n<p>SRS Diamantina: 14\/5<\/p>\n\n\n\n<p>SRS Divin\u00f3polis: 14\/5<\/p>\n\n\n\n<p>GRS Itabira: 14\/5<\/p>\n\n\n\n<p>SRS Juiz de Fora: 14\/5<\/p>\n\n\n\n<p>SRS Manhua\u00e7u: 17\/5<\/p>\n\n\n\n<p>SRS Patos de Minas: 17\/5<\/p>\n\n\n\n<p>SRS Ponte Nova: 14\/5<\/p>\n\n\n\n<p>GRS S\u00e3o Jo\u00e3o del Rei: 14\/5<\/p>\n\n\n\n<p>SRS Sete Lagoas: 14\/5<\/p>\n\n\n\n<p>SRS Te\u00f3filo Otoni: 17\/5<\/p>\n\n\n\n<p>GRS Ub\u00e1: 17\/5<\/p>\n\n\n\n<p>SRS Varginha: 17\/5<\/p>\n\n\n\n<p>SRS Governador Valadares ir\u00e1 retirar as vacinas na Rede de Frio da URS Coronel Fabriciano em 17\/5<\/p>\n\n\n\n<p>SRS Leopoldina ir\u00e1 retirar as vacinas na Rede de Frio da URS Ub\u00e1 em 17\/5<\/p>\n\n\n\n<p>SRS Passos ir\u00e1 retirar as vacinas na Rede de Frio da URS Alfenas em 17\/5<\/p>\n\n\n\n<p>GRS Pedra Azul ir\u00e1 retirar as vacinas na Rede de Frio da URS Te\u00f3filo Otoni em 17\/5<\/p>\n\n\n\n<p>URS Pouso Alegre ir\u00e1 retirar as vacinas na Rede de Frio da URS Varginha em 17\/5<\/p>\n\n\n\n<p>URS Una\u00ed ir\u00e1 retirar as vacinas na Rede de Frio da URS Patos de Minas em 17\/5<\/p>\n\n\n\n<h3 class=\"wp-block-heading\"><strong>Acompanhe o quantitativo de cada remessa:<\/strong><\/h3>\n\n\n\n<p><strong>1\u00aa remessa:<\/strong> 577.480 doses da CoronaVac em 18\/1\/2021<\/p>\n\n\n\n<p><strong>2\u00aa remessa:<\/strong> 190.500 doses de AstraZeneca em 24\/1\/2021<\/p>\n\n\n\n<p><strong>3\u00aa remessa:<\/strong> 87.600 doses da CoronaVac em 25\/1\/2021<\/p>\n\n\n\n<p><strong>4\u00aa remessa:<\/strong> 315.600 doses da CoronaVac em 7\/2\/2021<\/p>\n\n\n\n<p><strong>5\u00aa remessa: <\/strong>220.000 doses da AstraZeneca e 137.400 doses da CoronaVac em 23\/2\/2021<\/p>\n\n\n\n<p><strong>6\u00aa remessa:<\/strong> 285.200 doses da CoronaVac em 3\/3\/2021<\/p>\n\n\n\n<p><strong>7\u00aa remessa:<\/strong> 303.600 doses da CoronaVac em 9\/3\/2021<\/p>\n\n\n\n<p><strong>8\u00aa remessa:<\/strong> 509.800 doses de CoronaVac em 17\/3\/2021<\/p>\n\n\n\n<p><strong>9\u00aa remessa:<\/strong> 86.750 doses da AstraZeneca e 455.800 doses da CoronaVac em 20\/3\/2021<\/p>\n\n\n\n<p><strong>10\u00aa remessa: <\/strong>116.600 doses de AstraZeneca e 359.000 doses de CoronaVac em 26\/3\/2021<\/p>\n\n\n\n<p><strong>11\u00aa remessa: <\/strong>73.250 doses de AstraZeneca e 943.400 doses de CoronaVac em 1\/4\/2021<\/p>\n\n\n\n<p><strong>12\u00aa remessa:<\/strong> 257.750 da AstraZeneca e 220.400 da CoronaVac, em 8\/4\/2021<\/p>\n\n\n\n<p><strong>13\u00aa remessa:<\/strong> 426.000 da AstraZeneca e 275.200 da CoronaVac, em 16\/4\/2021<\/p>\n\n\n\n<p><strong>14\u00aa remessa:<\/strong> 316.750 doses da AstraZeneca e 73.800 da CoronaVac, em 23\/4\/2021<\/p>\n\n\n\n<p><strong>15\u00aa remessa:<\/strong> 578.000 doses da AstraZeneca e 11.800 doses da CoronaVac, em 29\/4\/2021<\/p>\n\n\n\n<p><strong>16\u00aa remessa: <\/strong>30.400 doses da CoronaVac, em 1\/5\/2021 e 676.250 doses da AstraZeneca, em 3\/5\/2021<\/p>\n\n\n\n<p><strong>17\u00aa remessa: <\/strong>50.310 doses da Pfizer, em 3\/5\/2021<\/p>\n\n\n\n<p><strong>18\u00aa remessa:<\/strong> 396.500 doses da AstraZeneca, em 6\/5\/2021, 100.200 doses da CoronaVac, em 8\/5\/2021, e 112.320 doses da Pfizer, em 10\/5\/2021<\/p>\n\n\n\n<p><strong>19\u00aa remessa: <\/strong>422.750 doses da AstraZeneca e 207.800 doses da CoronaVac, em 13\/5\/2021, 101.600 doses da Coronavac, em 14\/5\/2021<\/p>\n\n\n\n<p><strong>Total: 8.919.810 doses<\/strong><\/p>\n","protected":false},"excerpt":{"rendered":"<p>Imunizantes v\u00e3o completar a aplica\u00e7\u00e3o da segunda dose na maior opera\u00e7\u00e3o de vacina\u00e7\u00e3o da hist\u00f3ria de Minas Gerais O\u00a0Governo de Minas\u00a0come\u00e7ou, na sexta-feira (14\/5), o envio de mais um lote de vacinas contra a covid-19 para as 28 Unidades Regionais de Sa\u00fade (URSs) do estado. A segunda parte da mesma remessa ser\u00e1 entregue nesta segunda-feira [&hellip;]<\/p>\n","protected":false},"author":1,"featured_media":10001,"comment_status":"open","ping_status":"open","sticky":false,"template":"","format":"standard","meta":{"rop_custom_images_group":[],"rop_custom_messages_group":[],"rop_publish_now":"initial","rop_publish_now_accounts":[],"rop_publish_now_history":[],"rop_publish_now_status":"pending","footnotes":""},"categories":[192],"tags":[3104,84,3103,3102,91],"class_list":["post-10000","post","type-post","status-publish","format-standard","has-post-thumbnail","hentry","category-covid19","tag-19a-remessa","tag-covid-19","tag-distribuicao","tag-doses-de-vacinas","tag-minas"],"_links":{"self":[{"href":"https:\/\/diariotribuna.com.br\/index.php?rest_route=\/wp\/v2\/posts\/10000"}],"collection":[{"href":"https:\/\/diariotribuna.com.br\/index.php?rest_route=\/wp\/v2\/posts"}],"about":[{"href":"https:\/\/diariotribuna.com.br\/index.php?rest_route=\/wp\/v2\/types\/post"}],"author":[{"embeddable":true,"href":"https:\/\/diariotribuna.com.br\/index.php?rest_route=\/wp\/v2\/users\/1"}],"replies":[{"embeddable":true,"href":"https:\/\/diariotribuna.com.br\/index.php?rest_route=%2Fwp%2Fv2%2Fcomments&post=10000"}],"version-history":[{"count":1,"href":"https:\/\/diariotribuna.com.br\/index.php?rest_route=\/wp\/v2\/posts\/10000\/revisions"}],"predecessor-version":[{"id":10002,"href":"https:\/\/diariotribuna.com.br\/index.php?rest_route=\/wp\/v2\/posts\/10000\/revisions\/10002"}],"wp:featuredmedia":[{"embeddable":true,"href":"https:\/\/diariotribuna.com.br\/index.php?rest_route=\/wp\/v2\/media\/10001"}],"wp:attachment":[{"href":"https:\/\/diariotribuna.com.br\/index.php?rest_route=%2Fwp%2Fv2%2Fmedia&parent=10000"}],"wp:term":[{"taxonomy":"category","embeddable":true,"href":"https:\/\/diariotribuna.com.br\/index.php?rest_route=%2Fwp%2Fv2%2Fcategories&post=10000"},{"taxonomy":"post_tag","embeddable":true,"href":"https:\/\/diariotribuna.com.br\/index.php?rest_route=%2Fwp%2Fv2%2Ftags&post=10000"}],"curies":[{"name":"wp","href":"https:\/\/api.w.org\/{rel}","templated":true}]}}