{"id":10013,"date":"2021-05-17T01:40:56","date_gmt":"2021-05-17T04:40:56","guid":{"rendered":"https:\/\/diariotribuna.com.br\/?p=10013"},"modified":"2021-05-17T01:40:57","modified_gmt":"2021-05-17T04:40:57","slug":"morre-o-prefeito-de-sao-paulo-bruno-covas","status":"publish","type":"post","link":"https:\/\/diariotribuna.com.br\/?p=10013","title":{"rendered":"Morre o prefeito de S\u00e3o Paulo, Bruno Covas"},"content":{"rendered":"\n<p><strong>Pol\u00edtico estava licenciado do cargo e tratava-se no S\u00edrio-Liban\u00eas<\/strong><\/p>\n\n\n\n<figure class=\"wp-block-image size-large is-resized is-style-default\"><img loading=\"lazy\" decoding=\"async\" src=\"https:\/\/diariotribuna.com.br\/wp-content\/uploads\/2021\/05\/coletiva_de_imprensa_com_prefeito_bruno_covas_local_sao_paulo_sp_data_04_05_2020_foto_governo_do_estado_de_sao_paulo_49855766026.jpg\" alt=\"\" class=\"wp-image-10014\" width=\"597\" height=\"381\" srcset=\"https:\/\/diariotribuna.com.br\/wp-content\/uploads\/2021\/05\/coletiva_de_imprensa_com_prefeito_bruno_covas_local_sao_paulo_sp_data_04_05_2020_foto_governo_do_estado_de_sao_paulo_49855766026.jpg 700w, https:\/\/diariotribuna.com.br\/wp-content\/uploads\/2021\/05\/coletiva_de_imprensa_com_prefeito_bruno_covas_local_sao_paulo_sp_data_04_05_2020_foto_governo_do_estado_de_sao_paulo_49855766026-300x192.jpg 300w, https:\/\/diariotribuna.com.br\/wp-content\/uploads\/2021\/05\/coletiva_de_imprensa_com_prefeito_bruno_covas_local_sao_paulo_sp_data_04_05_2020_foto_governo_do_estado_de_sao_paulo_49855766026-696x444.jpg 696w, https:\/\/diariotribuna.com.br\/wp-content\/uploads\/2021\/05\/coletiva_de_imprensa_com_prefeito_bruno_covas_local_sao_paulo_sp_data_04_05_2020_foto_governo_do_estado_de_sao_paulo_49855766026-658x420.jpg 658w\" sizes=\"(max-width: 597px) 100vw, 597px\" \/><\/figure>\n\n\n\n<p>O prefeito de S\u00e3o Paulo, Bruno Covas, morreu \u00e0s 8h20 deste domingo (16), aos 41 anos, em decorr\u00eancia do c\u00e2ncer da transi\u00e7\u00e3o es\u00f4fago-g\u00e1strica e complica\u00e7\u00f5es do tratamento. O corpo do prefeito foi levado para o\u00a0<em>hall<\/em>\u00a0do Edif\u00edcio Matarazzo, sede da prefeitura paulistana, onde foi feita uma homenagem restrita a amigos e familiares, devido \u00e0 pandemia.<img decoding=\"async\" src=\"https:\/\/agenciabrasil.ebc.com.br\/ebc.png?id=1409820&amp;o=node\"><img decoding=\"async\" src=\"https:\/\/agenciabrasil.ebc.com.br\/ebc.gif?id=1409820&amp;o=node\"><\/p>\n\n\n\n<p>Em seguida, o corpo de Bruno Covas seguiu em carro aberto, em cortejo, pela Avenida Paulista, pelo Viaduto do Ch\u00e1 e Largo Paissandu e pelas avenidas S\u00e3o Jo\u00e3o e Ipiranga, al\u00e9m da Rua da Consola\u00e7\u00e3o e outras vias. O corpo sepultado na cidade de Santos, terra natal do prefeito, em cerim\u00f4nia tamb\u00e9m restrita \u00e0 fam\u00edlia. Licenciado do cargo no in\u00edcio deste m\u00eas, Bruno Covas estava em tratamento no Hospital S\u00edrio-Liban\u00eas, na capital paulista.<\/p>\n\n\n\n<p>Filho de Pedro Lopes e Renata Covas Lopes e pai do jovem Tom\u00e1s Covas, Bruno nasceu em Santos, no litoral paulista, no dia 7 de abril de 1980, e foi advogado, economista e pol\u00edtico brasileiro. Mudou-se para a capital paulista em 1995 e, dois anos depois, filiou-se ao PSDB, seguindo os passos do av\u00f4, o ex-governador M\u00e1rio Covas (1930-2001), sua grande inspira\u00e7\u00e3o e influ\u00eancia pol\u00edtica . No partido, chegou a ser presidente estadual e nacional da Juventude do PSDB e ocupou cargos na Executiva Estadual.<br><br>Sua carreira na pol\u00edtica come\u00e7ou em 2004, quando se candidatou a vice-prefeito de sua cidade natal. Dois anos depois, foi eleito deputado estadual na Assembleia Legislativa de S\u00e3o Paulo e reeleito para o mesmo cargo em 2010, com mais de 239 mil votos, sendo o mais votado daquele ano. No ano seguinte, assumiu a Secretaria Estadual do Meio Ambiente no governo de Geraldo Alckmin, permanecendo no cargo at\u00e9 2014, quando foi eleito deputado federal para o mandato 2015-2019.<\/p>\n\n\n\n<p><strong>(Ag\u00eancia Brasil)<\/strong><\/p>\n","protected":false},"excerpt":{"rendered":"<p>Pol\u00edtico estava licenciado do cargo e tratava-se no S\u00edrio-Liban\u00eas O prefeito de S\u00e3o Paulo, Bruno Covas, morreu \u00e0s 8h20 deste domingo (16), aos 41 anos, em decorr\u00eancia do c\u00e2ncer da transi\u00e7\u00e3o es\u00f4fago-g\u00e1strica e complica\u00e7\u00f5es do tratamento. O corpo do prefeito foi levado para o\u00a0hall\u00a0do Edif\u00edcio Matarazzo, sede da prefeitura paulistana, onde foi feita uma homenagem [&hellip;]<\/p>\n","protected":false},"author":1,"featured_media":10014,"comment_status":"open","ping_status":"open","sticky":false,"template":"","format":"standard","meta":{"rop_custom_images_group":[],"rop_custom_messages_group":[],"rop_publish_now":"initial","rop_publish_now_accounts":[],"rop_publish_now_history":[],"rop_publish_now_status":"pending","footnotes":""},"categories":[21],"tags":[3108,3109],"class_list":["post-10013","post","type-post","status-publish","format-standard","has-post-thumbnail","hentry","category-politica","tag-morre-bruno-covas","tag-prefeito-de-sao-paulo"],"_links":{"self":[{"href":"https:\/\/diariotribuna.com.br\/index.php?rest_route=\/wp\/v2\/posts\/10013"}],"collection":[{"href":"https:\/\/diariotribuna.com.br\/index.php?rest_route=\/wp\/v2\/posts"}],"about":[{"href":"https:\/\/diariotribuna.com.br\/index.php?rest_route=\/wp\/v2\/types\/post"}],"author":[{"embeddable":true,"href":"https:\/\/diariotribuna.com.br\/index.php?rest_route=\/wp\/v2\/users\/1"}],"replies":[{"embeddable":true,"href":"https:\/\/diariotribuna.com.br\/index.php?rest_route=%2Fwp%2Fv2%2Fcomments&post=10013"}],"version-history":[{"count":1,"href":"https:\/\/diariotribuna.com.br\/index.php?rest_route=\/wp\/v2\/posts\/10013\/revisions"}],"predecessor-version":[{"id":10015,"href":"https:\/\/diariotribuna.com.br\/index.php?rest_route=\/wp\/v2\/posts\/10013\/revisions\/10015"}],"wp:featuredmedia":[{"embeddable":true,"href":"https:\/\/diariotribuna.com.br\/index.php?rest_route=\/wp\/v2\/media\/10014"}],"wp:attachment":[{"href":"https:\/\/diariotribuna.com.br\/index.php?rest_route=%2Fwp%2Fv2%2Fmedia&parent=10013"}],"wp:term":[{"taxonomy":"category","embeddable":true,"href":"https:\/\/diariotribuna.com.br\/index.php?rest_route=%2Fwp%2Fv2%2Fcategories&post=10013"},{"taxonomy":"post_tag","embeddable":true,"href":"https:\/\/diariotribuna.com.br\/index.php?rest_route=%2Fwp%2Fv2%2Ftags&post=10013"}],"curies":[{"name":"wp","href":"https:\/\/api.w.org\/{rel}","templated":true}]}}