{"id":10020,"date":"2021-05-17T09:32:39","date_gmt":"2021-05-17T12:32:39","guid":{"rendered":"https:\/\/diariotribuna.com.br\/?p=10020"},"modified":"2021-05-19T18:18:12","modified_gmt":"2021-05-19T21:18:12","slug":"ciclista-morre-em-acidente-de-transito-no-bairro-doutor-laerte-laender","status":"publish","type":"post","link":"https:\/\/diariotribuna.com.br\/?p=10020","title":{"rendered":"Ciclista morre em acidente de tr\u00e2nsito no Bairro Doutor Laerte Laender"},"content":{"rendered":"\n<figure class=\"wp-block-image size-large is-resized is-style-default\"><img loading=\"lazy\" decoding=\"async\" src=\"https:\/\/diariotribuna.com.br\/wp-content\/uploads\/2021\/05\/92785b99-5646-4987-923c-da1a8b451d9d.jpg\" alt=\"\" class=\"wp-image-10021\" width=\"471\" height=\"297\" srcset=\"https:\/\/diariotribuna.com.br\/wp-content\/uploads\/2021\/05\/92785b99-5646-4987-923c-da1a8b451d9d.jpg 700w, https:\/\/diariotribuna.com.br\/wp-content\/uploads\/2021\/05\/92785b99-5646-4987-923c-da1a8b451d9d-300x190.jpg 300w, https:\/\/diariotribuna.com.br\/wp-content\/uploads\/2021\/05\/92785b99-5646-4987-923c-da1a8b451d9d-696x440.jpg 696w, https:\/\/diariotribuna.com.br\/wp-content\/uploads\/2021\/05\/92785b99-5646-4987-923c-da1a8b451d9d-664x420.jpg 664w\" sizes=\"(max-width: 471px) 100vw, 471px\" \/><figcaption><strong>Acidente ocorreu na Rua Doutor Julio Rodrigues, Bairro<\/strong><br><strong>Doutor Laerte Laender, em Te\u00f3filo Otoni<\/strong><\/figcaption><\/figure>\n\n\n\n<p><strong>Te\u00f3filo Otoni &#8211;<\/strong> A Pol\u00edcia Militar foi acionada, neste domingo (16\/05\/21), por volta das 18h, e compareceu ao local, na Rua Doutor Julio Rodrigues, Bairro Doutor Laerte Laender, em Te\u00f3filo Otoni, pr\u00f3ximo \u00e0 lagoa do bairro, para atendimento de ocorr\u00eancia de acidente de tr\u00e2nsito envolvendo um carro e uma bicicleta, resultando na morte do ciclista Jos\u00e9 Ant\u00f4nio de Souza Passos, de 38 anos, conhecido como \u201cZ\u00e9 da \u00c9gua\u201d.<\/p>\n\n\n\n<p>No local os militares ouviram o condutor do ve\u00edculo VW Gol de cor preta, D.S.G., de 41 anos, e ele relatou que seguia sentido centro \u2013 bairro, e antes da rotat\u00f3ria o condutor da bicicleta Jos\u00e9 Ant\u00f4nio de Sousa Passos, que transitava sentido bairro &#8211; centro, n\u00e3o parou avan\u00e7ando na contram\u00e3o de dire\u00e7\u00e3o. Disse que tentou se desvencilhar, mas n\u00e3o conseguiu, colidindo frontalmente com a bicicleta, tendo Jos\u00e9 Ant\u00f4nio ca\u00eddo no ch\u00e3o se ferindo gravemente.<\/p>\n\n\n\n<p>Populares acionaram o SAMU, que compareceu ao local, prestou socorro \u00e0 v\u00edtima, com reanima\u00e7\u00e3o card\u00edaca realizada por um m\u00e9dico e sua equipe, mas infelizmente Jos\u00e9 Ant\u00f4nio n\u00e3o resistiu aos ferimentos e faleceu no local. Equipe da per\u00edcia t\u00e9cnica da Pol\u00edcia Civil compareceu ao local, ap\u00f3s os trabalhos de praxe, o corpo de Jos\u00e9 Ant\u00f4nio foi encaminhado ao Instituto M\u00e9dico Legal, onde foi necropsiado e constatado que a causa da morte foi trauma craniano. O acidente ocorreu \u00e0s 18h e o IML liberou o corpo \u00e0s 20h.<\/p>\n\n\n\n<p>Uma testemunha relatou que, estava pr\u00f3ximo ao local, quando observou que o condutor da bicicleta vinha da Rua Castanheira e acessou a Rua Julio Rodrigues, ocorrendo a colis\u00e3o com o carro. O condutor do ve\u00edculo Gol, foi submetido ao teste de alcoolemia, e n\u00e3o foi constatado uso de \u00e1lcool. Valor aferido 0,00 mg\/l. Ele foi encaminhado \u00e0 delegacia de Pol\u00edcia Civil para melhores esclarecimentos do ocorrido. (Ocorr\u00eancia registrada pela PMMG\/ Fotos: Divulga\u00e7\u00e3o).<\/p>\n","protected":false},"excerpt":{"rendered":"<p>Te\u00f3filo Otoni &#8211; A Pol\u00edcia Militar foi acionada, neste domingo (16\/05\/21), por volta das 18h, e compareceu ao local, na Rua Doutor Julio Rodrigues, Bairro Doutor Laerte Laender, em Te\u00f3filo Otoni, pr\u00f3ximo \u00e0 lagoa do bairro, para atendimento de ocorr\u00eancia de acidente de tr\u00e2nsito envolvendo um carro e uma bicicleta, resultando na morte do ciclista [&hellip;]<\/p>\n","protected":false},"author":1,"featured_media":10021,"comment_status":"open","ping_status":"open","sticky":false,"template":"","format":"standard","meta":{"rop_custom_images_group":[],"rop_custom_messages_group":[],"rop_publish_now":"initial","rop_publish_now_accounts":[],"rop_publish_now_history":[],"rop_publish_now_status":"pending","footnotes":""},"categories":[20],"tags":[125,2151,3112,75,3111],"class_list":["post-10020","post","type-post","status-publish","format-standard","has-post-thumbnail","hentry","category-policia","tag-acidente","tag-fatal","tag-jose-antonio-de-souza-passos","tag-teofilo-otoni","tag-ze-da-egua"],"_links":{"self":[{"href":"https:\/\/diariotribuna.com.br\/index.php?rest_route=\/wp\/v2\/posts\/10020"}],"collection":[{"href":"https:\/\/diariotribuna.com.br\/index.php?rest_route=\/wp\/v2\/posts"}],"about":[{"href":"https:\/\/diariotribuna.com.br\/index.php?rest_route=\/wp\/v2\/types\/post"}],"author":[{"embeddable":true,"href":"https:\/\/diariotribuna.com.br\/index.php?rest_route=\/wp\/v2\/users\/1"}],"replies":[{"embeddable":true,"href":"https:\/\/diariotribuna.com.br\/index.php?rest_route=%2Fwp%2Fv2%2Fcomments&post=10020"}],"version-history":[{"count":3,"href":"https:\/\/diariotribuna.com.br\/index.php?rest_route=\/wp\/v2\/posts\/10020\/revisions"}],"predecessor-version":[{"id":10025,"href":"https:\/\/diariotribuna.com.br\/index.php?rest_route=\/wp\/v2\/posts\/10020\/revisions\/10025"}],"wp:featuredmedia":[{"embeddable":true,"href":"https:\/\/diariotribuna.com.br\/index.php?rest_route=\/wp\/v2\/media\/10021"}],"wp:attachment":[{"href":"https:\/\/diariotribuna.com.br\/index.php?rest_route=%2Fwp%2Fv2%2Fmedia&parent=10020"}],"wp:term":[{"taxonomy":"category","embeddable":true,"href":"https:\/\/diariotribuna.com.br\/index.php?rest_route=%2Fwp%2Fv2%2Fcategories&post=10020"},{"taxonomy":"post_tag","embeddable":true,"href":"https:\/\/diariotribuna.com.br\/index.php?rest_route=%2Fwp%2Fv2%2Ftags&post=10020"}],"curies":[{"name":"wp","href":"https:\/\/api.w.org\/{rel}","templated":true}]}}