{"id":10026,"date":"2021-05-17T14:51:34","date_gmt":"2021-05-17T17:51:34","guid":{"rendered":"https:\/\/diariotribuna.com.br\/?p=10026"},"modified":"2021-05-17T14:57:07","modified_gmt":"2021-05-17T17:57:07","slug":"inss-retoma-bloqueio-de-beneficios-por-falta-de-prova-de-vida","status":"publish","type":"post","link":"https:\/\/diariotribuna.com.br\/?p=10026","title":{"rendered":"INSS retoma bloqueio de benef\u00edcios por falta de prova de vida"},"content":{"rendered":"\n<h4 class=\"wp-block-heading\"><strong><em>A rotina de bloqueio ser\u00e1 a partir deste m\u00eas de maio<\/em><\/strong><\/h4>\n\n\n\n<figure class=\"wp-block-image size-large is-resized is-style-default\"><img loading=\"lazy\" decoding=\"async\" src=\"https:\/\/diariotribuna.com.br\/wp-content\/uploads\/2021\/05\/f551ae33-ee97-49a5-9936-859d193498ad.jpeg\" alt=\"\" class=\"wp-image-10027\" width=\"540\" height=\"307\" srcset=\"https:\/\/diariotribuna.com.br\/wp-content\/uploads\/2021\/05\/f551ae33-ee97-49a5-9936-859d193498ad.jpeg 650w, https:\/\/diariotribuna.com.br\/wp-content\/uploads\/2021\/05\/f551ae33-ee97-49a5-9936-859d193498ad-300x171.jpeg 300w\" sizes=\"(max-width: 540px) 100vw, 540px\" \/><\/figure>\n\n\n\n<p>A partir deste m\u00eas de maio 2021, os benef\u00edcios previdenci\u00e1rios poder\u00e3o ser suspensos caso o segurado n\u00e3o fa\u00e7a a prova de vida no prazo. O bloqueio estava suspenso desde mar\u00e7o do ano passado, devido \u00e0 pandemia de Covid-19.<\/p>\n\n\n\n<p>De acordo com a Portaria 1.299, publicada no Di\u00e1rio Oficial da Uni\u00e3o de quinta-feira (13), a rotina iniciar\u00e1 com os benef\u00edcios em que n\u00e3o houve a realiza\u00e7\u00e3o da comprova\u00e7\u00e3o de vida por nenhum canal disponibilizado para tal procedimento, sendo estes selecionados para integrar o primeiro lote do processo de comprova\u00e7\u00e3o de vida por biometria facial.<\/p>\n\n\n\n<p>O INSS identificou cerca de 160 mil benefici\u00e1rios que deveriam ter feito a prova em fevereiro de 2020.&nbsp; Esses benefici\u00e1rios podem fazer o procedimento de forma remota nos aplicativos Meu INSS e Meu gov.br, evitando desta forma o bloqueio de seus benef\u00edcios.<\/p>\n\n\n\n<p>O INSS destaca ainda que a prova realizada junto \u00e0s institui\u00e7\u00f5es financeiras continuam v\u00e1lidas e podem ser realizadas normalmente. A prova de vida tem a finalidade de comprovar que o benefici\u00e1rio do INSS ainda vive e deve ser realizada anualmente.<\/p>\n\n\n\n<p><strong>Acompanhe, abaixo o podcast \u201cMomento INSS\u201d, que traz mais esclarecimentos com o gerente-executivo do INSS no Rio de Janeiro, Caio Figueiredo.<\/strong><\/p>\n\n\n\n<figure class=\"wp-block-audio\"><audio controls src=\"https:\/\/diariotribuna.com.br\/wp-content\/uploads\/2021\/05\/MOMENTO-INSS-Retomada-do-bloqueio-de-pagamento-por-falta-de-prova-de-Vida-Caio-Figueiredo.mp3\"><\/audio><\/figure>\n\n\n\n<p><\/p>\n","protected":false},"excerpt":{"rendered":"<p>A rotina de bloqueio ser\u00e1 a partir deste m\u00eas de maio A partir deste m\u00eas de maio 2021, os benef\u00edcios previdenci\u00e1rios poder\u00e3o ser suspensos caso o segurado n\u00e3o fa\u00e7a a prova de vida no prazo. O bloqueio estava suspenso desde mar\u00e7o do ano passado, devido \u00e0 pandemia de Covid-19. De acordo com a Portaria 1.299, [&hellip;]<\/p>\n","protected":false},"author":1,"featured_media":10027,"comment_status":"open","ping_status":"open","sticky":false,"template":"","format":"standard","meta":{"rop_custom_images_group":[],"rop_custom_messages_group":[],"rop_publish_now":"initial","rop_publish_now_accounts":[],"rop_publish_now_history":[],"rop_publish_now_status":"pending","footnotes":""},"categories":[19],"tags":[270,3114,114,3113],"class_list":["post-10026","post","type-post","status-publish","format-standard","has-post-thumbnail","hentry","category-gerais","tag-beneficios","tag-bloqueio","tag-inss","tag-prova-de-vida"],"_links":{"self":[{"href":"https:\/\/diariotribuna.com.br\/index.php?rest_route=\/wp\/v2\/posts\/10026"}],"collection":[{"href":"https:\/\/diariotribuna.com.br\/index.php?rest_route=\/wp\/v2\/posts"}],"about":[{"href":"https:\/\/diariotribuna.com.br\/index.php?rest_route=\/wp\/v2\/types\/post"}],"author":[{"embeddable":true,"href":"https:\/\/diariotribuna.com.br\/index.php?rest_route=\/wp\/v2\/users\/1"}],"replies":[{"embeddable":true,"href":"https:\/\/diariotribuna.com.br\/index.php?rest_route=%2Fwp%2Fv2%2Fcomments&post=10026"}],"version-history":[{"count":2,"href":"https:\/\/diariotribuna.com.br\/index.php?rest_route=\/wp\/v2\/posts\/10026\/revisions"}],"predecessor-version":[{"id":10030,"href":"https:\/\/diariotribuna.com.br\/index.php?rest_route=\/wp\/v2\/posts\/10026\/revisions\/10030"}],"wp:featuredmedia":[{"embeddable":true,"href":"https:\/\/diariotribuna.com.br\/index.php?rest_route=\/wp\/v2\/media\/10027"}],"wp:attachment":[{"href":"https:\/\/diariotribuna.com.br\/index.php?rest_route=%2Fwp%2Fv2%2Fmedia&parent=10026"}],"wp:term":[{"taxonomy":"category","embeddable":true,"href":"https:\/\/diariotribuna.com.br\/index.php?rest_route=%2Fwp%2Fv2%2Fcategories&post=10026"},{"taxonomy":"post_tag","embeddable":true,"href":"https:\/\/diariotribuna.com.br\/index.php?rest_route=%2Fwp%2Fv2%2Ftags&post=10026"}],"curies":[{"name":"wp","href":"https:\/\/api.w.org\/{rel}","templated":true}]}}