{"id":10031,"date":"2021-05-18T00:12:58","date_gmt":"2021-05-18T03:12:58","guid":{"rendered":"https:\/\/diariotribuna.com.br\/?p=10031"},"modified":"2021-05-18T00:13:00","modified_gmt":"2021-05-18T03:13:00","slug":"prf-intercepta-veiculo-e-prende-condutor-com-cerca-de-10-kg-de-cocaina","status":"publish","type":"post","link":"https:\/\/diariotribuna.com.br\/?p=10031","title":{"rendered":"PRF intercepta ve\u00edculo e prende condutor com cerca de 10 kg de coca\u00edna"},"content":{"rendered":"\n<figure class=\"wp-block-gallery columns-2 is-cropped wp-block-gallery-1 is-layout-flex wp-block-gallery-is-layout-flex\"><ul class=\"blocks-gallery-grid\"><li class=\"blocks-gallery-item\"><figure><img loading=\"lazy\" decoding=\"async\" width=\"700\" height=\"420\" src=\"https:\/\/diariotribuna.com.br\/wp-content\/uploads\/2021\/05\/site-1-1.jpg\" alt=\"\" data-id=\"10032\" data-full-url=\"https:\/\/diariotribuna.com.br\/wp-content\/uploads\/2021\/05\/site-1-1.jpg\" data-link=\"https:\/\/diariotribuna.com.br\/?attachment_id=10032\" class=\"wp-image-10032\" srcset=\"https:\/\/diariotribuna.com.br\/wp-content\/uploads\/2021\/05\/site-1-1.jpg 700w, https:\/\/diariotribuna.com.br\/wp-content\/uploads\/2021\/05\/site-1-1-300x180.jpg 300w, https:\/\/diariotribuna.com.br\/wp-content\/uploads\/2021\/05\/site-1-1-696x418.jpg 696w\" sizes=\"(max-width: 700px) 100vw, 700px\" \/><\/figure><\/li><li class=\"blocks-gallery-item\"><figure><img loading=\"lazy\" decoding=\"async\" width=\"700\" height=\"492\" src=\"https:\/\/diariotribuna.com.br\/wp-content\/uploads\/2021\/05\/site-2-1.jpg\" alt=\"\" data-id=\"10033\" data-full-url=\"https:\/\/diariotribuna.com.br\/wp-content\/uploads\/2021\/05\/site-2-1.jpg\" data-link=\"https:\/\/diariotribuna.com.br\/?attachment_id=10033\" class=\"wp-image-10033\" srcset=\"https:\/\/diariotribuna.com.br\/wp-content\/uploads\/2021\/05\/site-2-1.jpg 700w, https:\/\/diariotribuna.com.br\/wp-content\/uploads\/2021\/05\/site-2-1-300x211.jpg 300w, https:\/\/diariotribuna.com.br\/wp-content\/uploads\/2021\/05\/site-2-1-100x70.jpg 100w, https:\/\/diariotribuna.com.br\/wp-content\/uploads\/2021\/05\/site-2-1-696x489.jpg 696w, https:\/\/diariotribuna.com.br\/wp-content\/uploads\/2021\/05\/site-2-1-598x420.jpg 598w\" sizes=\"(max-width: 700px) 100vw, 700px\" \/><\/figure><\/li><\/ul><\/figure>\n\n\n\n<p><strong>Itaobim &#8211; <\/strong>Agentes da Pol\u00edcia Rodovi\u00e1ria Federal faziam fiscaliza\u00e7\u00e3o na BR 116, nesta segunda-feira (17\/05), na unidade operacional de Itaobim, quando abordaram um autom\u00f3vel com placas da cidade de Fortaleza\/CE. Na fiscaliza\u00e7\u00e3o o condutor que estava viajando com a sua fam\u00edlia, apresentou contradi\u00e7\u00f5es ensejando em uma checagem dos itens transportados, sendo localizados em uma caixa dentro do bagageiro 10 tabletes de subst\u00e2ncia an\u00e1loga \u00e0 coca\u00edna, pesando aproximadamente 10 kg.<\/p>\n\n\n\n<p>Em conversa com o condutor de 37 anos, morador de Fortaleza, ele informou aos agentes que adquiriu o entorpecente na cidade de Campinas\/SP e que entregaria na capital cearense, por\u00e9m, n\u00e3o deu maiores detalhes sobre quem o contratou para fazer o tr\u00e1fico. Ainda conforme sua declara\u00e7\u00e3o a fam\u00edlia que viajava consigo n\u00e3o tinha conhecimento do transporte da droga. Ocorr\u00eancia foi encaminhada ao plant\u00e3o da Pol\u00edcia Civil da cidade de Pedra Azul. (Informa\u00e7\u00f5es\/Fotos: PRF, Te\u00f3filo Otoni).<\/p>\n\n\n\n<p>Visite a PRF-MG no Facebook: \/PRF191MG<\/p>\n\n\n\n<p>Siga a PRF MG no Instagram: @prf_mg<\/p>\n\n\n\n<p>Setor de Comunica\u00e7\u00e3o Social:&nbsp; <a href=\"mailto:imprensa.mg@prf.gov.br\">imprensa.mg@prf.gov.br<\/a><\/p>\n","protected":false},"excerpt":{"rendered":"<p>Itaobim &#8211; Agentes da Pol\u00edcia Rodovi\u00e1ria Federal faziam fiscaliza\u00e7\u00e3o na BR 116, nesta segunda-feira (17\/05), na unidade operacional de Itaobim, quando abordaram um autom\u00f3vel com placas da cidade de Fortaleza\/CE. Na fiscaliza\u00e7\u00e3o o condutor que estava viajando com a sua fam\u00edlia, apresentou contradi\u00e7\u00f5es ensejando em uma checagem dos itens transportados, sendo localizados em uma caixa [&hellip;]<\/p>\n","protected":false},"author":1,"featured_media":10033,"comment_status":"open","ping_status":"open","sticky":false,"template":"","format":"standard","meta":{"rop_custom_images_group":[],"rop_custom_messages_group":[],"rop_publish_now":"initial","rop_publish_now_accounts":[],"rop_publish_now_history":[],"rop_publish_now_status":"pending","footnotes":""},"categories":[25,20],"tags":[3116,1382,3115,387,184],"class_list":["post-10031","post","type-post","status-publish","format-standard","has-post-thumbnail","hentry","category-destaque","category-policia","tag-10-quilos","tag-br-116-2","tag-cocaina","tag-itaobim","tag-prf"],"_links":{"self":[{"href":"https:\/\/diariotribuna.com.br\/index.php?rest_route=\/wp\/v2\/posts\/10031"}],"collection":[{"href":"https:\/\/diariotribuna.com.br\/index.php?rest_route=\/wp\/v2\/posts"}],"about":[{"href":"https:\/\/diariotribuna.com.br\/index.php?rest_route=\/wp\/v2\/types\/post"}],"author":[{"embeddable":true,"href":"https:\/\/diariotribuna.com.br\/index.php?rest_route=\/wp\/v2\/users\/1"}],"replies":[{"embeddable":true,"href":"https:\/\/diariotribuna.com.br\/index.php?rest_route=%2Fwp%2Fv2%2Fcomments&post=10031"}],"version-history":[{"count":1,"href":"https:\/\/diariotribuna.com.br\/index.php?rest_route=\/wp\/v2\/posts\/10031\/revisions"}],"predecessor-version":[{"id":10034,"href":"https:\/\/diariotribuna.com.br\/index.php?rest_route=\/wp\/v2\/posts\/10031\/revisions\/10034"}],"wp:featuredmedia":[{"embeddable":true,"href":"https:\/\/diariotribuna.com.br\/index.php?rest_route=\/wp\/v2\/media\/10033"}],"wp:attachment":[{"href":"https:\/\/diariotribuna.com.br\/index.php?rest_route=%2Fwp%2Fv2%2Fmedia&parent=10031"}],"wp:term":[{"taxonomy":"category","embeddable":true,"href":"https:\/\/diariotribuna.com.br\/index.php?rest_route=%2Fwp%2Fv2%2Fcategories&post=10031"},{"taxonomy":"post_tag","embeddable":true,"href":"https:\/\/diariotribuna.com.br\/index.php?rest_route=%2Fwp%2Fv2%2Ftags&post=10031"}],"curies":[{"name":"wp","href":"https:\/\/api.w.org\/{rel}","templated":true}]}}