{"id":10044,"date":"2021-05-18T11:17:54","date_gmt":"2021-05-18T14:17:54","guid":{"rendered":"https:\/\/diariotribuna.com.br\/?p=10044"},"modified":"2021-05-18T11:18:55","modified_gmt":"2021-05-18T14:18:55","slug":"setor-produtivo-celebra-decisao-do-stf","status":"publish","type":"post","link":"https:\/\/diariotribuna.com.br\/?p=10044","title":{"rendered":"Setor produtivo celebra decis\u00e3o do STF"},"content":{"rendered":"\n<p><strong>Decis\u00e3o judicial favor\u00e1vel para que o ICMS exclu\u00eddo seja o destacado na nota fiscal garante a ordem jur\u00eddica do pa\u00eds<\/strong><\/p>\n\n\n\n<figure class=\"wp-block-image size-large is-resized is-style-default\"><img loading=\"lazy\" decoding=\"async\" src=\"https:\/\/diariotribuna.com.br\/wp-content\/uploads\/2021\/05\/unnamed-file-4.jpg\" alt=\"\" class=\"wp-image-10045\" width=\"562\" height=\"333\" srcset=\"https:\/\/diariotribuna.com.br\/wp-content\/uploads\/2021\/05\/unnamed-file-4.jpg 600w, https:\/\/diariotribuna.com.br\/wp-content\/uploads\/2021\/05\/unnamed-file-4-300x178.jpg 300w\" sizes=\"(max-width: 562px) 100vw, 562px\" \/><figcaption><strong>Presidente da Federa\u00e7\u00e3o das Ind\u00fastrias de Minas Gerais (FIEMG),<\/strong><br><strong><strong>Fl\u00e1vio Roscoe<\/strong><\/strong><\/figcaption><\/figure>\n\n\n\n<p>Em julgamento realizado nos dias 12 e 13\/05, o Supremo Tribunal Federal (STF) deu decis\u00e3o judicial favor\u00e1vel para a exclus\u00e3o do ICMS destacado na nota fiscal da base de c\u00e1lculo do PIS\/Cofins. A decis\u00e3o \u00e9 comemorada pelo setor industrial, que vinha demonstrando receio quanto a uma decis\u00e3o contr\u00e1ria a essa.<\/p>\n\n\n\n<p>&#8220;Foi o julgamento do s\u00e9culo na \u00e1rea tribut\u00e1ria&#8221;, comenta Fl\u00e1vio Roscoe, presidente da Federa\u00e7\u00e3o das Ind\u00fastrias de Minas Gerais (FIEMG). Para o l\u00edder empresarial, a manuten\u00e7\u00e3o da decis\u00e3o tomada em 2017 traz seguran\u00e7a jur\u00eddica para o pa\u00eds. &#8220;A decis\u00e3o \u00e9 a garantia de uma ordem jur\u00eddica da qual podemos confiar&#8221;, afirma, pontuando que a FIEMG, na defesa dos interesses do setor produtivo, trabalhou para apresentar \u00e0 sociedade e \u00e0 Corte os impactos negativos que uma decis\u00e3o diferente da tomada poderiam ter na economia brasileira.<\/p>\n\n\n\n<p>&#8220;As empresas que compensaram o tributo ou que t\u00eam a\u00e7\u00f5es em cursos, anteriores a 2017, podem ficar despreocupadas&#8221;, afirma, se referindo a devolu\u00e7\u00e3o, \u00e0s empresas, dos valores dos tributos que foram cobrados de forma indevida. &#8220;J\u00e1 as que entraram com a\u00e7\u00e3o ap\u00f3s 2017, o STF decidiu pela modula\u00e7\u00e3o da decis\u00e3o, em que o direito \u00e9 reconhecido a partir dos anos subsequentes da a\u00e7\u00e3o. Desta maneira, n\u00e3o ter\u00e3o direito aos cinco anos retroativos&#8221;, alerta.<\/p>\n\n\n\n<p>O Recurso Extraordin\u00e1rio (RE) 574706 teve como relatora a ministra mineira C\u00e1rmen L\u00facia, que votou, nesta quarta (12) para que a exclus\u00e3o do ICMS seja v\u00e1lida de 15 de mar\u00e7o de 2017 em diante. O julgamento teve continuidade no dia 13\/05 e a decis\u00e3o foi tomada por oito votos a tr\u00eas. O parecer para que a nova regra tenha validade de 2017 em diante foi dado pelos ministros Alexandre de Moraes, Dias Toffoli, Nunes Marques, Ricardo Lewandowski, Roberto Barroso, Gilmar Mendes, Luiz Fux e C\u00e1rmen L\u00facia. (Denise Lucas &#8211; Jornalismo &#8211; FIEMG &#8211; Federa\u00e7\u00e3o das Ind\u00fastrias de Minas Gerais).<\/p>\n","protected":false},"excerpt":{"rendered":"<p>Decis\u00e3o judicial favor\u00e1vel para que o ICMS exclu\u00eddo seja o destacado na nota fiscal garante a ordem jur\u00eddica do pa\u00eds Em julgamento realizado nos dias 12 e 13\/05, o Supremo Tribunal Federal (STF) deu decis\u00e3o judicial favor\u00e1vel para a exclus\u00e3o do ICMS destacado na nota fiscal da base de c\u00e1lculo do PIS\/Cofins. A decis\u00e3o \u00e9 [&hellip;]<\/p>\n","protected":false},"author":1,"featured_media":10045,"comment_status":"open","ping_status":"open","sticky":false,"template":"","format":"standard","meta":{"rop_custom_images_group":[],"rop_custom_messages_group":[],"rop_publish_now":"initial","rop_publish_now_accounts":[],"rop_publish_now_history":[],"rop_publish_now_status":"pending","footnotes":""},"categories":[19],"tags":[3120,82,306,3119,99],"class_list":["post-10044","post","type-post","status-publish","format-standard","has-post-thumbnail","hentry","category-gerais","tag-decisao","tag-fiemg","tag-flavio-roscoe","tag-setor-produtivo","tag-stf"],"_links":{"self":[{"href":"https:\/\/diariotribuna.com.br\/index.php?rest_route=\/wp\/v2\/posts\/10044"}],"collection":[{"href":"https:\/\/diariotribuna.com.br\/index.php?rest_route=\/wp\/v2\/posts"}],"about":[{"href":"https:\/\/diariotribuna.com.br\/index.php?rest_route=\/wp\/v2\/types\/post"}],"author":[{"embeddable":true,"href":"https:\/\/diariotribuna.com.br\/index.php?rest_route=\/wp\/v2\/users\/1"}],"replies":[{"embeddable":true,"href":"https:\/\/diariotribuna.com.br\/index.php?rest_route=%2Fwp%2Fv2%2Fcomments&post=10044"}],"version-history":[{"count":4,"href":"https:\/\/diariotribuna.com.br\/index.php?rest_route=\/wp\/v2\/posts\/10044\/revisions"}],"predecessor-version":[{"id":10049,"href":"https:\/\/diariotribuna.com.br\/index.php?rest_route=\/wp\/v2\/posts\/10044\/revisions\/10049"}],"wp:featuredmedia":[{"embeddable":true,"href":"https:\/\/diariotribuna.com.br\/index.php?rest_route=\/wp\/v2\/media\/10045"}],"wp:attachment":[{"href":"https:\/\/diariotribuna.com.br\/index.php?rest_route=%2Fwp%2Fv2%2Fmedia&parent=10044"}],"wp:term":[{"taxonomy":"category","embeddable":true,"href":"https:\/\/diariotribuna.com.br\/index.php?rest_route=%2Fwp%2Fv2%2Fcategories&post=10044"},{"taxonomy":"post_tag","embeddable":true,"href":"https:\/\/diariotribuna.com.br\/index.php?rest_route=%2Fwp%2Fv2%2Ftags&post=10044"}],"curies":[{"name":"wp","href":"https:\/\/api.w.org\/{rel}","templated":true}]}}