{"id":10050,"date":"2021-05-18T11:47:43","date_gmt":"2021-05-18T14:47:43","guid":{"rendered":"https:\/\/diariotribuna.com.br\/?p=10050"},"modified":"2021-05-18T11:47:45","modified_gmt":"2021-05-18T14:47:45","slug":"teofilo-otoni-contabiliza-302-obitos-por-complicacoes-causadas-pela-covid-19","status":"publish","type":"post","link":"https:\/\/diariotribuna.com.br\/?p=10050","title":{"rendered":"Te\u00f3filo Otoni contabiliza 302 \u00f3bitos por complica\u00e7\u00f5es causadas pela covid-19"},"content":{"rendered":"\n<figure class=\"wp-block-image size-large is-resized is-style-default\"><img loading=\"lazy\" decoding=\"async\" src=\"https:\/\/diariotribuna.com.br\/wp-content\/uploads\/2021\/05\/90127239_2607949282827065_4095575144385216512_n.jpg\" alt=\"\" class=\"wp-image-10051\" width=\"482\" height=\"270\" srcset=\"https:\/\/diariotribuna.com.br\/wp-content\/uploads\/2021\/05\/90127239_2607949282827065_4095575144385216512_n.jpg 600w, https:\/\/diariotribuna.com.br\/wp-content\/uploads\/2021\/05\/90127239_2607949282827065_4095575144385216512_n-300x168.jpg 300w\" sizes=\"(max-width: 482px) 100vw, 482px\" \/><\/figure>\n\n\n\n<p>A Secretaria Municipal de Sa\u00fade divulgou boletim epidemiol\u00f3gico na noite desta segunda-feira (17\/05\/21) confirmando 10.979 casos positivos de Covid-19 em Te\u00f3filo Otoni, 46 a mais nas \u00faltimas 24 horas, e contabiliza <strong>mais 03 \u00f3bitos <\/strong>por complica\u00e7\u00f5es causadas pelo coronav\u00edrus, <strong>totalizando 302<\/strong>, tendo 02 \u00f3bitos em investiga\u00e7\u00e3o. O boletim informa ainda, que tem 475 casos ativos, 10.950 recuperados, e 24.230 casos suspeitos foram descartados.<\/p>\n\n\n\n<p><strong>Os \u00faltimos 03 \u00f3bitos ocorreram nos dias 09, 15 e 16 de maio\/2021.<\/strong> <strong>O primeiro<\/strong> \u00e9 de um homem de 54 anos, que estava internado na UPA 24 Horas (Avenida Get\u00falio Vargas). <strong>O segundo<\/strong> \u00e9 de um homem de 59 anos, que estava internado no Hospital Santa Ros\u00e1lia. <strong>O terceiro<\/strong> \u00f3bito \u00e9 de um homem de 47 anos, que estava internado no Hospital Santa Ros\u00e1lia. A secretaria informa que, todos os tr\u00eas pacientes receberam assist\u00eancia e tratamentos necess\u00e1rios, e tiveram os resultados confirmados por RT-PCR<\/p>\n\n\n\n<p><strong>Interna\u00e7\u00f5es at\u00e9 (17\/05):<\/strong> Pelo SUS, Conv\u00eanio e Particular tem 40 leitos de UTI Covid e 36 est\u00e3o ocupados, sendo 22 pacientes de Te\u00f3filo Otoni e 14 de outros munic\u00edpios (90,00% de ocupa\u00e7\u00e3o). Tem 106 leitos de Enfermaria Covid e 41 est\u00e3o ocupados, sendo 28 pacientes de Te\u00f3filo Otoni e 13 de outros munic\u00edpios (38,67% de ocupa\u00e7\u00e3o).<\/p>\n\n\n\n<p><strong>Vacin\u00f4metro:<\/strong> dados atualizados na quinta-feira (06\/05) mostram que j\u00e1 foram aplicadas 28.361 doses de vacina contra a Covid-19 (1\u00aa dose), e 11.930 doses (na 2\u00aa).<\/p>\n","protected":false},"excerpt":{"rendered":"<p>A Secretaria Municipal de Sa\u00fade divulgou boletim epidemiol\u00f3gico na noite desta segunda-feira (17\/05\/21) confirmando 10.979 casos positivos de Covid-19 em Te\u00f3filo Otoni, 46 a mais nas \u00faltimas 24 horas, e contabiliza mais 03 \u00f3bitos por complica\u00e7\u00f5es causadas pelo coronav\u00edrus, totalizando 302, tendo 02 \u00f3bitos em investiga\u00e7\u00e3o. O boletim informa ainda, que tem 475 casos ativos, [&hellip;]<\/p>\n","protected":false},"author":1,"featured_media":10051,"comment_status":"open","ping_status":"open","sticky":false,"template":"","format":"standard","meta":{"rop_custom_images_group":[],"rop_custom_messages_group":[],"rop_publish_now":"initial","rop_publish_now_accounts":[],"rop_publish_now_history":[],"rop_publish_now_status":"pending","footnotes":""},"categories":[192],"tags":[3110,489,84,75],"class_list":["post-10050","post","type-post","status-publish","format-standard","has-post-thumbnail","hentry","category-covid19","tag-17-05-21","tag-boletim-epidemiologico","tag-covid-19","tag-teofilo-otoni"],"_links":{"self":[{"href":"https:\/\/diariotribuna.com.br\/index.php?rest_route=\/wp\/v2\/posts\/10050"}],"collection":[{"href":"https:\/\/diariotribuna.com.br\/index.php?rest_route=\/wp\/v2\/posts"}],"about":[{"href":"https:\/\/diariotribuna.com.br\/index.php?rest_route=\/wp\/v2\/types\/post"}],"author":[{"embeddable":true,"href":"https:\/\/diariotribuna.com.br\/index.php?rest_route=\/wp\/v2\/users\/1"}],"replies":[{"embeddable":true,"href":"https:\/\/diariotribuna.com.br\/index.php?rest_route=%2Fwp%2Fv2%2Fcomments&post=10050"}],"version-history":[{"count":1,"href":"https:\/\/diariotribuna.com.br\/index.php?rest_route=\/wp\/v2\/posts\/10050\/revisions"}],"predecessor-version":[{"id":10052,"href":"https:\/\/diariotribuna.com.br\/index.php?rest_route=\/wp\/v2\/posts\/10050\/revisions\/10052"}],"wp:featuredmedia":[{"embeddable":true,"href":"https:\/\/diariotribuna.com.br\/index.php?rest_route=\/wp\/v2\/media\/10051"}],"wp:attachment":[{"href":"https:\/\/diariotribuna.com.br\/index.php?rest_route=%2Fwp%2Fv2%2Fmedia&parent=10050"}],"wp:term":[{"taxonomy":"category","embeddable":true,"href":"https:\/\/diariotribuna.com.br\/index.php?rest_route=%2Fwp%2Fv2%2Fcategories&post=10050"},{"taxonomy":"post_tag","embeddable":true,"href":"https:\/\/diariotribuna.com.br\/index.php?rest_route=%2Fwp%2Fv2%2Ftags&post=10050"}],"curies":[{"name":"wp","href":"https:\/\/api.w.org\/{rel}","templated":true}]}}