{"id":10053,"date":"2021-05-18T22:51:44","date_gmt":"2021-05-19T01:51:44","guid":{"rendered":"https:\/\/diariotribuna.com.br\/?p=10053"},"modified":"2021-05-18T22:53:58","modified_gmt":"2021-05-19T01:53:58","slug":"empresaria-de-teofilo-otoni-e-presa-suspeita-de-receptacao-de-produtos-furtados","status":"publish","type":"post","link":"https:\/\/diariotribuna.com.br\/?p=10053","title":{"rendered":"Empres\u00e1ria de Te\u00f3filo Otoni \u00e9 presa suspeita de recepta\u00e7\u00e3o de produtos furtados"},"content":{"rendered":"\n<h4 class=\"wp-block-heading\"><strong><em>A empres\u00e1ria, de 36 anos, foi presa em Belo Horizonte, junto com o suspeito de ser o l\u00edder do grupo criminoso<\/em><\/strong><\/h4>\n\n\n\n<figure class=\"wp-block-image size-large is-resized is-style-default\"><img loading=\"lazy\" decoding=\"async\" src=\"https:\/\/diariotribuna.com.br\/wp-content\/uploads\/2021\/05\/1-5.jpg\" alt=\"\" class=\"wp-image-10054\" width=\"513\" height=\"366\" srcset=\"https:\/\/diariotribuna.com.br\/wp-content\/uploads\/2021\/05\/1-5.jpg 700w, https:\/\/diariotribuna.com.br\/wp-content\/uploads\/2021\/05\/1-5-300x214.jpg 300w, https:\/\/diariotribuna.com.br\/wp-content\/uploads\/2021\/05\/1-5-100x70.jpg 100w, https:\/\/diariotribuna.com.br\/wp-content\/uploads\/2021\/05\/1-5-696x497.jpg 696w, https:\/\/diariotribuna.com.br\/wp-content\/uploads\/2021\/05\/1-5-588x420.jpg 588w\" sizes=\"(max-width: 513px) 100vw, 513px\" \/><\/figure>\n\n\n\n<p>A Pol\u00edcia Civil de Minas Gerais prendeu, na segunda-feira (17\/05), um homem de 38 anos, e uma mulher de 36, no Bairro Para\u00edso, em Belo Horizonte. Levantamentos apontam que o suspeito, morador do Bairro Serra, capital, seria o l\u00edder de um grupo criminoso envolvido no furto de notebooks, e a mulher, empres\u00e1ria em Te\u00f3filo Otoni, regi\u00e3o do Vale do Mucuri, uma das principais receptadoras desses equipamentos. Durante a a\u00e7\u00e3o policial, ainda foram recuperados 18 notebooks.<\/p>\n\n\n\n<p>Os suspeitos foram identificados durante investiga\u00e7\u00f5es sobre arrombamentos e furtos em ve\u00edculos nos bairros Buritis e Estoril. Conforme apurado, os criminosos agiam quebrando o vidro de carros estacionados em via p\u00fablica para furtar notebooks e outros equipamentos que estivessem dentro dos ve\u00edculos.<\/p>\n\n\n\n<p>A pris\u00e3o da dupla ocorreu ap\u00f3s a identifica\u00e7\u00e3o da empres\u00e1ria, que possui duas lojas especializadas em equipamentos de uma marca norte-americana. A mulher foi flagrada na capital mineira, onde fazia a compra dos produtos furtados, no momento em que a transa\u00e7\u00e3o estava sendo efetivada. Por meio de monitoramento dessa suspeita, os policiais civis interceptaram dois ve\u00edculos, onde estavam diversos notebooks.<\/p>\n\n\n\n<p>O delegado regional R\u00f4mulo Dias ressalta que a organiza\u00e7\u00e3o criminosa, tanto lideran\u00e7a quanto a parte operacional, j\u00e1 foi identificada. \u201cConseguimos apurar que houve a pr\u00e1tica de, mais ou menos, 50 casos, de janeiro at\u00e9 este m\u00eas. Durante as investiga\u00e7\u00f5es, conseguimos, inclusive, as imagens da atua\u00e7\u00e3o dos grupos\u201d, conta.<\/p>\n\n\n\n<figure class=\"wp-block-gallery columns-2 is-cropped wp-block-gallery-1 is-layout-flex wp-block-gallery-is-layout-flex\"><ul class=\"blocks-gallery-grid\"><li class=\"blocks-gallery-item\"><figure><img loading=\"lazy\" decoding=\"async\" width=\"700\" height=\"459\" src=\"https:\/\/diariotribuna.com.br\/wp-content\/uploads\/2021\/05\/3-6.jpg\" alt=\"\" data-id=\"10057\" data-full-url=\"https:\/\/diariotribuna.com.br\/wp-content\/uploads\/2021\/05\/3-6.jpg\" data-link=\"https:\/\/diariotribuna.com.br\/?attachment_id=10057\" class=\"wp-image-10057\" srcset=\"https:\/\/diariotribuna.com.br\/wp-content\/uploads\/2021\/05\/3-6.jpg 700w, https:\/\/diariotribuna.com.br\/wp-content\/uploads\/2021\/05\/3-6-300x197.jpg 300w, https:\/\/diariotribuna.com.br\/wp-content\/uploads\/2021\/05\/3-6-696x456.jpg 696w, https:\/\/diariotribuna.com.br\/wp-content\/uploads\/2021\/05\/3-6-641x420.jpg 641w\" sizes=\"(max-width: 700px) 100vw, 700px\" \/><\/figure><\/li><li class=\"blocks-gallery-item\"><figure><img loading=\"lazy\" decoding=\"async\" width=\"1024\" height=\"508\" src=\"https:\/\/diariotribuna.com.br\/wp-content\/uploads\/2021\/05\/2-6-1024x508.jpg\" alt=\"\" data-id=\"10058\" data-full-url=\"https:\/\/diariotribuna.com.br\/wp-content\/uploads\/2021\/05\/2-6.jpg\" data-link=\"https:\/\/diariotribuna.com.br\/?attachment_id=10058\" class=\"wp-image-10058\" srcset=\"https:\/\/diariotribuna.com.br\/wp-content\/uploads\/2021\/05\/2-6-1024x508.jpg 1024w, https:\/\/diariotribuna.com.br\/wp-content\/uploads\/2021\/05\/2-6-300x149.jpg 300w, https:\/\/diariotribuna.com.br\/wp-content\/uploads\/2021\/05\/2-6-768x381.jpg 768w, https:\/\/diariotribuna.com.br\/wp-content\/uploads\/2021\/05\/2-6-324x160.jpg 324w, https:\/\/diariotribuna.com.br\/wp-content\/uploads\/2021\/05\/2-6-696x345.jpg 696w, https:\/\/diariotribuna.com.br\/wp-content\/uploads\/2021\/05\/2-6-1068x530.jpg 1068w, https:\/\/diariotribuna.com.br\/wp-content\/uploads\/2021\/05\/2-6-847x420.jpg 847w, https:\/\/diariotribuna.com.br\/wp-content\/uploads\/2021\/05\/2-6.jpg 1155w\" sizes=\"(max-width: 1024px) 100vw, 1024px\" \/><\/figure><\/li><\/ul><\/figure>\n\n\n\n<p>A pol\u00edcia j\u00e1 iniciou os levantamentos para identifica\u00e7\u00e3o dos propriet\u00e1rios dos notebooks recuperados para a posterior restitui\u00e7\u00e3o dos bens. As investiga\u00e7\u00f5es foram conduzidas pela 4\u00aa Delegacia de Pol\u00edcia Civil\/ Barreiro\/ Belo Horizonte.<\/p>\n\n\n\n<p><strong>(Informa\u00e7\u00f5es\/Fotos: PCMG)<\/strong><\/p>\n","protected":false},"excerpt":{"rendered":"<p>A empres\u00e1ria, de 36 anos, foi presa em Belo Horizonte, junto com o suspeito de ser o l\u00edder do grupo criminoso A Pol\u00edcia Civil de Minas Gerais prendeu, na segunda-feira (17\/05), um homem de 38 anos, e uma mulher de 36, no Bairro Para\u00edso, em Belo Horizonte. Levantamentos apontam que o suspeito, morador do Bairro [&hellip;]<\/p>\n","protected":false},"author":1,"featured_media":10054,"comment_status":"open","ping_status":"open","sticky":false,"template":"","format":"standard","meta":{"rop_custom_images_group":[],"rop_custom_messages_group":[],"rop_publish_now":"initial","rop_publish_now_accounts":[],"rop_publish_now_history":[],"rop_publish_now_status":"pending","footnotes":""},"categories":[25,20],"tags":[1704,3121,3122,488,75],"class_list":["post-10053","post","type-post","status-publish","format-standard","has-post-thumbnail","hentry","category-destaque","category-policia","tag-empresaria","tag-presa-em-bh","tag-produtos-furtados","tag-receptacao","tag-teofilo-otoni"],"_links":{"self":[{"href":"https:\/\/diariotribuna.com.br\/index.php?rest_route=\/wp\/v2\/posts\/10053"}],"collection":[{"href":"https:\/\/diariotribuna.com.br\/index.php?rest_route=\/wp\/v2\/posts"}],"about":[{"href":"https:\/\/diariotribuna.com.br\/index.php?rest_route=\/wp\/v2\/types\/post"}],"author":[{"embeddable":true,"href":"https:\/\/diariotribuna.com.br\/index.php?rest_route=\/wp\/v2\/users\/1"}],"replies":[{"embeddable":true,"href":"https:\/\/diariotribuna.com.br\/index.php?rest_route=%2Fwp%2Fv2%2Fcomments&post=10053"}],"version-history":[{"count":2,"href":"https:\/\/diariotribuna.com.br\/index.php?rest_route=\/wp\/v2\/posts\/10053\/revisions"}],"predecessor-version":[{"id":10061,"href":"https:\/\/diariotribuna.com.br\/index.php?rest_route=\/wp\/v2\/posts\/10053\/revisions\/10061"}],"wp:featuredmedia":[{"embeddable":true,"href":"https:\/\/diariotribuna.com.br\/index.php?rest_route=\/wp\/v2\/media\/10054"}],"wp:attachment":[{"href":"https:\/\/diariotribuna.com.br\/index.php?rest_route=%2Fwp%2Fv2%2Fmedia&parent=10053"}],"wp:term":[{"taxonomy":"category","embeddable":true,"href":"https:\/\/diariotribuna.com.br\/index.php?rest_route=%2Fwp%2Fv2%2Fcategories&post=10053"},{"taxonomy":"post_tag","embeddable":true,"href":"https:\/\/diariotribuna.com.br\/index.php?rest_route=%2Fwp%2Fv2%2Ftags&post=10053"}],"curies":[{"name":"wp","href":"https:\/\/api.w.org\/{rel}","templated":true}]}}