{"id":10062,"date":"2021-05-18T23:32:00","date_gmt":"2021-05-19T02:32:00","guid":{"rendered":"https:\/\/diariotribuna.com.br\/?p=10062"},"modified":"2021-05-19T23:30:47","modified_gmt":"2021-05-20T02:30:47","slug":"pcmg-conclui-inquerito-de-tentativa-de-homicidio-de-filha-contra-mae-em-malacacheta","status":"publish","type":"post","link":"https:\/\/diariotribuna.com.br\/?p=10062","title":{"rendered":"PCMG conclui inqu\u00e9rito de tentativa de homic\u00eddio de filha contra m\u00e3e em Malacacheta"},"content":{"rendered":"\n<figure class=\"wp-block-image size-large is-resized is-style-default\"><img loading=\"lazy\" decoding=\"async\" src=\"https:\/\/diariotribuna.com.br\/wp-content\/uploads\/2021\/05\/unnamed-file-1.jpeg\" alt=\"\" class=\"wp-image-10063\" width=\"445\" height=\"350\" srcset=\"https:\/\/diariotribuna.com.br\/wp-content\/uploads\/2021\/05\/unnamed-file-1.jpeg 700w, https:\/\/diariotribuna.com.br\/wp-content\/uploads\/2021\/05\/unnamed-file-1-300x236.jpeg 300w, https:\/\/diariotribuna.com.br\/wp-content\/uploads\/2021\/05\/unnamed-file-1-696x548.jpeg 696w, https:\/\/diariotribuna.com.br\/wp-content\/uploads\/2021\/05\/unnamed-file-1-534x420.jpeg 534w\" sizes=\"(max-width: 445px) 100vw, 445px\" \/><\/figure>\n\n\n\n<p>A Pol\u00edcia Civil de Minas Gerais concluiu as investiga\u00e7\u00f5es referentes \u00e0 tentativa de homic\u00eddio de uma mulher, de 51 anos, sendo os investigados a filha da v\u00edtima, de 15 anos, e um sobrinho, de 18. O crime ocorreu no dia 5 de maio deste ano no Distrito de Junco de Minas, em Malacacheta. \u00c0 \u00e9poca dos fatos, a Pol\u00edcia Militar localizou os suspeitos, sendo o rapaz preso e a adolescente apreendida.<\/p>\n\n\n\n<p>Conforme apurado, a adolescente j\u00e1 havia planejado a morte da m\u00e3e com um m\u00eas de anteced\u00eancia. Tr\u00eas dias antes, a jovem ainda contou os planos ao primo, que a auxiliou na execu\u00e7\u00e3o. De acordo com as investiga\u00e7\u00f5es, no dia dos fatos, a adolescente deu \u00e0 m\u00e3e uma dose excessiva do medicamento que a v\u00edtima fazia uso para dormir. Em seguida, o primo usou a al\u00e7a de uma bolsa para estrangular a tia, enquanto a adolescente, com um martelo, desferiu golpes na cabe\u00e7a da m\u00e3e.<\/p>\n\n\n\n<p>Ap\u00f3s a agress\u00e3o, os primos fugiram, deixando a v\u00edtima ensanguentada. Uma testemunha afirma que, nesse momento, os dois passaram rindo pela via principal do distrito de Junco de Minas. Decorrido um tempo, a v\u00edtima conseguiu sair de casa e ir at\u00e9 um bar pr\u00f3ximo, onde foram acionadas uma ambul\u00e2ncia e a Pol\u00edcia Militar, sendo ela socorrida.<\/p>\n\n\n\n<pre class=\"wp-block-verse\">O jovem de 18 anos, indiciado pela tentativa de homic\u00eddio, est\u00e1 no sistema prisional, e a adolescente em unidade socioeducativa. <strong>(Informa\u00e7\u00f5es\/Foto: PCMG)<\/strong><\/pre>\n\n\n\n<p><strong>Relembre o ocorrido &#8211;<\/strong> Na \u00e9poca dos fatos, equipe do Samu prestou os primeiros socorros \u00e0 v\u00edtima, que apresentava corte profundo na nuca, ferimentos na cabe\u00e7a, e muito inchada, com aparente fratura na m\u00e3o esquerda. Ela estava em estado grave, devido aos ferimentos, apenas conseguiu informar \u00e0 PM que os autores seriam sua filha e seu sobrinho. Os policiais fizeram buscas pela regi\u00e3o e localizaram os autores em uma estrada distante 05 quil\u00f4metros do local dos fatos.<\/p>\n\n\n\n<p>Ao ser apreendida, a menor informou \u00e0 PM que n\u00e3o estava se relacionando bem com a m\u00e3e. Ela n\u00e3o a estaria deixando sair de casa para passear na rua, que h\u00e1 cerca de 30 dias come\u00e7ou a planejar mat\u00e1-la, e convidou seu primo para ajud\u00e1-la a praticar o delito. Enquanto a m\u00e3e dormia os dois agiram, tentando enforc\u00e1-la e desferindo golpes com uso de um martelo na cabe\u00e7a e outras partes do corpo da v\u00edtima, causando graves les\u00f5es, fugindo em seguida, mas os dois foram capturados, sendo o maior preso e a menor apreendida, ambos confessaram autoria.<\/p>\n\n\n\n<p>O delegado plantonista, dr. Robert Sales ratificou a pris\u00e3o do maior, e ele foi encaminhado ao pres\u00eddio local. J\u00e1 a adolescente o delegado representou pela sua interna\u00e7\u00e3o, o que foi deferido pela justi\u00e7a e ela foi encaminhada ainda, na quinta-feira (06\/05), para Belo Horizonte, porque em Te\u00f3filo Otoni n\u00e3o tem local apropriado para internar adolescente do sexo feminino.<\/p>\n","protected":false},"excerpt":{"rendered":"<p>A Pol\u00edcia Civil de Minas Gerais concluiu as investiga\u00e7\u00f5es referentes \u00e0 tentativa de homic\u00eddio de uma mulher, de 51 anos, sendo os investigados a filha da v\u00edtima, de 15 anos, e um sobrinho, de 18. O crime ocorreu no dia 5 de maio deste ano no Distrito de Junco de Minas, em Malacacheta. \u00c0 \u00e9poca [&hellip;]<\/p>\n","protected":false},"author":1,"featured_media":10063,"comment_status":"open","ping_status":"open","sticky":false,"template":"","format":"standard","meta":{"rop_custom_images_group":[],"rop_custom_messages_group":[],"rop_publish_now":"initial","rop_publish_now_accounts":[],"rop_publish_now_history":[],"rop_publish_now_status":"pending","footnotes":""},"categories":[25,20],"tags":[3064,3125,3124,444,3123,292,2043],"class_list":["post-10062","post","type-post","status-publish","format-standard","has-post-thumbnail","hentry","category-destaque","category-policia","tag-filha-tenta-matar-a-mae","tag-fim-de-ip","tag-indiciados","tag-malacacheta","tag-menor-de-15-anos","tag-policia-civil","tag-tentativa-de-homicidio"],"_links":{"self":[{"href":"https:\/\/diariotribuna.com.br\/index.php?rest_route=\/wp\/v2\/posts\/10062"}],"collection":[{"href":"https:\/\/diariotribuna.com.br\/index.php?rest_route=\/wp\/v2\/posts"}],"about":[{"href":"https:\/\/diariotribuna.com.br\/index.php?rest_route=\/wp\/v2\/types\/post"}],"author":[{"embeddable":true,"href":"https:\/\/diariotribuna.com.br\/index.php?rest_route=\/wp\/v2\/users\/1"}],"replies":[{"embeddable":true,"href":"https:\/\/diariotribuna.com.br\/index.php?rest_route=%2Fwp%2Fv2%2Fcomments&post=10062"}],"version-history":[{"count":2,"href":"https:\/\/diariotribuna.com.br\/index.php?rest_route=\/wp\/v2\/posts\/10062\/revisions"}],"predecessor-version":[{"id":10104,"href":"https:\/\/diariotribuna.com.br\/index.php?rest_route=\/wp\/v2\/posts\/10062\/revisions\/10104"}],"wp:featuredmedia":[{"embeddable":true,"href":"https:\/\/diariotribuna.com.br\/index.php?rest_route=\/wp\/v2\/media\/10063"}],"wp:attachment":[{"href":"https:\/\/diariotribuna.com.br\/index.php?rest_route=%2Fwp%2Fv2%2Fmedia&parent=10062"}],"wp:term":[{"taxonomy":"category","embeddable":true,"href":"https:\/\/diariotribuna.com.br\/index.php?rest_route=%2Fwp%2Fv2%2Fcategories&post=10062"},{"taxonomy":"post_tag","embeddable":true,"href":"https:\/\/diariotribuna.com.br\/index.php?rest_route=%2Fwp%2Fv2%2Ftags&post=10062"}],"curies":[{"name":"wp","href":"https:\/\/api.w.org\/{rel}","templated":true}]}}