{"id":10073,"date":"2021-05-19T02:10:05","date_gmt":"2021-05-19T05:10:05","guid":{"rendered":"https:\/\/diariotribuna.com.br\/?p=10073"},"modified":"2021-05-19T02:10:05","modified_gmt":"2021-05-19T05:10:05","slug":"amor-criatividade-e-celebracao-do-dia-das-maes-no-tempo-feliz","status":"publish","type":"post","link":"https:\/\/diariotribuna.com.br\/?p=10073","title":{"rendered":"Amor, criatividade e celebra\u00e7\u00e3o do dia das m\u00e3es no Tempo feliz"},"content":{"rendered":"\n<figure class=\"wp-block-gallery columns-3 is-cropped wp-block-gallery-1 is-layout-flex wp-block-gallery-is-layout-flex\"><ul class=\"blocks-gallery-grid\"><li class=\"blocks-gallery-item\"><figure><img loading=\"lazy\" decoding=\"async\" width=\"600\" height=\"409\" src=\"https:\/\/diariotribuna.com.br\/wp-content\/uploads\/2021\/05\/3-8.jpg\" alt=\"\" data-id=\"10074\" data-link=\"https:\/\/diariotribuna.com.br\/?attachment_id=10074\" class=\"wp-image-10074\" srcset=\"https:\/\/diariotribuna.com.br\/wp-content\/uploads\/2021\/05\/3-8.jpg 600w, https:\/\/diariotribuna.com.br\/wp-content\/uploads\/2021\/05\/3-8-300x205.jpg 300w, https:\/\/diariotribuna.com.br\/wp-content\/uploads\/2021\/05\/3-8-218x150.jpg 218w\" sizes=\"(max-width: 600px) 100vw, 600px\" \/><\/figure><\/li><li class=\"blocks-gallery-item\"><figure><img loading=\"lazy\" decoding=\"async\" width=\"600\" height=\"434\" src=\"https:\/\/diariotribuna.com.br\/wp-content\/uploads\/2021\/05\/2-8.jpg\" alt=\"\" data-id=\"10076\" data-link=\"https:\/\/diariotribuna.com.br\/?attachment_id=10076\" class=\"wp-image-10076\" srcset=\"https:\/\/diariotribuna.com.br\/wp-content\/uploads\/2021\/05\/2-8.jpg 600w, https:\/\/diariotribuna.com.br\/wp-content\/uploads\/2021\/05\/2-8-300x217.jpg 300w, https:\/\/diariotribuna.com.br\/wp-content\/uploads\/2021\/05\/2-8-324x235.jpg 324w, https:\/\/diariotribuna.com.br\/wp-content\/uploads\/2021\/05\/2-8-581x420.jpg 581w\" sizes=\"(max-width: 600px) 100vw, 600px\" \/><\/figure><\/li><li class=\"blocks-gallery-item\"><figure><img loading=\"lazy\" decoding=\"async\" width=\"700\" height=\"449\" src=\"https:\/\/diariotribuna.com.br\/wp-content\/uploads\/2021\/05\/5-2.jpg\" alt=\"\" data-id=\"10078\" data-full-url=\"https:\/\/diariotribuna.com.br\/wp-content\/uploads\/2021\/05\/5-2.jpg\" data-link=\"https:\/\/diariotribuna.com.br\/?attachment_id=10078\" class=\"wp-image-10078\" srcset=\"https:\/\/diariotribuna.com.br\/wp-content\/uploads\/2021\/05\/5-2.jpg 700w, https:\/\/diariotribuna.com.br\/wp-content\/uploads\/2021\/05\/5-2-300x192.jpg 300w, https:\/\/diariotribuna.com.br\/wp-content\/uploads\/2021\/05\/5-2-696x446.jpg 696w, https:\/\/diariotribuna.com.br\/wp-content\/uploads\/2021\/05\/5-2-655x420.jpg 655w\" sizes=\"(max-width: 700px) 100vw, 700px\" \/><\/figure><\/li><li class=\"blocks-gallery-item\"><figure><img loading=\"lazy\" decoding=\"async\" width=\"700\" height=\"451\" src=\"https:\/\/diariotribuna.com.br\/wp-content\/uploads\/2021\/05\/4-4.jpg\" alt=\"\" data-id=\"10077\" data-link=\"https:\/\/diariotribuna.com.br\/?attachment_id=10077\" class=\"wp-image-10077\" srcset=\"https:\/\/diariotribuna.com.br\/wp-content\/uploads\/2021\/05\/4-4.jpg 700w, https:\/\/diariotribuna.com.br\/wp-content\/uploads\/2021\/05\/4-4-300x193.jpg 300w, https:\/\/diariotribuna.com.br\/wp-content\/uploads\/2021\/05\/4-4-696x448.jpg 696w, https:\/\/diariotribuna.com.br\/wp-content\/uploads\/2021\/05\/4-4-652x420.jpg 652w\" sizes=\"(max-width: 700px) 100vw, 700px\" \/><\/figure><\/li><li class=\"blocks-gallery-item\"><figure><img loading=\"lazy\" decoding=\"async\" width=\"700\" height=\"472\" src=\"https:\/\/diariotribuna.com.br\/wp-content\/uploads\/2021\/05\/1-7.jpg\" alt=\"\" data-id=\"10075\" data-link=\"https:\/\/diariotribuna.com.br\/?attachment_id=10075\" class=\"wp-image-10075\" srcset=\"https:\/\/diariotribuna.com.br\/wp-content\/uploads\/2021\/05\/1-7.jpg 700w, https:\/\/diariotribuna.com.br\/wp-content\/uploads\/2021\/05\/1-7-300x202.jpg 300w, https:\/\/diariotribuna.com.br\/wp-content\/uploads\/2021\/05\/1-7-696x469.jpg 696w, https:\/\/diariotribuna.com.br\/wp-content\/uploads\/2021\/05\/1-7-623x420.jpg 623w\" sizes=\"(max-width: 700px) 100vw, 700px\" \/><\/figure><\/li><\/ul><\/figure>\n\n\n\n<p>Com uma programa\u00e7\u00e3o \u201cdiferente\u201d, o Dia das M\u00e3es foi comemorado na Unidade Tempo Feliz, na sexta-feira (07\/05). No hor\u00e1rio das 14h \u00e0s 16h, a crian\u00e7a e a m\u00e3e (ou a pessoa que a representou) foram at\u00e9 a Escola, para diminuir a saudade do espa\u00e7o e das professoras, e para a celebra\u00e7\u00e3o do Dia das M\u00e3es.<\/p>\n\n\n\n<p>O convite \u00e0s m\u00e3es foi aliado a a\u00e7\u00f5es seguras, visando a sa\u00fade e o bem-estar de todos. Seguindo todos os protocolos recomendados pelas autoridades em sa\u00fade, crian\u00e7as e mam\u00e3es, utilizando m\u00e1scaras, foram recebidas no port\u00e3o principal da secretaria, onde havia \u00e1lcool 70% para a higieniza\u00e7\u00e3o das m\u00e3os e foi feita a aferi\u00e7\u00e3o da temperatura.<\/p>\n\n\n\n<p>Por 10 minutos, crian\u00e7as e m\u00e3es circularam pela Escola num percurso pr\u00e9-definido e encontraram-se com as professoras, conversaram e amenizaram a saudade que est\u00e1, h\u00e1 meses, represada no cora\u00e7\u00e3o de todos. As mam\u00e3es receberam um mimo e ficaram felizes e emocionadas.<\/p>\n\n\n\n<p>As crian\u00e7as correram, brincaram no campo, nas \u00e1reas da escola, reviram os colegas aproveitaram do imenso espa\u00e7o, tiraram fotos com os personagens do \u201ctrenzinho\u201d, comeram pipoca e algod\u00e3o doce, posaram com as m\u00e3es e as professoras para fotos, desfrutando de toda liberdade que tiveram durante esse tempo.<\/p>\n\n\n\n<p>Como a felicidade de m\u00e3e \u00e9 ver a felicidade dos filhos, as homenageadas ficaram muito satisfeitas ao contemplarem a alegria da garotada. Foi um tempo curto, mas com a grandiosidade de um per\u00edodo de qualidade, com divers\u00e3o garantida e envolvida pelo amor incondicional das mam\u00e3es.<\/p>\n\n\n\n<figure class=\"wp-block-gallery columns-5 is-cropped wp-block-gallery-2 is-layout-flex wp-block-gallery-is-layout-flex\"><ul class=\"blocks-gallery-grid\"><li class=\"blocks-gallery-item\"><figure><img loading=\"lazy\" decoding=\"async\" width=\"700\" height=\"514\" src=\"https:\/\/diariotribuna.com.br\/wp-content\/uploads\/2021\/05\/Tempo-Feliz-Dia-das-Maes-2021-113.jpg\" alt=\"\" data-id=\"10079\" data-full-url=\"https:\/\/diariotribuna.com.br\/wp-content\/uploads\/2021\/05\/Tempo-Feliz-Dia-das-Maes-2021-113.jpg\" data-link=\"https:\/\/diariotribuna.com.br\/?attachment_id=10079\" class=\"wp-image-10079\" srcset=\"https:\/\/diariotribuna.com.br\/wp-content\/uploads\/2021\/05\/Tempo-Feliz-Dia-das-Maes-2021-113.jpg 700w, https:\/\/diariotribuna.com.br\/wp-content\/uploads\/2021\/05\/Tempo-Feliz-Dia-das-Maes-2021-113-300x220.jpg 300w, https:\/\/diariotribuna.com.br\/wp-content\/uploads\/2021\/05\/Tempo-Feliz-Dia-das-Maes-2021-113-80x60.jpg 80w, https:\/\/diariotribuna.com.br\/wp-content\/uploads\/2021\/05\/Tempo-Feliz-Dia-das-Maes-2021-113-696x511.jpg 696w, https:\/\/diariotribuna.com.br\/wp-content\/uploads\/2021\/05\/Tempo-Feliz-Dia-das-Maes-2021-113-572x420.jpg 572w\" sizes=\"(max-width: 700px) 100vw, 700px\" \/><\/figure><\/li><li class=\"blocks-gallery-item\"><figure><img loading=\"lazy\" decoding=\"async\" width=\"700\" height=\"528\" src=\"https:\/\/diariotribuna.com.br\/wp-content\/uploads\/2021\/05\/Tempo-Feliz-Dia-das-Maes-2021-120.jpg\" alt=\"\" data-id=\"10080\" data-full-url=\"https:\/\/diariotribuna.com.br\/wp-content\/uploads\/2021\/05\/Tempo-Feliz-Dia-das-Maes-2021-120.jpg\" data-link=\"https:\/\/diariotribuna.com.br\/?attachment_id=10080\" class=\"wp-image-10080\" srcset=\"https:\/\/diariotribuna.com.br\/wp-content\/uploads\/2021\/05\/Tempo-Feliz-Dia-das-Maes-2021-120.jpg 700w, https:\/\/diariotribuna.com.br\/wp-content\/uploads\/2021\/05\/Tempo-Feliz-Dia-das-Maes-2021-120-300x226.jpg 300w, https:\/\/diariotribuna.com.br\/wp-content\/uploads\/2021\/05\/Tempo-Feliz-Dia-das-Maes-2021-120-80x60.jpg 80w, https:\/\/diariotribuna.com.br\/wp-content\/uploads\/2021\/05\/Tempo-Feliz-Dia-das-Maes-2021-120-696x525.jpg 696w, https:\/\/diariotribuna.com.br\/wp-content\/uploads\/2021\/05\/Tempo-Feliz-Dia-das-Maes-2021-120-557x420.jpg 557w\" sizes=\"(max-width: 700px) 100vw, 700px\" \/><\/figure><\/li><li class=\"blocks-gallery-item\"><figure><img loading=\"lazy\" decoding=\"async\" width=\"700\" height=\"471\" src=\"https:\/\/diariotribuna.com.br\/wp-content\/uploads\/2021\/05\/Tempo-Feliz-Dia-das-Maes-2021-131.jpg\" alt=\"\" data-id=\"10081\" data-full-url=\"https:\/\/diariotribuna.com.br\/wp-content\/uploads\/2021\/05\/Tempo-Feliz-Dia-das-Maes-2021-131.jpg\" data-link=\"https:\/\/diariotribuna.com.br\/?attachment_id=10081\" class=\"wp-image-10081\" srcset=\"https:\/\/diariotribuna.com.br\/wp-content\/uploads\/2021\/05\/Tempo-Feliz-Dia-das-Maes-2021-131.jpg 700w, https:\/\/diariotribuna.com.br\/wp-content\/uploads\/2021\/05\/Tempo-Feliz-Dia-das-Maes-2021-131-300x202.jpg 300w, https:\/\/diariotribuna.com.br\/wp-content\/uploads\/2021\/05\/Tempo-Feliz-Dia-das-Maes-2021-131-696x468.jpg 696w, https:\/\/diariotribuna.com.br\/wp-content\/uploads\/2021\/05\/Tempo-Feliz-Dia-das-Maes-2021-131-624x420.jpg 624w\" sizes=\"(max-width: 700px) 100vw, 700px\" \/><\/figure><\/li><li class=\"blocks-gallery-item\"><figure><img loading=\"lazy\" decoding=\"async\" width=\"700\" height=\"491\" src=\"https:\/\/diariotribuna.com.br\/wp-content\/uploads\/2021\/05\/Tempo-Feliz-Dia-das-Maes-2021-135.jpg\" alt=\"\" data-id=\"10082\" data-full-url=\"https:\/\/diariotribuna.com.br\/wp-content\/uploads\/2021\/05\/Tempo-Feliz-Dia-das-Maes-2021-135.jpg\" data-link=\"https:\/\/diariotribuna.com.br\/?attachment_id=10082\" class=\"wp-image-10082\" srcset=\"https:\/\/diariotribuna.com.br\/wp-content\/uploads\/2021\/05\/Tempo-Feliz-Dia-das-Maes-2021-135.jpg 700w, https:\/\/diariotribuna.com.br\/wp-content\/uploads\/2021\/05\/Tempo-Feliz-Dia-das-Maes-2021-135-300x210.jpg 300w, https:\/\/diariotribuna.com.br\/wp-content\/uploads\/2021\/05\/Tempo-Feliz-Dia-das-Maes-2021-135-100x70.jpg 100w, https:\/\/diariotribuna.com.br\/wp-content\/uploads\/2021\/05\/Tempo-Feliz-Dia-das-Maes-2021-135-696x488.jpg 696w, https:\/\/diariotribuna.com.br\/wp-content\/uploads\/2021\/05\/Tempo-Feliz-Dia-das-Maes-2021-135-599x420.jpg 599w\" sizes=\"(max-width: 700px) 100vw, 700px\" \/><\/figure><\/li><li class=\"blocks-gallery-item\"><figure><img loading=\"lazy\" decoding=\"async\" width=\"600\" height=\"448\" src=\"https:\/\/diariotribuna.com.br\/wp-content\/uploads\/2021\/05\/Tempo-Feliz-Dia-das-Maes-2021-1.jpg\" alt=\"\" data-id=\"10083\" data-full-url=\"https:\/\/diariotribuna.com.br\/wp-content\/uploads\/2021\/05\/Tempo-Feliz-Dia-das-Maes-2021-1.jpg\" data-link=\"https:\/\/diariotribuna.com.br\/?attachment_id=10083\" class=\"wp-image-10083\" srcset=\"https:\/\/diariotribuna.com.br\/wp-content\/uploads\/2021\/05\/Tempo-Feliz-Dia-das-Maes-2021-1.jpg 600w, https:\/\/diariotribuna.com.br\/wp-content\/uploads\/2021\/05\/Tempo-Feliz-Dia-das-Maes-2021-1-300x224.jpg 300w, https:\/\/diariotribuna.com.br\/wp-content\/uploads\/2021\/05\/Tempo-Feliz-Dia-das-Maes-2021-1-80x60.jpg 80w, https:\/\/diariotribuna.com.br\/wp-content\/uploads\/2021\/05\/Tempo-Feliz-Dia-das-Maes-2021-1-265x198.jpg 265w, https:\/\/diariotribuna.com.br\/wp-content\/uploads\/2021\/05\/Tempo-Feliz-Dia-das-Maes-2021-1-563x420.jpg 563w\" sizes=\"(max-width: 600px) 100vw, 600px\" \/><\/figure><\/li><li class=\"blocks-gallery-item\"><figure><img loading=\"lazy\" decoding=\"async\" width=\"600\" height=\"446\" src=\"https:\/\/diariotribuna.com.br\/wp-content\/uploads\/2021\/05\/Tempo-Feliz-Dia-das-Maes-2021-24.jpg\" alt=\"\" data-id=\"10084\" data-full-url=\"https:\/\/diariotribuna.com.br\/wp-content\/uploads\/2021\/05\/Tempo-Feliz-Dia-das-Maes-2021-24.jpg\" data-link=\"https:\/\/diariotribuna.com.br\/?attachment_id=10084\" class=\"wp-image-10084\" srcset=\"https:\/\/diariotribuna.com.br\/wp-content\/uploads\/2021\/05\/Tempo-Feliz-Dia-das-Maes-2021-24.jpg 600w, https:\/\/diariotribuna.com.br\/wp-content\/uploads\/2021\/05\/Tempo-Feliz-Dia-das-Maes-2021-24-300x223.jpg 300w, https:\/\/diariotribuna.com.br\/wp-content\/uploads\/2021\/05\/Tempo-Feliz-Dia-das-Maes-2021-24-80x60.jpg 80w, https:\/\/diariotribuna.com.br\/wp-content\/uploads\/2021\/05\/Tempo-Feliz-Dia-das-Maes-2021-24-265x198.jpg 265w, https:\/\/diariotribuna.com.br\/wp-content\/uploads\/2021\/05\/Tempo-Feliz-Dia-das-Maes-2021-24-565x420.jpg 565w\" sizes=\"(max-width: 600px) 100vw, 600px\" \/><\/figure><\/li><li class=\"blocks-gallery-item\"><figure><img loading=\"lazy\" decoding=\"async\" width=\"600\" height=\"440\" src=\"https:\/\/diariotribuna.com.br\/wp-content\/uploads\/2021\/05\/Tempo-Feliz-Dia-das-Maes-2021-32.jpg\" alt=\"\" data-id=\"10085\" data-full-url=\"https:\/\/diariotribuna.com.br\/wp-content\/uploads\/2021\/05\/Tempo-Feliz-Dia-das-Maes-2021-32.jpg\" data-link=\"https:\/\/diariotribuna.com.br\/?attachment_id=10085\" class=\"wp-image-10085\" srcset=\"https:\/\/diariotribuna.com.br\/wp-content\/uploads\/2021\/05\/Tempo-Feliz-Dia-das-Maes-2021-32.jpg 600w, https:\/\/diariotribuna.com.br\/wp-content\/uploads\/2021\/05\/Tempo-Feliz-Dia-das-Maes-2021-32-300x220.jpg 300w, https:\/\/diariotribuna.com.br\/wp-content\/uploads\/2021\/05\/Tempo-Feliz-Dia-das-Maes-2021-32-80x60.jpg 80w, https:\/\/diariotribuna.com.br\/wp-content\/uploads\/2021\/05\/Tempo-Feliz-Dia-das-Maes-2021-32-573x420.jpg 573w\" sizes=\"(max-width: 600px) 100vw, 600px\" \/><\/figure><\/li><li class=\"blocks-gallery-item\"><figure><img loading=\"lazy\" decoding=\"async\" width=\"700\" height=\"491\" src=\"https:\/\/diariotribuna.com.br\/wp-content\/uploads\/2021\/05\/Tempo-Feliz-Dia-das-Maes-2021-73.jpg\" alt=\"\" data-id=\"10087\" data-full-url=\"https:\/\/diariotribuna.com.br\/wp-content\/uploads\/2021\/05\/Tempo-Feliz-Dia-das-Maes-2021-73.jpg\" data-link=\"https:\/\/diariotribuna.com.br\/?attachment_id=10087\" class=\"wp-image-10087\" srcset=\"https:\/\/diariotribuna.com.br\/wp-content\/uploads\/2021\/05\/Tempo-Feliz-Dia-das-Maes-2021-73.jpg 700w, https:\/\/diariotribuna.com.br\/wp-content\/uploads\/2021\/05\/Tempo-Feliz-Dia-das-Maes-2021-73-300x210.jpg 300w, https:\/\/diariotribuna.com.br\/wp-content\/uploads\/2021\/05\/Tempo-Feliz-Dia-das-Maes-2021-73-100x70.jpg 100w, https:\/\/diariotribuna.com.br\/wp-content\/uploads\/2021\/05\/Tempo-Feliz-Dia-das-Maes-2021-73-696x488.jpg 696w, https:\/\/diariotribuna.com.br\/wp-content\/uploads\/2021\/05\/Tempo-Feliz-Dia-das-Maes-2021-73-599x420.jpg 599w\" sizes=\"(max-width: 700px) 100vw, 700px\" \/><\/figure><\/li><li class=\"blocks-gallery-item\"><figure><img loading=\"lazy\" decoding=\"async\" width=\"700\" height=\"431\" src=\"https:\/\/diariotribuna.com.br\/wp-content\/uploads\/2021\/05\/Tempo-Feliz-Dia-das-Maes-2021-78.jpg\" alt=\"\" data-id=\"10088\" data-full-url=\"https:\/\/diariotribuna.com.br\/wp-content\/uploads\/2021\/05\/Tempo-Feliz-Dia-das-Maes-2021-78.jpg\" data-link=\"https:\/\/diariotribuna.com.br\/?attachment_id=10088\" class=\"wp-image-10088\" srcset=\"https:\/\/diariotribuna.com.br\/wp-content\/uploads\/2021\/05\/Tempo-Feliz-Dia-das-Maes-2021-78.jpg 700w, https:\/\/diariotribuna.com.br\/wp-content\/uploads\/2021\/05\/Tempo-Feliz-Dia-das-Maes-2021-78-300x185.jpg 300w, https:\/\/diariotribuna.com.br\/wp-content\/uploads\/2021\/05\/Tempo-Feliz-Dia-das-Maes-2021-78-356x220.jpg 356w, https:\/\/diariotribuna.com.br\/wp-content\/uploads\/2021\/05\/Tempo-Feliz-Dia-das-Maes-2021-78-696x429.jpg 696w, https:\/\/diariotribuna.com.br\/wp-content\/uploads\/2021\/05\/Tempo-Feliz-Dia-das-Maes-2021-78-682x420.jpg 682w\" sizes=\"(max-width: 700px) 100vw, 700px\" \/><\/figure><\/li><li class=\"blocks-gallery-item\"><figure><img loading=\"lazy\" decoding=\"async\" width=\"700\" height=\"433\" src=\"https:\/\/diariotribuna.com.br\/wp-content\/uploads\/2021\/05\/Tempo-Feliz-Dia-das-Maes-2021-85.jpg\" alt=\"\" data-id=\"10089\" data-full-url=\"https:\/\/diariotribuna.com.br\/wp-content\/uploads\/2021\/05\/Tempo-Feliz-Dia-das-Maes-2021-85.jpg\" data-link=\"https:\/\/diariotribuna.com.br\/?attachment_id=10089\" class=\"wp-image-10089\" srcset=\"https:\/\/diariotribuna.com.br\/wp-content\/uploads\/2021\/05\/Tempo-Feliz-Dia-das-Maes-2021-85.jpg 700w, https:\/\/diariotribuna.com.br\/wp-content\/uploads\/2021\/05\/Tempo-Feliz-Dia-das-Maes-2021-85-300x186.jpg 300w, https:\/\/diariotribuna.com.br\/wp-content\/uploads\/2021\/05\/Tempo-Feliz-Dia-das-Maes-2021-85-356x220.jpg 356w, https:\/\/diariotribuna.com.br\/wp-content\/uploads\/2021\/05\/Tempo-Feliz-Dia-das-Maes-2021-85-696x431.jpg 696w, https:\/\/diariotribuna.com.br\/wp-content\/uploads\/2021\/05\/Tempo-Feliz-Dia-das-Maes-2021-85-679x420.jpg 679w\" sizes=\"(max-width: 700px) 100vw, 700px\" \/><\/figure><\/li><li class=\"blocks-gallery-item\"><figure><img loading=\"lazy\" decoding=\"async\" width=\"700\" height=\"466\" src=\"https:\/\/diariotribuna.com.br\/wp-content\/uploads\/2021\/05\/Tempo-Feliz-Dia-das-Maes-2021-56.jpg\" alt=\"\" data-id=\"10086\" data-full-url=\"https:\/\/diariotribuna.com.br\/wp-content\/uploads\/2021\/05\/Tempo-Feliz-Dia-das-Maes-2021-56.jpg\" data-link=\"https:\/\/diariotribuna.com.br\/?attachment_id=10086\" class=\"wp-image-10086\" srcset=\"https:\/\/diariotribuna.com.br\/wp-content\/uploads\/2021\/05\/Tempo-Feliz-Dia-das-Maes-2021-56.jpg 700w, https:\/\/diariotribuna.com.br\/wp-content\/uploads\/2021\/05\/Tempo-Feliz-Dia-das-Maes-2021-56-300x200.jpg 300w, https:\/\/diariotribuna.com.br\/wp-content\/uploads\/2021\/05\/Tempo-Feliz-Dia-das-Maes-2021-56-696x463.jpg 696w, https:\/\/diariotribuna.com.br\/wp-content\/uploads\/2021\/05\/Tempo-Feliz-Dia-das-Maes-2021-56-631x420.jpg 631w\" sizes=\"(max-width: 700px) 100vw, 700px\" \/><\/figure><\/li><li class=\"blocks-gallery-item\"><figure><img loading=\"lazy\" decoding=\"async\" width=\"700\" height=\"459\" src=\"https:\/\/diariotribuna.com.br\/wp-content\/uploads\/2021\/05\/Tempo-Feliz-Dia-das-Maes-2021-89.jpg\" alt=\"\" data-id=\"10090\" data-full-url=\"https:\/\/diariotribuna.com.br\/wp-content\/uploads\/2021\/05\/Tempo-Feliz-Dia-das-Maes-2021-89.jpg\" data-link=\"https:\/\/diariotribuna.com.br\/?attachment_id=10090\" class=\"wp-image-10090\" srcset=\"https:\/\/diariotribuna.com.br\/wp-content\/uploads\/2021\/05\/Tempo-Feliz-Dia-das-Maes-2021-89.jpg 700w, https:\/\/diariotribuna.com.br\/wp-content\/uploads\/2021\/05\/Tempo-Feliz-Dia-das-Maes-2021-89-300x197.jpg 300w, https:\/\/diariotribuna.com.br\/wp-content\/uploads\/2021\/05\/Tempo-Feliz-Dia-das-Maes-2021-89-696x456.jpg 696w, https:\/\/diariotribuna.com.br\/wp-content\/uploads\/2021\/05\/Tempo-Feliz-Dia-das-Maes-2021-89-641x420.jpg 641w\" sizes=\"(max-width: 700px) 100vw, 700px\" \/><\/figure><\/li><li class=\"blocks-gallery-item\"><figure><img loading=\"lazy\" decoding=\"async\" width=\"700\" height=\"517\" src=\"https:\/\/diariotribuna.com.br\/wp-content\/uploads\/2021\/05\/Tempo-Feliz-Dia-das-Maes-2021-91.jpg\" alt=\"\" data-id=\"10091\" data-full-url=\"https:\/\/diariotribuna.com.br\/wp-content\/uploads\/2021\/05\/Tempo-Feliz-Dia-das-Maes-2021-91.jpg\" data-link=\"https:\/\/diariotribuna.com.br\/?attachment_id=10091\" class=\"wp-image-10091\" srcset=\"https:\/\/diariotribuna.com.br\/wp-content\/uploads\/2021\/05\/Tempo-Feliz-Dia-das-Maes-2021-91.jpg 700w, https:\/\/diariotribuna.com.br\/wp-content\/uploads\/2021\/05\/Tempo-Feliz-Dia-das-Maes-2021-91-300x222.jpg 300w, https:\/\/diariotribuna.com.br\/wp-content\/uploads\/2021\/05\/Tempo-Feliz-Dia-das-Maes-2021-91-80x60.jpg 80w, https:\/\/diariotribuna.com.br\/wp-content\/uploads\/2021\/05\/Tempo-Feliz-Dia-das-Maes-2021-91-696x514.jpg 696w, https:\/\/diariotribuna.com.br\/wp-content\/uploads\/2021\/05\/Tempo-Feliz-Dia-das-Maes-2021-91-569x420.jpg 569w\" sizes=\"(max-width: 700px) 100vw, 700px\" \/><\/figure><\/li><\/ul><\/figure>\n","protected":false},"excerpt":{"rendered":"<p>Com uma programa\u00e7\u00e3o \u201cdiferente\u201d, o Dia das M\u00e3es foi comemorado na Unidade Tempo Feliz, na sexta-feira (07\/05). No hor\u00e1rio das 14h \u00e0s 16h, a crian\u00e7a e a m\u00e3e (ou a pessoa que a representou) foram at\u00e9 a Escola, para diminuir a saudade do espa\u00e7o e das professoras, e para a celebra\u00e7\u00e3o do Dia das M\u00e3es. [&hellip;]<\/p>\n","protected":false},"author":1,"featured_media":10075,"comment_status":"open","ping_status":"open","sticky":false,"template":"","format":"standard","meta":{"rop_custom_images_group":[],"rop_custom_messages_group":[],"rop_publish_now":"initial","rop_publish_now_accounts":[],"rop_publish_now_history":[],"rop_publish_now_status":"pending","footnotes":""},"categories":[16],"tags":[1281,3128,333,335],"class_list":["post-10073","post","type-post","status-publish","format-standard","has-post-thumbnail","hentry","category-educacao","tag-1281","tag-dia-das-maes","tag-epp","tag-tempo-feliz"],"_links":{"self":[{"href":"https:\/\/diariotribuna.com.br\/index.php?rest_route=\/wp\/v2\/posts\/10073"}],"collection":[{"href":"https:\/\/diariotribuna.com.br\/index.php?rest_route=\/wp\/v2\/posts"}],"about":[{"href":"https:\/\/diariotribuna.com.br\/index.php?rest_route=\/wp\/v2\/types\/post"}],"author":[{"embeddable":true,"href":"https:\/\/diariotribuna.com.br\/index.php?rest_route=\/wp\/v2\/users\/1"}],"replies":[{"embeddable":true,"href":"https:\/\/diariotribuna.com.br\/index.php?rest_route=%2Fwp%2Fv2%2Fcomments&post=10073"}],"version-history":[{"count":1,"href":"https:\/\/diariotribuna.com.br\/index.php?rest_route=\/wp\/v2\/posts\/10073\/revisions"}],"predecessor-version":[{"id":10092,"href":"https:\/\/diariotribuna.com.br\/index.php?rest_route=\/wp\/v2\/posts\/10073\/revisions\/10092"}],"wp:featuredmedia":[{"embeddable":true,"href":"https:\/\/diariotribuna.com.br\/index.php?rest_route=\/wp\/v2\/media\/10075"}],"wp:attachment":[{"href":"https:\/\/diariotribuna.com.br\/index.php?rest_route=%2Fwp%2Fv2%2Fmedia&parent=10073"}],"wp:term":[{"taxonomy":"category","embeddable":true,"href":"https:\/\/diariotribuna.com.br\/index.php?rest_route=%2Fwp%2Fv2%2Fcategories&post=10073"},{"taxonomy":"post_tag","embeddable":true,"href":"https:\/\/diariotribuna.com.br\/index.php?rest_route=%2Fwp%2Fv2%2Ftags&post=10073"}],"curies":[{"name":"wp","href":"https:\/\/api.w.org\/{rel}","templated":true}]}}