{"id":10097,"date":"2021-05-19T18:17:43","date_gmt":"2021-05-19T21:17:43","guid":{"rendered":"https:\/\/diariotribuna.com.br\/?p=10097"},"modified":"2021-05-19T18:21:35","modified_gmt":"2021-05-19T21:21:35","slug":"tio-mata-sobrinha-de-13-anos-e-comete-autoexterminio-em-carai","status":"publish","type":"post","link":"https:\/\/diariotribuna.com.br\/?p=10097","title":{"rendered":"Tio mata sobrinha de 13 anos e comete autoexterm\u00ednio em Cara\u00ed"},"content":{"rendered":"\n<h4 class=\"wp-block-heading\"><em><strong>Informa\u00e7\u00f5es apontam que tio n\u00e3o se conformava com fim de relacionamento com a sobrinha e praticou o crime de feminic\u00eddio, cometendo autoexterm\u00ednio em seguida<\/strong><\/em><\/h4>\n\n\n\n<figure class=\"wp-block-image size-large is-resized is-style-default\"><img loading=\"lazy\" decoding=\"async\" src=\"https:\/\/diariotribuna.com.br\/wp-content\/uploads\/2021\/05\/SITE-3.jpg\" alt=\"\" class=\"wp-image-10098\" width=\"566\" height=\"358\" srcset=\"https:\/\/diariotribuna.com.br\/wp-content\/uploads\/2021\/05\/SITE-3.jpg 700w, https:\/\/diariotribuna.com.br\/wp-content\/uploads\/2021\/05\/SITE-3-300x190.jpg 300w, https:\/\/diariotribuna.com.br\/wp-content\/uploads\/2021\/05\/SITE-3-696x440.jpg 696w, https:\/\/diariotribuna.com.br\/wp-content\/uploads\/2021\/05\/SITE-3-664x420.jpg 664w\" sizes=\"(max-width: 566px) 100vw, 566px\" \/><figcaption><strong>Fato ocorreu na zona rural de Cara\u00ed<\/strong><\/figcaption><\/figure>\n\n\n\n<p>O fato ocorreu na ter\u00e7a-feira (18\/05), no C\u00f3rrego dos Pedroso, zona rural de Cara\u00ed. A Pol\u00edcia Militar foi acionada por volta das 13h, sendo informada sobre disparos de arma de fogo e foi ao local, estrada vicinal que liga a BR 116 ao Ponto do Marambaia, onde deparou com duas pessoas ca\u00eddas no ch\u00e3o (feminino e masculino), sem sinais vitais, com sinais de perfura\u00e7\u00e3o de proj\u00e9teis de arma de fogo. A PM isolou o local e acionou a per\u00edcia t\u00e9cnica da Pol\u00edcia Civil.<\/p>\n\n\n\n<figure class=\"wp-block-gallery columns-2 is-cropped wp-block-gallery-1 is-layout-flex wp-block-gallery-is-layout-flex\"><ul class=\"blocks-gallery-grid\"><li class=\"blocks-gallery-item\"><figure><img loading=\"lazy\" decoding=\"async\" width=\"297\" height=\"364\" src=\"https:\/\/diariotribuna.com.br\/wp-content\/uploads\/2021\/05\/4-Izaquiel-de-Jesus-Souza-23-anos..jpg\" alt=\"\" data-id=\"10099\" data-full-url=\"https:\/\/diariotribuna.com.br\/wp-content\/uploads\/2021\/05\/4-Izaquiel-de-Jesus-Souza-23-anos..jpg\" data-link=\"https:\/\/diariotribuna.com.br\/?attachment_id=10099\" class=\"wp-image-10099\" srcset=\"https:\/\/diariotribuna.com.br\/wp-content\/uploads\/2021\/05\/4-Izaquiel-de-Jesus-Souza-23-anos..jpg 297w, https:\/\/diariotribuna.com.br\/wp-content\/uploads\/2021\/05\/4-Izaquiel-de-Jesus-Souza-23-anos.-245x300.jpg 245w\" sizes=\"(max-width: 297px) 100vw, 297px\" \/><figcaption class=\"blocks-gallery-item__caption\"><strong>Izaquiel de Jesus Souza, 23 anos<\/strong><\/figcaption><\/figure><\/li><li class=\"blocks-gallery-item\"><figure><img loading=\"lazy\" decoding=\"async\" width=\"601\" height=\"621\" src=\"https:\/\/diariotribuna.com.br\/wp-content\/uploads\/2021\/05\/3-Bianca-Gomes-Pereira-13-anos.jpg\" alt=\"\" data-id=\"10100\" data-full-url=\"https:\/\/diariotribuna.com.br\/wp-content\/uploads\/2021\/05\/3-Bianca-Gomes-Pereira-13-anos.jpg\" data-link=\"https:\/\/diariotribuna.com.br\/?attachment_id=10100\" class=\"wp-image-10100\" srcset=\"https:\/\/diariotribuna.com.br\/wp-content\/uploads\/2021\/05\/3-Bianca-Gomes-Pereira-13-anos.jpg 601w, https:\/\/diariotribuna.com.br\/wp-content\/uploads\/2021\/05\/3-Bianca-Gomes-Pereira-13-anos-290x300.jpg 290w, https:\/\/diariotribuna.com.br\/wp-content\/uploads\/2021\/05\/3-Bianca-Gomes-Pereira-13-anos-406x420.jpg 406w\" sizes=\"(max-width: 601px) 100vw, 601px\" \/><figcaption class=\"blocks-gallery-item__caption\"><strong>Bianca Gomes Pereira, 13 anos<\/strong><\/figcaption><\/figure><\/li><\/ul><\/figure>\n\n\n\n<p>A testemunha D.G.P., de 19 anos, disse que transitava com sua motocicleta pela estrada, sentido Ponto do Marambaia \u00e0 BR 116, pretendendo chegar at\u00e9 a Fazenda Quaresma e deixar a sua namorada, Bianca Gomes Pereira, 13 anos, que estava na garupa do ve\u00edculo, onde ela morava com sua m\u00e3e, e durante o trajeto, os dois foram surpreendidos por Izaquiel de Jesus Souza, 23 anos, que estava a p\u00e9 nas margens da estrada, e de posse de um rev\u00f3lver ordenou que D.G.P. parasse o ve\u00edculo e que Bianca descesse da motocicleta.<\/p>\n\n\n\n<p>Disse ainda que, Izaquiel puxou Bianca pelo bra\u00e7o e mandou que a testemunha fosse embora. Quando sa\u00eda do local, ouviu disparos de arma de fogo e seguiu sentido \u00e0 fazenda Quaresma para informar a m\u00e3e de Bianca sobre os fatos. Cerca de 30 minutos depois, recebeu a informa\u00e7\u00e3o que Izaquiel e Bianca estavam mortos. D.G.P. disse \u00e0 PM que estava namorando a Bianca que \u00e9 sua prima, h\u00e1 poucos dias e que ela teria mantido um relacionamento amoroso com Izaquiel que \u00e9 tio dela e da testemunha, e Izaquiel n\u00e3o se conformava com o t\u00e9rmino da rela\u00e7\u00e3o.<\/p>\n\n\n\n<p>Ap\u00f3s os trabalhos periciais no local, os corpos de Izaquiel e Bianca foram encaminhados ao Instituto M\u00e9dico Legal de Te\u00f3filo Otoni, onde foram necropsiados. A per\u00edcia constatou no corpo do Izaquiel uma perfura\u00e7\u00e3o por proj\u00e9til de arma de fogo na t\u00eampora direita e no corpo de Bianca uma perfura\u00e7\u00e3o por proj\u00e9til de arma de fogo na t\u00eampora esquerda e outro no t\u00f3rax.<\/p>\n\n\n\n<p>Foram encontrados nas vestes de Izaquiel um aparelho celular e um peda\u00e7o de papel escrito: \u201cObrigado a todos os meus familiares. Te amo m\u00e3e, Aqui t\u00e1 ficando a senha do meu celular \u00b4xxxx\u00b4 assim que algu\u00e9m encontrar mostre primeiro a minha m\u00e3e, fazendo men\u00e7\u00e3o de que praticaria autoexterm\u00ednio\u201d. (Ocorr\u00eancia registrada pela PMMG). Pol\u00edcia Civil investiga o caso.<\/p>\n","protected":false},"excerpt":{"rendered":"<p>Informa\u00e7\u00f5es apontam que tio n\u00e3o se conformava com fim de relacionamento com a sobrinha e praticou o crime de feminic\u00eddio, cometendo autoexterm\u00ednio em seguida O fato ocorreu na ter\u00e7a-feira (18\/05), no C\u00f3rrego dos Pedroso, zona rural de Cara\u00ed. A Pol\u00edcia Militar foi acionada por volta das 13h, sendo informada sobre disparos de arma de fogo [&hellip;]<\/p>\n","protected":false},"author":1,"featured_media":10098,"comment_status":"open","ping_status":"open","sticky":false,"template":"","format":"standard","meta":{"rop_custom_images_group":[],"rop_custom_messages_group":[],"rop_publish_now":"initial","rop_publish_now_accounts":[],"rop_publish_now_history":[],"rop_publish_now_status":"pending","footnotes":""},"categories":[25,20],"tags":[3130,46,3131,479],"class_list":["post-10097","post","type-post","status-publish","format-standard","has-post-thumbnail","hentry","category-destaque","category-policia","tag-autoexterminio","tag-carai","tag-corrego-dos-pedroso","tag-feminicidio"],"_links":{"self":[{"href":"https:\/\/diariotribuna.com.br\/index.php?rest_route=\/wp\/v2\/posts\/10097"}],"collection":[{"href":"https:\/\/diariotribuna.com.br\/index.php?rest_route=\/wp\/v2\/posts"}],"about":[{"href":"https:\/\/diariotribuna.com.br\/index.php?rest_route=\/wp\/v2\/types\/post"}],"author":[{"embeddable":true,"href":"https:\/\/diariotribuna.com.br\/index.php?rest_route=\/wp\/v2\/users\/1"}],"replies":[{"embeddable":true,"href":"https:\/\/diariotribuna.com.br\/index.php?rest_route=%2Fwp%2Fv2%2Fcomments&post=10097"}],"version-history":[{"count":2,"href":"https:\/\/diariotribuna.com.br\/index.php?rest_route=\/wp\/v2\/posts\/10097\/revisions"}],"predecessor-version":[{"id":10102,"href":"https:\/\/diariotribuna.com.br\/index.php?rest_route=\/wp\/v2\/posts\/10097\/revisions\/10102"}],"wp:featuredmedia":[{"embeddable":true,"href":"https:\/\/diariotribuna.com.br\/index.php?rest_route=\/wp\/v2\/media\/10098"}],"wp:attachment":[{"href":"https:\/\/diariotribuna.com.br\/index.php?rest_route=%2Fwp%2Fv2%2Fmedia&parent=10097"}],"wp:term":[{"taxonomy":"category","embeddable":true,"href":"https:\/\/diariotribuna.com.br\/index.php?rest_route=%2Fwp%2Fv2%2Fcategories&post=10097"},{"taxonomy":"post_tag","embeddable":true,"href":"https:\/\/diariotribuna.com.br\/index.php?rest_route=%2Fwp%2Fv2%2Ftags&post=10097"}],"curies":[{"name":"wp","href":"https:\/\/api.w.org\/{rel}","templated":true}]}}