{"id":10105,"date":"2021-05-19T23:53:07","date_gmt":"2021-05-20T02:53:07","guid":{"rendered":"https:\/\/diariotribuna.com.br\/?p=10105"},"modified":"2021-05-22T19:47:53","modified_gmt":"2021-05-22T22:47:53","slug":"sistema-prisional-entrega-32-mil-mascaras-aos-trabalhadores-do-transporte-publico-coletivo","status":"publish","type":"post","link":"https:\/\/diariotribuna.com.br\/?p=10105","title":{"rendered":"Sistema Prisional entrega 32 mil m\u00e1scaras aos trabalhadores do transporte p\u00fablico coletivo"},"content":{"rendered":"\n<p><strong><em>Itens de prote\u00e7\u00e3o foram produzidos por presos custodiados no Complexo Penitenci\u00e1rio P\u00fablico-Privado (CPPP) de Ribeir\u00e3o das Neves<\/em><\/strong><\/p>\n\n\n\n<figure class=\"wp-block-image size-large is-resized is-style-default\"><img loading=\"lazy\" decoding=\"async\" src=\"https:\/\/diariotribuna.com.br\/wp-content\/uploads\/2021\/05\/mascaras_PPP_e_Seinfra_1.jpeg\" alt=\"\" class=\"wp-image-10107\" width=\"511\" height=\"380\" srcset=\"https:\/\/diariotribuna.com.br\/wp-content\/uploads\/2021\/05\/mascaras_PPP_e_Seinfra_1.jpeg 700w, https:\/\/diariotribuna.com.br\/wp-content\/uploads\/2021\/05\/mascaras_PPP_e_Seinfra_1-300x223.jpeg 300w, https:\/\/diariotribuna.com.br\/wp-content\/uploads\/2021\/05\/mascaras_PPP_e_Seinfra_1-80x60.jpeg 80w, https:\/\/diariotribuna.com.br\/wp-content\/uploads\/2021\/05\/mascaras_PPP_e_Seinfra_1-265x198.jpeg 265w, https:\/\/diariotribuna.com.br\/wp-content\/uploads\/2021\/05\/mascaras_PPP_e_Seinfra_1-696x518.jpeg 696w, https:\/\/diariotribuna.com.br\/wp-content\/uploads\/2021\/05\/mascaras_PPP_e_Seinfra_1-564x420.jpeg 564w\" sizes=\"(max-width: 511px) 100vw, 511px\" \/><\/figure>\n\n\n\n<p>A Secretaria de Estado de Justi\u00e7a e Seguran\u00e7a P\u00fablica de Minas Gerais (Sejusp), por meio do Departamento Penitenci\u00e1rio de Minas Gerais (Depen-MG), em parceria com a Secretaria de Estado de Infraestrutura e Mobilidade (Seinfra), entregou na manh\u00e3 de segunda-feira (17\/05), 32 mil m\u00e1scaras de prote\u00e7\u00e3o contra a Covid-19 aos trabalhadores do transporte p\u00fablico coletivo. A a\u00e7\u00e3o aconteceu na Esta\u00e7\u00e3o Morro Alto, em Vespasiano.<\/p>\n\n\n\n<p>Os itens foram confeccionados por detentos do Complexo Penitenci\u00e1rio P\u00fablico-Privado (CPPP) de Ribeir\u00e3o das Neves. Desde o in\u00edcio da pandemia, o sistema prisional de Minas se mobilizou para contribuir com a confec\u00e7\u00e3o e distribui\u00e7\u00e3o de m\u00e1scaras, transformando os galp\u00f5es das unidades prisionais em verdadeiras f\u00e1bricas, repletas de rolos de tecido e m\u00e1quinas de costura. A for\u00e7a tarefa foi um sucesso e a produ\u00e7\u00e3o j\u00e1 ultrapassou a marca de cinco milh\u00f5es de itens fabricados dentro de pres\u00eddios e penitenci\u00e1rias de todas as regi\u00f5es do Estado.<\/p>\n\n\n\n<p>Os equipamentos de prote\u00e7\u00e3o s\u00e3o distribu\u00eddos prioritariamente para as for\u00e7as de seguran\u00e7a &#8211; que seguem seu trabalho de forma ininterrupta durante a pandemia &#8211; mas tamb\u00e9m para hospitais, asilos, servidores municipais de algumas cidades que contam com a parceria do sistema prisional e demais profissionais que n\u00e3o podem permanecer em casa e precisam estar na linha de frente \u2013 como \u00e9 o caso dos motoristas e demais funcion\u00e1rios do sistema de transporte coletivo urbano de Belo Horizonte e Regi\u00e3o Metropolitana.<\/p>\n\n\n\n<p>Para o secret\u00e1rio adjunto de Justi\u00e7a e Seguran\u00e7a P\u00fablica, dr. Jeferson Botelho, esta a\u00e7\u00e3o representa o importante vi\u00e9s da responsabilidade social. \u201cEstamos distribuindo hoje um peda\u00e7o de esperan\u00e7a e vida, porque a m\u00e1scara representa vida e estamos em uma a\u00e7\u00e3o coletiva em prol da vida. Passamos dos 430 mil mortos v\u00edtimas da Covid-19. Este esfor\u00e7o da sociedade e do estado organizado simboliza uma vit\u00f3ria\u201d, disse Botelho.<\/p>\n\n\n\n<p>Estiveram presentes o secret\u00e1rio de Estado de Infraestrutura e Mobilidade, Fernando Marcato; o secret\u00e1rio adjunto de Justi\u00e7a e Seguran\u00e7a P\u00fablica, Jeferson Botelho Pereira; o diretor-geral do Departamento Penitenci\u00e1rio, Rodrigo Machado; o diretor da GPA, Rodrigo Gaiga, a diretora-geral da Ag\u00eancia de Desenvolvimento da Regi\u00e3o Metropolitana de Belo Horizonte, Mila Costa; a prefeita de Vespasiano e presidente da Granbel, Ilce Rocha; o vice-prefeito de Vespasiano, Jos\u00e9 Wilson e os representantes do Sindicato dos Trabalhadores do Transporte Coletivo e das Empresas de Transporte Coletivo.<\/p>\n\n\n\n<figure class=\"wp-block-image size-large is-resized is-style-default\"><img loading=\"lazy\" decoding=\"async\" src=\"https:\/\/diariotribuna.com.br\/wp-content\/uploads\/2021\/05\/mascaras_PPP_e_Seinfra_2.jpeg\" alt=\"\" class=\"wp-image-10106\" width=\"619\" height=\"425\" srcset=\"https:\/\/diariotribuna.com.br\/wp-content\/uploads\/2021\/05\/mascaras_PPP_e_Seinfra_2.jpeg 700w, https:\/\/diariotribuna.com.br\/wp-content\/uploads\/2021\/05\/mascaras_PPP_e_Seinfra_2-300x206.jpeg 300w, https:\/\/diariotribuna.com.br\/wp-content\/uploads\/2021\/05\/mascaras_PPP_e_Seinfra_2-100x70.jpeg 100w, https:\/\/diariotribuna.com.br\/wp-content\/uploads\/2021\/05\/mascaras_PPP_e_Seinfra_2-218x150.jpeg 218w, https:\/\/diariotribuna.com.br\/wp-content\/uploads\/2021\/05\/mascaras_PPP_e_Seinfra_2-696x478.jpeg 696w, https:\/\/diariotribuna.com.br\/wp-content\/uploads\/2021\/05\/mascaras_PPP_e_Seinfra_2-611x420.jpeg 611w\" sizes=\"(max-width: 619px) 100vw, 619px\" \/><\/figure>\n\n\n\n<p> <strong>(Informa\u00e7\u00f5es\/Fotos: Ascom SEJUSP-MG).<\/strong><\/p>\n","protected":false},"excerpt":{"rendered":"<p>Itens de prote\u00e7\u00e3o foram produzidos por presos custodiados no Complexo Penitenci\u00e1rio P\u00fablico-Privado (CPPP) de Ribeir\u00e3o das Neves A Secretaria de Estado de Justi\u00e7a e Seguran\u00e7a P\u00fablica de Minas Gerais (Sejusp), por meio do Departamento Penitenci\u00e1rio de Minas Gerais (Depen-MG), em parceria com a Secretaria de Estado de Infraestrutura e Mobilidade (Seinfra), entregou na manh\u00e3 de [&hellip;]<\/p>\n","protected":false},"author":1,"featured_media":10107,"comment_status":"open","ping_status":"open","sticky":false,"template":"","format":"standard","meta":{"rop_custom_images_group":[],"rop_custom_messages_group":[],"rop_publish_now":"initial","rop_publish_now_accounts":[],"rop_publish_now_history":[],"rop_publish_now_status":"pending","footnotes":""},"categories":[19],"tags":[3132,3040,2628,3133],"class_list":["post-10105","post","type-post","status-publish","format-standard","has-post-thumbnail","hentry","category-gerais","tag-32-mil-mascaras","tag-distribuicao-de-mascaras","tag-sejusp-mg","tag-trabalhadores-transporte-publico"],"_links":{"self":[{"href":"https:\/\/diariotribuna.com.br\/index.php?rest_route=\/wp\/v2\/posts\/10105"}],"collection":[{"href":"https:\/\/diariotribuna.com.br\/index.php?rest_route=\/wp\/v2\/posts"}],"about":[{"href":"https:\/\/diariotribuna.com.br\/index.php?rest_route=\/wp\/v2\/types\/post"}],"author":[{"embeddable":true,"href":"https:\/\/diariotribuna.com.br\/index.php?rest_route=\/wp\/v2\/users\/1"}],"replies":[{"embeddable":true,"href":"https:\/\/diariotribuna.com.br\/index.php?rest_route=%2Fwp%2Fv2%2Fcomments&post=10105"}],"version-history":[{"count":1,"href":"https:\/\/diariotribuna.com.br\/index.php?rest_route=\/wp\/v2\/posts\/10105\/revisions"}],"predecessor-version":[{"id":10108,"href":"https:\/\/diariotribuna.com.br\/index.php?rest_route=\/wp\/v2\/posts\/10105\/revisions\/10108"}],"wp:featuredmedia":[{"embeddable":true,"href":"https:\/\/diariotribuna.com.br\/index.php?rest_route=\/wp\/v2\/media\/10107"}],"wp:attachment":[{"href":"https:\/\/diariotribuna.com.br\/index.php?rest_route=%2Fwp%2Fv2%2Fmedia&parent=10105"}],"wp:term":[{"taxonomy":"category","embeddable":true,"href":"https:\/\/diariotribuna.com.br\/index.php?rest_route=%2Fwp%2Fv2%2Fcategories&post=10105"},{"taxonomy":"post_tag","embeddable":true,"href":"https:\/\/diariotribuna.com.br\/index.php?rest_route=%2Fwp%2Fv2%2Ftags&post=10105"}],"curies":[{"name":"wp","href":"https:\/\/api.w.org\/{rel}","templated":true}]}}