{"id":10124,"date":"2021-05-20T23:32:07","date_gmt":"2021-05-21T02:32:07","guid":{"rendered":"https:\/\/diariotribuna.com.br\/?p=10124"},"modified":"2021-05-20T23:32:08","modified_gmt":"2021-05-21T02:32:08","slug":"sua-existencia-causa-incomodo-a-alguem","status":"publish","type":"post","link":"https:\/\/diariotribuna.com.br\/?p=10124","title":{"rendered":"Sua exist\u00eancia causa inc\u00f4modo a algu\u00e9m?"},"content":{"rendered":"\n<figure class=\"wp-block-image size-large is-resized is-style-default\"><img loading=\"lazy\" decoding=\"async\" src=\"https:\/\/diariotribuna.com.br\/wp-content\/uploads\/2021\/05\/unnamed-3.jpg\" alt=\"\" class=\"wp-image-10126\" width=\"307\" height=\"321\" srcset=\"https:\/\/diariotribuna.com.br\/wp-content\/uploads\/2021\/05\/unnamed-3.jpg 650w, https:\/\/diariotribuna.com.br\/wp-content\/uploads\/2021\/05\/unnamed-3-286x300.jpg 286w, https:\/\/diariotribuna.com.br\/wp-content\/uploads\/2021\/05\/unnamed-3-401x420.jpg 401w\" sizes=\"(max-width: 307px) 100vw, 307px\" \/><figcaption><strong><strong>Juliana Lemes da Cruz<\/strong>.<\/strong><br><strong>Doutoranda em Pol\u00edtica Social \u2013 UFF.<\/strong><br><strong>Pesquisadora GEPAF\/UFVJM.<\/strong><br><strong>Coordenadora do Projeto MLV.<\/strong><br><strong>Contato: <a href=\"mailto:julianalemes@id.uff.br\">julianalemes@id.uff.br<\/a><\/strong><\/figcaption><\/figure>\n\n\n\n<figure class=\"wp-block-image size-large is-resized is-style-default\"><img loading=\"lazy\" decoding=\"async\" src=\"https:\/\/diariotribuna.com.br\/wp-content\/uploads\/2021\/05\/Edvan-Santos.jpg\" alt=\"\" class=\"wp-image-10125\" width=\"493\" height=\"426\" srcset=\"https:\/\/diariotribuna.com.br\/wp-content\/uploads\/2021\/05\/Edvan-Santos.jpg 700w, https:\/\/diariotribuna.com.br\/wp-content\/uploads\/2021\/05\/Edvan-Santos-300x260.jpg 300w, https:\/\/diariotribuna.com.br\/wp-content\/uploads\/2021\/05\/Edvan-Santos-534x462.jpg 534w, https:\/\/diariotribuna.com.br\/wp-content\/uploads\/2021\/05\/Edvan-Santos-696x603.jpg 696w, https:\/\/diariotribuna.com.br\/wp-content\/uploads\/2021\/05\/Edvan-Santos-485x420.jpg 485w\" sizes=\"(max-width: 493px) 100vw, 493px\" \/><\/figure>\n\n\n\n<p>J\u00e1 parou para pensar que a sua exist\u00eancia pode refletir no imagin\u00e1rio do outro seu pr\u00f3prio fracasso? Pois bem, parece coisa de quem tem mania de persegui\u00e7\u00e3o, mas, se pararmos para refletir sobre isso, essa pode colaborar em uma poss\u00edvel resposta \u00e0 quest\u00e3o do t\u00edtulo. Pouco se discute sobre esses aspectos porque n\u00e3o \u00e9 f\u00e1cil traduzir esse assunto em uma linguagem popular, para que todos tenham acesso. Em certa medida, esse tema \u00e9 alvo do campo da psicologia, onde pessoas buscam terapia para aprenderem a lidar com as rela\u00e7\u00f5es interpessoais tanto no \u00e2mbito particular, quanto no \u00e2mbito profissional.<\/p>\n\n\n\n<p>Sem aprofundar no assunto, observando o que ocorre com algumas pessoas do meu c\u00edrculo de conviv\u00eancia, percebi que o que eles refletiam para os outros dizia mais sobre quem os olhava do que sobre eles pr\u00f3prios. Assim, comecei a observar mais as rela\u00e7\u00f5es estabelecidas entre as pessoas \u00e0 minha volta e percebi que conflitos relacionados \u00e0s percep\u00e7\u00f5es equivocadas de umas sobre as outras ocorrem com bastante frequ\u00eancia e com v\u00e1rias outras pessoas. Deduzi que o que outro absorve sobre n\u00f3s n\u00e3o nos diz respeito e n\u00e3o nos cabe tentar alterar. Isso porque, trata-se de uma constru\u00e7\u00e3o formulada a partir da viv\u00eancia alheia. Por isso, muitas vezes, ouvimos coment\u00e1rios maldosos, tendenciosos e sem base sobre certas pessoas por parte de indiv\u00edduos que t\u00eam tantos defeitos quanto.<\/p>\n\n\n\n<p>Toda cr\u00edtica tem uma raz\u00e3o de ser e ela pode partir de um inc\u00f4modo de quem critica pelo simples fato do criticado existir e ser quem \u00e9. O sucesso do outro incomoda \u00e0queles que t\u00eam em si, frustra\u00e7\u00f5es frente aos pr\u00f3prios desejos. O objetivo n\u00e3o alcan\u00e7ado, o ego ferido, a vaidade n\u00e3o satisfeita, produzem e reproduzem comportamentos que escancaram o perfil de um fracassado: cr\u00edticas descabidas a quem conseguiu o que pretendia; imposi\u00e7\u00e3o de poder sobre pessoas de seu conv\u00edvio, seja no \u00e2mbito dom\u00e9stico, comunit\u00e1rio ou profissional; tentativas de diminuir o outro para que se sinta grande; blindagem de espa\u00e7os, como um c\u00e3o que vigia seu territ\u00f3rio de uma amea\u00e7a.<\/p>\n\n\n\n<p>Aquele que o observa \u00e0 sombra, parece irradiar um descontentamento sobre sua pr\u00f3pria performance diante da vida, o que o leva a atribuir \u00e0 exist\u00eancia do outro e seus bons resultados, a raz\u00e3o do seu inconformismo. T\u00edpico dos fracassados que, mesmo n\u00e3o sabendo ser sol, rejeitam o destino \u00e0 sombra. Assim, esgotar a energia vital do semelhante que o inquieta e agir no intuito de diminu\u00ed-lo como pessoa, parece ser sua busca constante.<\/p>\n\n\n\n<p>Comportamentos t\u00f3xicos, tal qual descrito acima, fazem parte do conjunto das rela\u00e7\u00f5es interpessoais e costumam ocorrer entre pessoas com algum grau de proximidade. Essa rela\u00e7\u00e3o envolve, inclusive, interpreta\u00e7\u00f5es sobre a no\u00e7\u00e3o de amizade. Sobre isso, o Padre F\u00e1bio de Mello provoca uma necess\u00e1ria reflex\u00e3o. Segundo ele, o amigo \u00e9 aquele que suporta sua alegria. Enxergar com satisfa\u00e7\u00e3o a felicidade do outro \u00e9 tarefa mais dif\u00edcil do que estar com ele no sofrimento. No sofrimento, at\u00e9 seu inimigo fica ao seu lado.<\/p>\n\n\n\n<p>Na verdade, nem precisa ser amigo para vibrar com a alegria alheia, encorajar e fortalecer. Por esta raz\u00e3o, \u00e9 t\u00e3o importante a constante lembran\u00e7a de que, quem v\u00ea como amea\u00e7a o brilho de algu\u00e9m, precisa, com urg\u00eancia, aprender a enxergar a pr\u00f3pria luz. (Imagem: Edvan Santos, via @humorinteligente).<\/p>\n","protected":false},"excerpt":{"rendered":"<p>J\u00e1 parou para pensar que a sua exist\u00eancia pode refletir no imagin\u00e1rio do outro seu pr\u00f3prio fracasso? Pois bem, parece coisa de quem tem mania de persegui\u00e7\u00e3o, mas, se pararmos para refletir sobre isso, essa pode colaborar em uma poss\u00edvel resposta \u00e0 quest\u00e3o do t\u00edtulo. Pouco se discute sobre esses aspectos porque n\u00e3o \u00e9 f\u00e1cil [&hellip;]<\/p>\n","protected":false},"author":1,"featured_media":10126,"comment_status":"open","ping_status":"open","sticky":false,"template":"","format":"standard","meta":{"rop_custom_images_group":[],"rop_custom_messages_group":[],"rop_publish_now":"initial","rop_publish_now_accounts":[],"rop_publish_now_history":[],"rop_publish_now_status":"pending","footnotes":""},"categories":[25,24],"tags":[42,1194,3138,75],"class_list":["post-10124","post","type-post","status-publish","format-standard","has-post-thumbnail","hentry","category-destaque","category-opiniao","tag-diario-tribuna","tag-juliana-lemes","tag-sua-existencia-causa-incomodo-a-alguem","tag-teofilo-otoni"],"_links":{"self":[{"href":"https:\/\/diariotribuna.com.br\/index.php?rest_route=\/wp\/v2\/posts\/10124"}],"collection":[{"href":"https:\/\/diariotribuna.com.br\/index.php?rest_route=\/wp\/v2\/posts"}],"about":[{"href":"https:\/\/diariotribuna.com.br\/index.php?rest_route=\/wp\/v2\/types\/post"}],"author":[{"embeddable":true,"href":"https:\/\/diariotribuna.com.br\/index.php?rest_route=\/wp\/v2\/users\/1"}],"replies":[{"embeddable":true,"href":"https:\/\/diariotribuna.com.br\/index.php?rest_route=%2Fwp%2Fv2%2Fcomments&post=10124"}],"version-history":[{"count":1,"href":"https:\/\/diariotribuna.com.br\/index.php?rest_route=\/wp\/v2\/posts\/10124\/revisions"}],"predecessor-version":[{"id":10127,"href":"https:\/\/diariotribuna.com.br\/index.php?rest_route=\/wp\/v2\/posts\/10124\/revisions\/10127"}],"wp:featuredmedia":[{"embeddable":true,"href":"https:\/\/diariotribuna.com.br\/index.php?rest_route=\/wp\/v2\/media\/10126"}],"wp:attachment":[{"href":"https:\/\/diariotribuna.com.br\/index.php?rest_route=%2Fwp%2Fv2%2Fmedia&parent=10124"}],"wp:term":[{"taxonomy":"category","embeddable":true,"href":"https:\/\/diariotribuna.com.br\/index.php?rest_route=%2Fwp%2Fv2%2Fcategories&post=10124"},{"taxonomy":"post_tag","embeddable":true,"href":"https:\/\/diariotribuna.com.br\/index.php?rest_route=%2Fwp%2Fv2%2Ftags&post=10124"}],"curies":[{"name":"wp","href":"https:\/\/api.w.org\/{rel}","templated":true}]}}