{"id":10128,"date":"2021-05-21T00:01:41","date_gmt":"2021-05-21T03:01:41","guid":{"rendered":"https:\/\/diariotribuna.com.br\/?p=10128"},"modified":"2021-05-21T00:01:43","modified_gmt":"2021-05-21T03:01:43","slug":"policia-civil-cumpre-mandados-de-busca-e-apreensao-em-casa-e-loja-de-empresaria-de-teofilo-otoni","status":"publish","type":"post","link":"https:\/\/diariotribuna.com.br\/?p=10128","title":{"rendered":"Pol\u00edcia Civil cumpre mandados de busca e apreens\u00e3o em casa e loja de empres\u00e1ria de Te\u00f3filo Otoni"},"content":{"rendered":"\n<figure class=\"wp-block-image size-large is-resized is-style-default\"><img loading=\"lazy\" decoding=\"async\" src=\"https:\/\/diariotribuna.com.br\/wp-content\/uploads\/2021\/05\/2-Materiais-apreendidos-pela-PCMG-em-Teofilo-Otoni-na-casa-e-loja-da-empresaria.png\" alt=\"\" class=\"wp-image-10132\" width=\"565\" height=\"367\" srcset=\"https:\/\/diariotribuna.com.br\/wp-content\/uploads\/2021\/05\/2-Materiais-apreendidos-pela-PCMG-em-Teofilo-Otoni-na-casa-e-loja-da-empresaria.png 650w, https:\/\/diariotribuna.com.br\/wp-content\/uploads\/2021\/05\/2-Materiais-apreendidos-pela-PCMG-em-Teofilo-Otoni-na-casa-e-loja-da-empresaria-300x195.png 300w, https:\/\/diariotribuna.com.br\/wp-content\/uploads\/2021\/05\/2-Materiais-apreendidos-pela-PCMG-em-Teofilo-Otoni-na-casa-e-loja-da-empresaria-647x420.png 647w\" sizes=\"(max-width: 565px) 100vw, 565px\" \/><\/figure>\n\n\n\n<p>A Pol\u00edcia Civil de Minas Gerais, atrav\u00e9s da Delegacia Especializada em Repress\u00e3o a Furtos e Roubos de Te\u00f3filo Otoni, cumpriu mandados de busca e apreens\u00e3o na resid\u00eancia e loja de produtos eletroeletr\u00f4nicos de empres\u00e1ria de Te\u00f3filo Otoni.<\/p>\n\n\n\n<p>O delegado titular da D.E.R.F.R. de Te\u00f3filo Otoni, dr. M\u00e1rcio Pereira, destaca que, \u201ctendo tomado conhecimento atrav\u00e9s do delegado titular da 4\u00aa Delegacia de Pol\u00edcia Civil do Barreiro, na capital do estado, de um flagrante delito de um casal que estaria na posse de diversos materiais oriundos de crime, notadamente furtos mediante arrombamento de ve\u00edculo na regi\u00e3o sul, e que a pessoa de G.A.P, 36 anos, teria sido flagrada no momento de uma negocia\u00e7\u00e3o em que N.L.V, 38 anos, repassava v\u00e1rios produtos de furto para G.A.P, e ela seria propriet\u00e1ria de uma loja nesta cidade onde revenderia tais produtos&#8221;, a par das constata\u00e7\u00f5es, ele \u201cdecidiu representar nesta Comarca de Te\u00f3filo Otoni por mandados de busca e apreens\u00e3o no endere\u00e7o residencial e comercial da envolvida\u201d.<\/p>\n\n\n\n<figure class=\"wp-block-gallery columns-2 is-cropped wp-block-gallery-1 is-layout-flex wp-block-gallery-is-layout-flex\"><ul class=\"blocks-gallery-grid\"><li class=\"blocks-gallery-item\"><figure><img loading=\"lazy\" decoding=\"async\" width=\"445\" height=\"301\" src=\"https:\/\/diariotribuna.com.br\/wp-content\/uploads\/2021\/05\/3-Materiais-apreendidos-pela-PCMG-em-Teofilo-Otoni-na-casa-e-loja-da-empresaria.png\" alt=\"\" data-id=\"10130\" data-link=\"https:\/\/diariotribuna.com.br\/?attachment_id=10130\" class=\"wp-image-10130\" srcset=\"https:\/\/diariotribuna.com.br\/wp-content\/uploads\/2021\/05\/3-Materiais-apreendidos-pela-PCMG-em-Teofilo-Otoni-na-casa-e-loja-da-empresaria.png 445w, https:\/\/diariotribuna.com.br\/wp-content\/uploads\/2021\/05\/3-Materiais-apreendidos-pela-PCMG-em-Teofilo-Otoni-na-casa-e-loja-da-empresaria-300x203.png 300w\" sizes=\"(max-width: 445px) 100vw, 445px\" \/><\/figure><\/li><li class=\"blocks-gallery-item\"><figure><img loading=\"lazy\" decoding=\"async\" width=\"700\" height=\"429\" src=\"https:\/\/diariotribuna.com.br\/wp-content\/uploads\/2021\/05\/1-Materiais-apreendidos-pela-PCMG-em-Teofilo-Otoni-na-casa-e-loja-da-empresaria.png\" alt=\"\" data-id=\"10131\" data-full-url=\"https:\/\/diariotribuna.com.br\/wp-content\/uploads\/2021\/05\/1-Materiais-apreendidos-pela-PCMG-em-Teofilo-Otoni-na-casa-e-loja-da-empresaria.png\" data-link=\"https:\/\/diariotribuna.com.br\/?attachment_id=10131\" class=\"wp-image-10131\" srcset=\"https:\/\/diariotribuna.com.br\/wp-content\/uploads\/2021\/05\/1-Materiais-apreendidos-pela-PCMG-em-Teofilo-Otoni-na-casa-e-loja-da-empresaria.png 700w, https:\/\/diariotribuna.com.br\/wp-content\/uploads\/2021\/05\/1-Materiais-apreendidos-pela-PCMG-em-Teofilo-Otoni-na-casa-e-loja-da-empresaria-300x184.png 300w, https:\/\/diariotribuna.com.br\/wp-content\/uploads\/2021\/05\/1-Materiais-apreendidos-pela-PCMG-em-Teofilo-Otoni-na-casa-e-loja-da-empresaria-696x427.png 696w, https:\/\/diariotribuna.com.br\/wp-content\/uploads\/2021\/05\/1-Materiais-apreendidos-pela-PCMG-em-Teofilo-Otoni-na-casa-e-loja-da-empresaria-685x420.png 685w\" sizes=\"(max-width: 700px) 100vw, 700px\" \/><\/figure><\/li><\/ul><\/figure>\n\n\n\n<p>De acordo com a Pol\u00edcia Civil, ap\u00f3s as dilig\u00eancias \u201cforam apreendidos diversos produtos de origem duvidosa, que ser\u00e3o objetos de investiga\u00e7\u00e3o, tanto nessa Delegacia Especializada como na 4\u00aa Delegacia de Pol\u00edcia Civil do Barreiro em Belo Horizonte\u201d. <strong>Apura\u00e7\u00e3o: <\/strong>Recepta\u00e7\u00e3o qualificada, furto qualificado e organiza\u00e7\u00e3o Criminosa. <strong>Equipe policial &#8211; Delegado:<\/strong> dr. M\u00e1rcio Pereira. <strong>Investigadores:<\/strong> Cl\u00e1udio Borges, Nat\u00e1lia Sp\u00f3sito, Fabr\u00edcio Tud\u00e9ia e Erick Mateus. <strong>Escriv\u00e3o:<\/strong> Gerson Lucas.<\/p>\n\n\n\n<p>Segundo a PCMG, levantamentos apontam que o suspeito de 38 anos, morador do Bairro Serra, capital, seria o l\u00edder de um grupo criminoso envolvido no furto de notebooks, e a mulher de 36 anos, empres\u00e1ria em Te\u00f3filo Otoni, uma das principais receptadoras desses equipamentos. Os dois foram identificados durante investiga\u00e7\u00f5es sobre arrombamentos e furtos em ve\u00edculos nos bairros Buritis e Estoril. Conforme apurado, os criminosos agiam quebrando o vidro de carros estacionados em via p\u00fablica para furtar notebooks e outros equipamentos que estivessem dentro dos ve\u00edculos.<\/p>\n","protected":false},"excerpt":{"rendered":"<p>A Pol\u00edcia Civil de Minas Gerais, atrav\u00e9s da Delegacia Especializada em Repress\u00e3o a Furtos e Roubos de Te\u00f3filo Otoni, cumpriu mandados de busca e apreens\u00e3o na resid\u00eancia e loja de produtos eletroeletr\u00f4nicos de empres\u00e1ria de Te\u00f3filo Otoni. O delegado titular da D.E.R.F.R. de Te\u00f3filo Otoni, dr. M\u00e1rcio Pereira, destaca que, \u201ctendo tomado conhecimento atrav\u00e9s do [&hellip;]<\/p>\n","protected":false},"author":1,"featured_media":10132,"comment_status":"open","ping_status":"open","sticky":false,"template":"","format":"standard","meta":{"rop_custom_images_group":[],"rop_custom_messages_group":[],"rop_publish_now":"initial","rop_publish_now_accounts":[],"rop_publish_now_history":[],"rop_publish_now_status":"pending","footnotes":""},"categories":[25,20],"tags":[186,732,3139,1704,3140,292,488,75],"class_list":["post-10128","post","type-post","status-publish","format-standard","has-post-thumbnail","hentry","category-destaque","category-policia","tag-apreensao","tag-bh","tag-eletroeletronicos","tag-empresaria","tag-mandado-de-busca-e-apreensao","tag-policia-civil","tag-receptacao","tag-teofilo-otoni"],"_links":{"self":[{"href":"https:\/\/diariotribuna.com.br\/index.php?rest_route=\/wp\/v2\/posts\/10128"}],"collection":[{"href":"https:\/\/diariotribuna.com.br\/index.php?rest_route=\/wp\/v2\/posts"}],"about":[{"href":"https:\/\/diariotribuna.com.br\/index.php?rest_route=\/wp\/v2\/types\/post"}],"author":[{"embeddable":true,"href":"https:\/\/diariotribuna.com.br\/index.php?rest_route=\/wp\/v2\/users\/1"}],"replies":[{"embeddable":true,"href":"https:\/\/diariotribuna.com.br\/index.php?rest_route=%2Fwp%2Fv2%2Fcomments&post=10128"}],"version-history":[{"count":1,"href":"https:\/\/diariotribuna.com.br\/index.php?rest_route=\/wp\/v2\/posts\/10128\/revisions"}],"predecessor-version":[{"id":10133,"href":"https:\/\/diariotribuna.com.br\/index.php?rest_route=\/wp\/v2\/posts\/10128\/revisions\/10133"}],"wp:featuredmedia":[{"embeddable":true,"href":"https:\/\/diariotribuna.com.br\/index.php?rest_route=\/wp\/v2\/media\/10132"}],"wp:attachment":[{"href":"https:\/\/diariotribuna.com.br\/index.php?rest_route=%2Fwp%2Fv2%2Fmedia&parent=10128"}],"wp:term":[{"taxonomy":"category","embeddable":true,"href":"https:\/\/diariotribuna.com.br\/index.php?rest_route=%2Fwp%2Fv2%2Fcategories&post=10128"},{"taxonomy":"post_tag","embeddable":true,"href":"https:\/\/diariotribuna.com.br\/index.php?rest_route=%2Fwp%2Fv2%2Ftags&post=10128"}],"curies":[{"name":"wp","href":"https:\/\/api.w.org\/{rel}","templated":true}]}}