{"id":10134,"date":"2021-05-21T00:35:48","date_gmt":"2021-05-21T03:35:48","guid":{"rendered":"https:\/\/diariotribuna.com.br\/?p=10134"},"modified":"2021-05-21T00:37:43","modified_gmt":"2021-05-21T03:37:43","slug":"comarca-de-jequitinhonha-participa-da-campanha-faca-bonito-em-casa","status":"publish","type":"post","link":"https:\/\/diariotribuna.com.br\/?p=10134","title":{"rendered":"Comarca de Jequitinhonha participa da campanha Fa\u00e7a Bonito em Casa"},"content":{"rendered":"\n<p><strong>Objetivo \u00e9 convocar a sociedade para defender direitos de crian\u00e7as e adolescentes<\/strong><\/p>\n\n\n\n<figure class=\"wp-block-image size-large is-resized is-style-default\"><img loading=\"lazy\" decoding=\"async\" src=\"https:\/\/diariotribuna.com.br\/wp-content\/uploads\/2021\/05\/c6ddbdb9-24f6-42ba-9c15-b86fb136e0c9.jpg\" alt=\"\" class=\"wp-image-10135\" width=\"584\" height=\"389\" srcset=\"https:\/\/diariotribuna.com.br\/wp-content\/uploads\/2021\/05\/c6ddbdb9-24f6-42ba-9c15-b86fb136e0c9.jpg 700w, https:\/\/diariotribuna.com.br\/wp-content\/uploads\/2021\/05\/c6ddbdb9-24f6-42ba-9c15-b86fb136e0c9-300x200.jpg 300w, https:\/\/diariotribuna.com.br\/wp-content\/uploads\/2021\/05\/c6ddbdb9-24f6-42ba-9c15-b86fb136e0c9-696x464.jpg 696w, https:\/\/diariotribuna.com.br\/wp-content\/uploads\/2021\/05\/c6ddbdb9-24f6-42ba-9c15-b86fb136e0c9-630x420.jpg 630w\" sizes=\"(max-width: 584px) 100vw, 584px\" \/><figcaption><strong><em>Durante a semana, a Secretaria de Desenvolvimento Social de<\/em><\/strong><br><strong><em>Jequitinhonha<\/em><\/strong> <strong><em>ir\u00e1 at\u00e9 a zona rural para divulgar a campanha<\/em><\/strong><br><strong><em>e distribuir<\/em><\/strong> <strong><em>material educativo (Foto: Divulga\u00e7\u00e3o\/TJMG)<\/em><\/strong><\/figcaption><\/figure>\n\n\n\n<p>No dia 18 de maio, foi celebrado o Dia Nacional de Combate ao Abuso e \u00e0 Explora\u00e7\u00e3o Sexual de Crian\u00e7a e Adolescentes. Esse dia foi escolhido porque em 18 de maio de 1973, em Vit\u00f3ria (ES), um crime chocou todo o pa\u00eds e ficou conhecido como o &#8220;Caso Araceli&#8221;. Esse era o nome de uma menina de oito anos de idade, que foi raptada, estuprada e morta por jovens de classe m\u00e9dia alta daquela cidade. Para marcar a data est\u00e1 sendo realizada a Campanha &#8220;Fa\u00e7a Bonito em Casa&#8221;, com apoio da Comarca de Jequitinhonha, desenvolvida pela Secretaria Municipal de Desenvolvimento Social do Munic\u00edpio.<\/p>\n\n\n\n<p>A proposta da campanha \u00e9 mobilizar, sensibilizar, informar e convocar toda a sociedade a participar da luta em defesa dos direitos de crian\u00e7as e adolescentes, bem como trabalhar a conscientiza\u00e7\u00e3o para o enfrentamento \u00e0 viol\u00eancia sexual contra crian\u00e7as e adolescentes. A secretaria municipal ir\u00e1 at\u00e9 a zona rural para divulgar a campanha e distribuir material educativo.<\/p>\n\n\n\n<p>O juiz Luiz Ricardo Alves Tavares disse que desde que assumiu a Comarca de Jequitinhonha, em agosto de 2020, verificou um elevado n\u00famero de casos envolvendo viol\u00eancia sexual contra crian\u00e7as e adolescentes. A partir de ent\u00e3o, passou a incentivar a rede de prote\u00e7\u00e3o a desenvolver medidas educativas para a sociedade. A viol\u00eancia sexual \u00e9 a viola\u00e7\u00e3o dos direitos sexuais no sentido de abusar ou explorar do corpo e da sexualidade de crian\u00e7as e adolescentes. Ela ocorre de duas formas: pelo abuso sexual ou pela explora\u00e7\u00e3o sexual.<\/p>\n\n\n\n<p>O abuso sexual \u00e9 a utiliza\u00e7\u00e3o da sexualidade de uma crian\u00e7a ou adolescente para a pr\u00e1tica de qualquer ato de natureza sexual. O abuso sexual \u00e9 geralmente praticado por uma pessoa com quem a crian\u00e7a ou adolescente possui uma rela\u00e7\u00e3o de confian\u00e7a, e que participa do seu conv\u00edvio. A explora\u00e7\u00e3o sexual caracteriza-se pela utiliza\u00e7\u00e3o de crian\u00e7as e adolescentes para fins sexuais com a inten\u00e7\u00e3o de lucro, seja financeiro ou de qualquer esp\u00e9cie, incluindo objetos de valor ou outros elementos de troca.<\/p>\n\n\n\n<p><strong>(Assessoria de Comunica\u00e7\u00e3o Institucional \u2013 Ascom &#8211; Tribunal de Justi\u00e7a de Minas Gerais \u2013 TJMG).<\/strong><\/p>\n","protected":false},"excerpt":{"rendered":"<p>Objetivo \u00e9 convocar a sociedade para defender direitos de crian\u00e7as e adolescentes No dia 18 de maio, foi celebrado o Dia Nacional de Combate ao Abuso e \u00e0 Explora\u00e7\u00e3o Sexual de Crian\u00e7a e Adolescentes. Esse dia foi escolhido porque em 18 de maio de 1973, em Vit\u00f3ria (ES), um crime chocou todo o pa\u00eds e [&hellip;]<\/p>\n","protected":false},"author":1,"featured_media":10135,"comment_status":"open","ping_status":"open","sticky":false,"template":"","format":"standard","meta":{"rop_custom_images_group":[],"rop_custom_messages_group":[],"rop_publish_now":"initial","rop_publish_now_accounts":[],"rop_publish_now_history":[],"rop_publish_now_status":"pending","footnotes":""},"categories":[31],"tags":[39,3141,3142,53],"class_list":["post-10134","post","type-post","status-publish","format-standard","has-post-thumbnail","hentry","category-juridico","tag-campanha","tag-comarca-de-jequitinhonha","tag-faca-bonito-em-casa","tag-tjmg"],"_links":{"self":[{"href":"https:\/\/diariotribuna.com.br\/index.php?rest_route=\/wp\/v2\/posts\/10134"}],"collection":[{"href":"https:\/\/diariotribuna.com.br\/index.php?rest_route=\/wp\/v2\/posts"}],"about":[{"href":"https:\/\/diariotribuna.com.br\/index.php?rest_route=\/wp\/v2\/types\/post"}],"author":[{"embeddable":true,"href":"https:\/\/diariotribuna.com.br\/index.php?rest_route=\/wp\/v2\/users\/1"}],"replies":[{"embeddable":true,"href":"https:\/\/diariotribuna.com.br\/index.php?rest_route=%2Fwp%2Fv2%2Fcomments&post=10134"}],"version-history":[{"count":4,"href":"https:\/\/diariotribuna.com.br\/index.php?rest_route=\/wp\/v2\/posts\/10134\/revisions"}],"predecessor-version":[{"id":10140,"href":"https:\/\/diariotribuna.com.br\/index.php?rest_route=\/wp\/v2\/posts\/10134\/revisions\/10140"}],"wp:featuredmedia":[{"embeddable":true,"href":"https:\/\/diariotribuna.com.br\/index.php?rest_route=\/wp\/v2\/media\/10135"}],"wp:attachment":[{"href":"https:\/\/diariotribuna.com.br\/index.php?rest_route=%2Fwp%2Fv2%2Fmedia&parent=10134"}],"wp:term":[{"taxonomy":"category","embeddable":true,"href":"https:\/\/diariotribuna.com.br\/index.php?rest_route=%2Fwp%2Fv2%2Fcategories&post=10134"},{"taxonomy":"post_tag","embeddable":true,"href":"https:\/\/diariotribuna.com.br\/index.php?rest_route=%2Fwp%2Fv2%2Ftags&post=10134"}],"curies":[{"name":"wp","href":"https:\/\/api.w.org\/{rel}","templated":true}]}}