{"id":10141,"date":"2021-05-21T00:45:22","date_gmt":"2021-05-21T03:45:22","guid":{"rendered":"https:\/\/diariotribuna.com.br\/?p=10141"},"modified":"2021-05-21T00:45:23","modified_gmt":"2021-05-21T03:45:23","slug":"pm-promove-evento-sobre-o-dia-nacional-de-combate-a-exploracao-sexual-de-criancas-e-adolescentes","status":"publish","type":"post","link":"https:\/\/diariotribuna.com.br\/?p=10141","title":{"rendered":"PM promove evento sobre o dia nacional de combate \u00e0 explora\u00e7\u00e3o sexual de crian\u00e7as e adolescentes"},"content":{"rendered":"\n<figure class=\"wp-block-gallery columns-2 is-cropped wp-block-gallery-1 is-layout-flex wp-block-gallery-is-layout-flex\"><ul class=\"blocks-gallery-grid\"><li class=\"blocks-gallery-item\"><figure><img loading=\"lazy\" decoding=\"async\" width=\"700\" height=\"442\" src=\"https:\/\/diariotribuna.com.br\/wp-content\/uploads\/2021\/05\/ee304fa3-59a8-4983-b620-8671eb9fced1.jpg\" alt=\"\" data-id=\"10142\" data-full-url=\"https:\/\/diariotribuna.com.br\/wp-content\/uploads\/2021\/05\/ee304fa3-59a8-4983-b620-8671eb9fced1.jpg\" data-link=\"https:\/\/diariotribuna.com.br\/?attachment_id=10142\" class=\"wp-image-10142\" srcset=\"https:\/\/diariotribuna.com.br\/wp-content\/uploads\/2021\/05\/ee304fa3-59a8-4983-b620-8671eb9fced1.jpg 700w, https:\/\/diariotribuna.com.br\/wp-content\/uploads\/2021\/05\/ee304fa3-59a8-4983-b620-8671eb9fced1-300x189.jpg 300w, https:\/\/diariotribuna.com.br\/wp-content\/uploads\/2021\/05\/ee304fa3-59a8-4983-b620-8671eb9fced1-696x439.jpg 696w, https:\/\/diariotribuna.com.br\/wp-content\/uploads\/2021\/05\/ee304fa3-59a8-4983-b620-8671eb9fced1-665x420.jpg 665w\" sizes=\"(max-width: 700px) 100vw, 700px\" \/><\/figure><\/li><li class=\"blocks-gallery-item\"><figure><img loading=\"lazy\" decoding=\"async\" width=\"700\" height=\"392\" src=\"https:\/\/diariotribuna.com.br\/wp-content\/uploads\/2021\/05\/48716451-8493-4bbf-a967-75254399e54a.jpg\" alt=\"\" data-id=\"10143\" data-full-url=\"https:\/\/diariotribuna.com.br\/wp-content\/uploads\/2021\/05\/48716451-8493-4bbf-a967-75254399e54a.jpg\" data-link=\"https:\/\/diariotribuna.com.br\/?attachment_id=10143\" class=\"wp-image-10143\" srcset=\"https:\/\/diariotribuna.com.br\/wp-content\/uploads\/2021\/05\/48716451-8493-4bbf-a967-75254399e54a.jpg 700w, https:\/\/diariotribuna.com.br\/wp-content\/uploads\/2021\/05\/48716451-8493-4bbf-a967-75254399e54a-300x168.jpg 300w, https:\/\/diariotribuna.com.br\/wp-content\/uploads\/2021\/05\/48716451-8493-4bbf-a967-75254399e54a-696x390.jpg 696w\" sizes=\"(max-width: 700px) 100vw, 700px\" \/><\/figure><\/li><\/ul><\/figure>\n\n\n\n<p><strong>Itaip\u00e9 &#8211;<\/strong> Na ter\u00e7a-feira (18\/05), Dia Nacional de Combate \u00e0 Explora\u00e7\u00e3o Sexual de Crian\u00e7as e adolescentes, a Pol\u00edcia Militar realizou na cidade de Itaip\u00e9, blitz educativa para conscientiza\u00e7\u00e3o da popula\u00e7\u00e3o, sobre a import\u00e2ncia do combate \u00e0 explora\u00e7\u00e3o sexual de crian\u00e7as e adolescentes.<\/p>\n\n\n\n<p>Foram feitas abordagens em conjunto com os \u00f3rg\u00e3os assistencialistas do munic\u00edpio e Conselho Tutelar, entrega de cartilha educativa refor\u00e7ando a conscientiza\u00e7\u00e3o sobre a import\u00e2ncia de denunciar os criminosos, que muitas vezes vivem com as v\u00edtimas em seio familiar.<\/p>\n\n\n\n<p>Foi divulgado v\u00eddeo na m\u00eddia social, oportunidade em que cada autoridade da Rede de Prote\u00e7\u00e3o, falou um pouco sobre a import\u00e2ncia do dia 18 de Maio, demonstrando a intera\u00e7\u00e3o entre os \u00f3rg\u00e3os de defesa social de Itaip\u00e9 na preven\u00e7\u00e3o e combate \u00e0 explora\u00e7\u00e3o sexual de crian\u00e7as e adolescentes. Equipe: Pol\u00edcia Militar, Conselho Tutelar, CREAS e CRAS.<\/p>\n","protected":false},"excerpt":{"rendered":"<p>Itaip\u00e9 &#8211; Na ter\u00e7a-feira (18\/05), Dia Nacional de Combate \u00e0 Explora\u00e7\u00e3o Sexual de Crian\u00e7as e adolescentes, a Pol\u00edcia Militar realizou na cidade de Itaip\u00e9, blitz educativa para conscientiza\u00e7\u00e3o da popula\u00e7\u00e3o, sobre a import\u00e2ncia do combate \u00e0 explora\u00e7\u00e3o sexual de crian\u00e7as e adolescentes. Foram feitas abordagens em conjunto com os \u00f3rg\u00e3os assistencialistas do munic\u00edpio e Conselho [&hellip;]<\/p>\n","protected":false},"author":1,"featured_media":10143,"comment_status":"open","ping_status":"open","sticky":false,"template":"","format":"standard","meta":{"rop_custom_images_group":[],"rop_custom_messages_group":[],"rop_publish_now":"initial","rop_publish_now_accounts":[],"rop_publish_now_history":[],"rop_publish_now_status":"pending","footnotes":""},"categories":[18],"tags":[3142,665,76,3143],"class_list":["post-10141","post","type-post","status-publish","format-standard","has-post-thumbnail","hentry","category-regiao","tag-faca-bonito-em-casa","tag-itaipe","tag-policia-militar","tag-proteger-as-criancas-e-adolescentes"],"_links":{"self":[{"href":"https:\/\/diariotribuna.com.br\/index.php?rest_route=\/wp\/v2\/posts\/10141"}],"collection":[{"href":"https:\/\/diariotribuna.com.br\/index.php?rest_route=\/wp\/v2\/posts"}],"about":[{"href":"https:\/\/diariotribuna.com.br\/index.php?rest_route=\/wp\/v2\/types\/post"}],"author":[{"embeddable":true,"href":"https:\/\/diariotribuna.com.br\/index.php?rest_route=\/wp\/v2\/users\/1"}],"replies":[{"embeddable":true,"href":"https:\/\/diariotribuna.com.br\/index.php?rest_route=%2Fwp%2Fv2%2Fcomments&post=10141"}],"version-history":[{"count":1,"href":"https:\/\/diariotribuna.com.br\/index.php?rest_route=\/wp\/v2\/posts\/10141\/revisions"}],"predecessor-version":[{"id":10144,"href":"https:\/\/diariotribuna.com.br\/index.php?rest_route=\/wp\/v2\/posts\/10141\/revisions\/10144"}],"wp:featuredmedia":[{"embeddable":true,"href":"https:\/\/diariotribuna.com.br\/index.php?rest_route=\/wp\/v2\/media\/10143"}],"wp:attachment":[{"href":"https:\/\/diariotribuna.com.br\/index.php?rest_route=%2Fwp%2Fv2%2Fmedia&parent=10141"}],"wp:term":[{"taxonomy":"category","embeddable":true,"href":"https:\/\/diariotribuna.com.br\/index.php?rest_route=%2Fwp%2Fv2%2Fcategories&post=10141"},{"taxonomy":"post_tag","embeddable":true,"href":"https:\/\/diariotribuna.com.br\/index.php?rest_route=%2Fwp%2Fv2%2Ftags&post=10141"}],"curies":[{"name":"wp","href":"https:\/\/api.w.org\/{rel}","templated":true}]}}