{"id":10145,"date":"2021-05-21T00:54:21","date_gmt":"2021-05-21T03:54:21","guid":{"rendered":"https:\/\/diariotribuna.com.br\/?p=10145"},"modified":"2021-05-21T00:54:23","modified_gmt":"2021-05-21T03:54:23","slug":"policia-militar-prende-autor-de-violencia-domestica-em-itinga","status":"publish","type":"post","link":"https:\/\/diariotribuna.com.br\/?p=10145","title":{"rendered":"Pol\u00edcia Militar prende autor de viol\u00eancia dom\u00e9stica em Itinga"},"content":{"rendered":"\n<figure class=\"wp-block-image size-large is-resized is-style-default\"><img loading=\"lazy\" decoding=\"async\" src=\"https:\/\/diariotribuna.com.br\/wp-content\/uploads\/2021\/05\/02f42806-3c2d-4e00-9b23-112af1f76096.jpg\" alt=\"\" class=\"wp-image-10146\" width=\"513\" height=\"372\" srcset=\"https:\/\/diariotribuna.com.br\/wp-content\/uploads\/2021\/05\/02f42806-3c2d-4e00-9b23-112af1f76096.jpg 700w, https:\/\/diariotribuna.com.br\/wp-content\/uploads\/2021\/05\/02f42806-3c2d-4e00-9b23-112af1f76096-300x217.jpg 300w, https:\/\/diariotribuna.com.br\/wp-content\/uploads\/2021\/05\/02f42806-3c2d-4e00-9b23-112af1f76096-324x235.jpg 324w, https:\/\/diariotribuna.com.br\/wp-content\/uploads\/2021\/05\/02f42806-3c2d-4e00-9b23-112af1f76096-696x504.jpg 696w, https:\/\/diariotribuna.com.br\/wp-content\/uploads\/2021\/05\/02f42806-3c2d-4e00-9b23-112af1f76096-580x420.jpg 580w\" sizes=\"(max-width: 513px) 100vw, 513px\" \/><\/figure>\n\n\n\n<p>A Pol\u00edcia Militar foi acionada a comparecer \u00e0 Rua Prefeito Nilo Bermuda, \u00e1rea central de Itinga, onde populares informaram que havia uma mulher com sangramento no rosto. Ao chegarem ao local, os militares encontraram a v\u00edtima, uma mulher de 30 anos, cobrindo o olho direito com um pano e com bastante sangramento na face.<\/p>\n\n\n\n<p>Aos militares a v\u00edtima disse que o seu am\u00e1sio, de 41 anos, come\u00e7ou a lhe agredir com socos e chutes dentro da resid\u00eancia deles. Disse ainda que para se defender pegou uma faca, mas o autor tomou a faca de sua m\u00e3o e efetuou um golpe nela que acertou o superc\u00edlio direito.<\/p>\n\n\n\n<p>J\u00e1 o autor disse que eles estavam discutindo e ela pegou uma faca para tentar lhe agredir, mas ele tomou a faca das m\u00e3os dela, e enquanto estavam atracados, ele sem querer acertou a faca no superc\u00edlio dela. Ele disse ainda que, com a a\u00e7\u00e3o de tomar a faca da v\u00edtima, acabou cortando um pouco sua m\u00e3o esquerda.<\/p>\n\n\n\n<p>Os dois foram encaminhados at\u00e9 a Unidade de Pronto Atendimento de Itinga para receberem atendimentos necess\u00e1rios, posteriormente o homem foi conduzido preso em flagrante delito para a delegacia de Pol\u00edcia Civil na cidade de Pedra Azul. (Assessoria de comunica\u00e7\u00e3o organizacional da 14\u00aa Cia PM Ind., Ara\u00e7ua\u00ed).<\/p>\n","protected":false},"excerpt":{"rendered":"<p>A Pol\u00edcia Militar foi acionada a comparecer \u00e0 Rua Prefeito Nilo Bermuda, \u00e1rea central de Itinga, onde populares informaram que havia uma mulher com sangramento no rosto. Ao chegarem ao local, os militares encontraram a v\u00edtima, uma mulher de 30 anos, cobrindo o olho direito com um pano e com bastante sangramento na face. Aos [&hellip;]<\/p>\n","protected":false},"author":1,"featured_media":10146,"comment_status":"open","ping_status":"open","sticky":false,"template":"","format":"standard","meta":{"rop_custom_images_group":[],"rop_custom_messages_group":[],"rop_publish_now":"initial","rop_publish_now_accounts":[],"rop_publish_now_history":[],"rop_publish_now_status":"pending","footnotes":""},"categories":[20],"tags":[377,76,2663,1052],"class_list":["post-10145","post","type-post","status-publish","format-standard","has-post-thumbnail","hentry","category-policia","tag-itinga","tag-policia-militar","tag-prisao-de-autor","tag-violencia-domestica"],"_links":{"self":[{"href":"https:\/\/diariotribuna.com.br\/index.php?rest_route=\/wp\/v2\/posts\/10145"}],"collection":[{"href":"https:\/\/diariotribuna.com.br\/index.php?rest_route=\/wp\/v2\/posts"}],"about":[{"href":"https:\/\/diariotribuna.com.br\/index.php?rest_route=\/wp\/v2\/types\/post"}],"author":[{"embeddable":true,"href":"https:\/\/diariotribuna.com.br\/index.php?rest_route=\/wp\/v2\/users\/1"}],"replies":[{"embeddable":true,"href":"https:\/\/diariotribuna.com.br\/index.php?rest_route=%2Fwp%2Fv2%2Fcomments&post=10145"}],"version-history":[{"count":1,"href":"https:\/\/diariotribuna.com.br\/index.php?rest_route=\/wp\/v2\/posts\/10145\/revisions"}],"predecessor-version":[{"id":10147,"href":"https:\/\/diariotribuna.com.br\/index.php?rest_route=\/wp\/v2\/posts\/10145\/revisions\/10147"}],"wp:featuredmedia":[{"embeddable":true,"href":"https:\/\/diariotribuna.com.br\/index.php?rest_route=\/wp\/v2\/media\/10146"}],"wp:attachment":[{"href":"https:\/\/diariotribuna.com.br\/index.php?rest_route=%2Fwp%2Fv2%2Fmedia&parent=10145"}],"wp:term":[{"taxonomy":"category","embeddable":true,"href":"https:\/\/diariotribuna.com.br\/index.php?rest_route=%2Fwp%2Fv2%2Fcategories&post=10145"},{"taxonomy":"post_tag","embeddable":true,"href":"https:\/\/diariotribuna.com.br\/index.php?rest_route=%2Fwp%2Fv2%2Ftags&post=10145"}],"curies":[{"name":"wp","href":"https:\/\/api.w.org\/{rel}","templated":true}]}}