{"id":10152,"date":"2021-05-21T01:12:03","date_gmt":"2021-05-21T04:12:03","guid":{"rendered":"https:\/\/diariotribuna.com.br\/?p=10152"},"modified":"2021-05-21T01:13:58","modified_gmt":"2021-05-21T04:13:58","slug":"municipio-de-teofilo-otoni-adere-ao-projeto-bosques-da-memoria","status":"publish","type":"post","link":"https:\/\/diariotribuna.com.br\/?p=10152","title":{"rendered":"Munic\u00edpio de Te\u00f3filo Otoni adere ao projeto Bosques da Mem\u00f3ria"},"content":{"rendered":"\n<p><em><strong>O projeto visa homenagear v\u00edtimas da covid-19 e profissionais da sa\u00fade da linha de frente<\/strong><\/em><\/p>\n\n\n\n<figure class=\"wp-block-image size-large is-resized is-style-default\"><img loading=\"lazy\" decoding=\"async\" src=\"https:\/\/diariotribuna.com.br\/wp-content\/uploads\/2021\/05\/a63f4058-4c7a-4bcd-b7c8-c0f456b033a1-1024x647.jpg\" alt=\"\" class=\"wp-image-10153\" width=\"501\" height=\"316\" srcset=\"https:\/\/diariotribuna.com.br\/wp-content\/uploads\/2021\/05\/a63f4058-4c7a-4bcd-b7c8-c0f456b033a1-1024x647.jpg 1024w, https:\/\/diariotribuna.com.br\/wp-content\/uploads\/2021\/05\/a63f4058-4c7a-4bcd-b7c8-c0f456b033a1-300x190.jpg 300w, https:\/\/diariotribuna.com.br\/wp-content\/uploads\/2021\/05\/a63f4058-4c7a-4bcd-b7c8-c0f456b033a1-768x485.jpg 768w, https:\/\/diariotribuna.com.br\/wp-content\/uploads\/2021\/05\/a63f4058-4c7a-4bcd-b7c8-c0f456b033a1-696x440.jpg 696w, https:\/\/diariotribuna.com.br\/wp-content\/uploads\/2021\/05\/a63f4058-4c7a-4bcd-b7c8-c0f456b033a1-665x420.jpg 665w, https:\/\/diariotribuna.com.br\/wp-content\/uploads\/2021\/05\/a63f4058-4c7a-4bcd-b7c8-c0f456b033a1.jpg 1048w\" sizes=\"(max-width: 501px) 100vw, 501px\" \/><figcaption><strong>Jana\u00edna Mendon\u00e7a &#8211; Secret\u00e1ria do Meio Ambiente<\/strong><\/figcaption><\/figure>\n\n\n\n<p>A secret\u00e1ria do Meio Ambiente de Te\u00f3filo Otoni, Jana\u00edna Mendon\u00e7a informa que o munic\u00edpio aderiu ao projeto Bosques da Mem\u00f3ria, que tem o objetivo de homenagear v\u00edtimas da Covid-19 em Te\u00f3filo Otoni e tamb\u00e9m os profissionais da sa\u00fade da linha de frente, transformando tristeza em esperan\u00e7a, atrav\u00e9s da restaura\u00e7\u00e3o da mata atl\u00e2ntica.<\/p>\n\n\n\n<p>\u201cPara isso, em parceria com a rede de ONGs da Mata Atl\u00e2ntica, a Reserva da Biosfera da Mata Atl\u00e2ntica, e o Pacto pela Restaura\u00e7\u00e3o da Mata Atl\u00e2ntica, n\u00f3s iremos plantar no primeiro plantio 150 mudas\u201d, disse Jana\u00edna. O primeiro plantio ocorrer\u00e1 no dia 27 de maio, que \u00e9 o Dia da Mata Atl\u00e2ntica, \u00e0s 9h, na mata Ciliar do C\u00f3rrego Piquiri, em frente ao CEU, no Bairro Viriato.<\/p>\n\n\n\n<p>Jana\u00edna destaca que o munic\u00edpio que foi o primeiro a elaborar e implementar o Plano Municipal da Mata Atl\u00e2ntica, tamb\u00e9m est\u00e1 sendo o primeiro, atrav\u00e9s da iniciativa do poder p\u00fablico municipal, a implantar o Bosque da Mem\u00f3ria em Minas Gerais. \u201cO objetivo \u00e9 plantar mudas de esp\u00e9cies nobres da Mata Atl\u00e2ntica em homenagem \u00e0s v\u00edtimas da Covid-19 e aos profissionais da sa\u00fade\u201d, frisou.<\/p>\n\n\n\n<p>Na oportunidade, Jana\u00edna convida familiares, profissionais da sa\u00fade, para que possam fazer um plantio simb\u00f3lico de esp\u00e9cies nativas e nobres da mata atl\u00e2ntica, como o Ip\u00ea, Jequitib\u00e1 e Sapucaia. Para isso, a pessoa precisa procurar a prefeitura atrav\u00e9s do site <a href=\"http:\/\/www.teofilootoni.mg.gov.br\">www.teofilootoni.mg.gov.br<\/a><\/p>\n","protected":false},"excerpt":{"rendered":"<p>O projeto visa homenagear v\u00edtimas da covid-19 e profissionais da sa\u00fade da linha de frente A secret\u00e1ria do Meio Ambiente de Te\u00f3filo Otoni, Jana\u00edna Mendon\u00e7a informa que o munic\u00edpio aderiu ao projeto Bosques da Mem\u00f3ria, que tem o objetivo de homenagear v\u00edtimas da Covid-19 em Te\u00f3filo Otoni e tamb\u00e9m os profissionais da sa\u00fade da linha [&hellip;]<\/p>\n","protected":false},"author":1,"featured_media":10153,"comment_status":"open","ping_status":"open","sticky":false,"template":"","format":"standard","meta":{"rop_custom_images_group":[],"rop_custom_messages_group":[],"rop_publish_now":"initial","rop_publish_now_accounts":[],"rop_publish_now_history":[],"rop_publish_now_status":"pending","footnotes":""},"categories":[17],"tags":[3148,2776,3146,3147,75],"class_list":["post-10152","post","type-post","status-publish","format-standard","has-post-thumbnail","hentry","category-teofilootoni","tag-bosques-da-memoria","tag-homenagens","tag-janaina-mendonca","tag-projeto","tag-teofilo-otoni"],"_links":{"self":[{"href":"https:\/\/diariotribuna.com.br\/index.php?rest_route=\/wp\/v2\/posts\/10152"}],"collection":[{"href":"https:\/\/diariotribuna.com.br\/index.php?rest_route=\/wp\/v2\/posts"}],"about":[{"href":"https:\/\/diariotribuna.com.br\/index.php?rest_route=\/wp\/v2\/types\/post"}],"author":[{"embeddable":true,"href":"https:\/\/diariotribuna.com.br\/index.php?rest_route=\/wp\/v2\/users\/1"}],"replies":[{"embeddable":true,"href":"https:\/\/diariotribuna.com.br\/index.php?rest_route=%2Fwp%2Fv2%2Fcomments&post=10152"}],"version-history":[{"count":2,"href":"https:\/\/diariotribuna.com.br\/index.php?rest_route=\/wp\/v2\/posts\/10152\/revisions"}],"predecessor-version":[{"id":10155,"href":"https:\/\/diariotribuna.com.br\/index.php?rest_route=\/wp\/v2\/posts\/10152\/revisions\/10155"}],"wp:featuredmedia":[{"embeddable":true,"href":"https:\/\/diariotribuna.com.br\/index.php?rest_route=\/wp\/v2\/media\/10153"}],"wp:attachment":[{"href":"https:\/\/diariotribuna.com.br\/index.php?rest_route=%2Fwp%2Fv2%2Fmedia&parent=10152"}],"wp:term":[{"taxonomy":"category","embeddable":true,"href":"https:\/\/diariotribuna.com.br\/index.php?rest_route=%2Fwp%2Fv2%2Fcategories&post=10152"},{"taxonomy":"post_tag","embeddable":true,"href":"https:\/\/diariotribuna.com.br\/index.php?rest_route=%2Fwp%2Fv2%2Ftags&post=10152"}],"curies":[{"name":"wp","href":"https:\/\/api.w.org\/{rel}","templated":true}]}}