{"id":10156,"date":"2021-05-21T01:22:51","date_gmt":"2021-05-21T04:22:51","guid":{"rendered":"https:\/\/diariotribuna.com.br\/?p=10156"},"modified":"2021-05-24T11:55:18","modified_gmt":"2021-05-24T14:55:18","slug":"usuarios-da-apae-de-teofilo-otoni-recebem-1a-dose-da-vacina-contra-a-covid-19","status":"publish","type":"post","link":"https:\/\/diariotribuna.com.br\/?p=10156","title":{"rendered":"Usu\u00e1rios da APAE de Te\u00f3filo Otoni recebem 1\u00aa dose da vacina contra a covid-19"},"content":{"rendered":"\n<figure class=\"wp-block-image size-large is-resized is-style-default\"><img loading=\"lazy\" decoding=\"async\" src=\"https:\/\/diariotribuna.com.br\/wp-content\/uploads\/2021\/05\/6f00f3b8-1781-49ee-98ad-c14a068973b2.jpg\" alt=\"\" class=\"wp-image-10157\" width=\"553\" height=\"249\" srcset=\"https:\/\/diariotribuna.com.br\/wp-content\/uploads\/2021\/05\/6f00f3b8-1781-49ee-98ad-c14a068973b2.jpg 700w, https:\/\/diariotribuna.com.br\/wp-content\/uploads\/2021\/05\/6f00f3b8-1781-49ee-98ad-c14a068973b2-300x135.jpg 300w, https:\/\/diariotribuna.com.br\/wp-content\/uploads\/2021\/05\/6f00f3b8-1781-49ee-98ad-c14a068973b2-696x315.jpg 696w\" sizes=\"(max-width: 553px) 100vw, 553px\" \/><\/figure>\n\n\n\n<p>Na sexta-feira (14\/05\/21), usu\u00e1rios da APAE de Te\u00f3filo Otoni, com defici\u00eancia permanente (Defici\u00eancia Intelectual, Autismo, S\u00edndrome de Down e Defici\u00eancia Visual), receberam a primeira dose da vacina contra a covid-19. A gerente cl\u00ednica do CER II da APAE de Te\u00f3filo Otoni (Centro Especializado em Reabilita\u00e7\u00e3o Intelectual e Visual), Lilian Schettino, ficou muito feliz e disse que esse foi um momento muito esperado, muito importante para a institui\u00e7\u00e3o.<\/p>\n\n\n\n<figure class=\"wp-block-gallery columns-2 is-cropped wp-block-gallery-1 is-layout-flex wp-block-gallery-is-layout-flex\"><ul class=\"blocks-gallery-grid\"><li class=\"blocks-gallery-item\"><figure><img loading=\"lazy\" decoding=\"async\" width=\"700\" height=\"363\" src=\"https:\/\/diariotribuna.com.br\/wp-content\/uploads\/2021\/05\/12e1484c-1d94-4ac3-b6a4-a651be16261e.jpg\" alt=\"\" data-id=\"10158\" data-link=\"https:\/\/diariotribuna.com.br\/?attachment_id=10158\" class=\"wp-image-10158\" srcset=\"https:\/\/diariotribuna.com.br\/wp-content\/uploads\/2021\/05\/12e1484c-1d94-4ac3-b6a4-a651be16261e.jpg 700w, https:\/\/diariotribuna.com.br\/wp-content\/uploads\/2021\/05\/12e1484c-1d94-4ac3-b6a4-a651be16261e-300x156.jpg 300w, https:\/\/diariotribuna.com.br\/wp-content\/uploads\/2021\/05\/12e1484c-1d94-4ac3-b6a4-a651be16261e-696x361.jpg 696w\" sizes=\"(max-width: 700px) 100vw, 700px\" \/><\/figure><\/li><li class=\"blocks-gallery-item\"><figure><img loading=\"lazy\" decoding=\"async\" width=\"700\" height=\"342\" src=\"https:\/\/diariotribuna.com.br\/wp-content\/uploads\/2021\/05\/e1329138-76ae-4764-996e-2fdf8981c896.jpg\" alt=\"\" data-id=\"10160\" data-full-url=\"https:\/\/diariotribuna.com.br\/wp-content\/uploads\/2021\/05\/e1329138-76ae-4764-996e-2fdf8981c896.jpg\" data-link=\"https:\/\/diariotribuna.com.br\/?attachment_id=10160\" class=\"wp-image-10160\" srcset=\"https:\/\/diariotribuna.com.br\/wp-content\/uploads\/2021\/05\/e1329138-76ae-4764-996e-2fdf8981c896.jpg 700w, https:\/\/diariotribuna.com.br\/wp-content\/uploads\/2021\/05\/e1329138-76ae-4764-996e-2fdf8981c896-300x147.jpg 300w, https:\/\/diariotribuna.com.br\/wp-content\/uploads\/2021\/05\/e1329138-76ae-4764-996e-2fdf8981c896-533x261.jpg 533w, https:\/\/diariotribuna.com.br\/wp-content\/uploads\/2021\/05\/e1329138-76ae-4764-996e-2fdf8981c896-696x340.jpg 696w\" sizes=\"(max-width: 700px) 100vw, 700px\" \/><\/figure><\/li><\/ul><\/figure>\n\n\n\n<p>A expectativa era de vacinar 200 usu\u00e1rios da APAE, mas s\u00f3 compareceram 95. Os trabalhos foram desempenhados pela equipe da sa\u00fade do munic\u00edpio de Te\u00f3filo Otoni. \u201cSegundo o plano Minas Consciente s\u00e3o pacientes com defici\u00eancias permanentes e S\u00edndrome de Down, com comorbidades associadas. O agendamento foi realizado pela Secretaria Municipal de Sa\u00fade, eles agendaram hoje das 9h \u00e0s 13h\u201d, informou L\u00edlian Schettino.<\/p>\n\n\n\n<p>Para L\u00edlian, a vacina\u00e7\u00e3o dos apaeanos \u00e9 uma vit\u00f3ria, foi um dia especial. Questionada sobre a vez dos usu\u00e1rios da APAE receberem a vacina, nesta sexta-feira (14), L\u00edlian ressalta que, estamos h\u00e1 um ano de pandemia, e esperava at\u00e9 que fossem vacinados antes, mas entende que a demora n\u00e3o \u00e9 do munic\u00edpio, que a prefeitura est\u00e1 fazendo o melhor poss\u00edvel, e a Secretaria de Sa\u00fade sempre atende a APAE de forma muito especial. (Fotos: cedidas por Leandro Brito).<\/p>\n","protected":false},"excerpt":{"rendered":"<p>Na sexta-feira (14\/05\/21), usu\u00e1rios da APAE de Te\u00f3filo Otoni, com defici\u00eancia permanente (Defici\u00eancia Intelectual, Autismo, S\u00edndrome de Down e Defici\u00eancia Visual), receberam a primeira dose da vacina contra a covid-19. A gerente cl\u00ednica do CER II da APAE de Te\u00f3filo Otoni (Centro Especializado em Reabilita\u00e7\u00e3o Intelectual e Visual), Lilian Schettino, ficou muito feliz e disse [&hellip;]<\/p>\n","protected":false},"author":1,"featured_media":10157,"comment_status":"open","ping_status":"open","sticky":false,"template":"","format":"standard","meta":{"rop_custom_images_group":[],"rop_custom_messages_group":[],"rop_publish_now":"initial","rop_publish_now_accounts":[],"rop_publish_now_history":[],"rop_publish_now_status":"pending","footnotes":""},"categories":[17],"tags":[3150,3149,84,75,242],"class_list":["post-10156","post","type-post","status-publish","format-standard","has-post-thumbnail","hentry","category-teofilootoni","tag-1a-dose","tag-apae","tag-covid-19","tag-teofilo-otoni","tag-vacinacao"],"_links":{"self":[{"href":"https:\/\/diariotribuna.com.br\/index.php?rest_route=\/wp\/v2\/posts\/10156"}],"collection":[{"href":"https:\/\/diariotribuna.com.br\/index.php?rest_route=\/wp\/v2\/posts"}],"about":[{"href":"https:\/\/diariotribuna.com.br\/index.php?rest_route=\/wp\/v2\/types\/post"}],"author":[{"embeddable":true,"href":"https:\/\/diariotribuna.com.br\/index.php?rest_route=\/wp\/v2\/users\/1"}],"replies":[{"embeddable":true,"href":"https:\/\/diariotribuna.com.br\/index.php?rest_route=%2Fwp%2Fv2%2Fcomments&post=10156"}],"version-history":[{"count":1,"href":"https:\/\/diariotribuna.com.br\/index.php?rest_route=\/wp\/v2\/posts\/10156\/revisions"}],"predecessor-version":[{"id":10161,"href":"https:\/\/diariotribuna.com.br\/index.php?rest_route=\/wp\/v2\/posts\/10156\/revisions\/10161"}],"wp:featuredmedia":[{"embeddable":true,"href":"https:\/\/diariotribuna.com.br\/index.php?rest_route=\/wp\/v2\/media\/10157"}],"wp:attachment":[{"href":"https:\/\/diariotribuna.com.br\/index.php?rest_route=%2Fwp%2Fv2%2Fmedia&parent=10156"}],"wp:term":[{"taxonomy":"category","embeddable":true,"href":"https:\/\/diariotribuna.com.br\/index.php?rest_route=%2Fwp%2Fv2%2Fcategories&post=10156"},{"taxonomy":"post_tag","embeddable":true,"href":"https:\/\/diariotribuna.com.br\/index.php?rest_route=%2Fwp%2Fv2%2Ftags&post=10156"}],"curies":[{"name":"wp","href":"https:\/\/api.w.org\/{rel}","templated":true}]}}