{"id":10162,"date":"2021-05-21T01:29:19","date_gmt":"2021-05-21T04:29:19","guid":{"rendered":"https:\/\/diariotribuna.com.br\/?p=10162"},"modified":"2021-05-21T01:29:20","modified_gmt":"2021-05-21T04:29:20","slug":"prf-autua-11-motoristas-do-transporte-de-carga-por-descumprimento-a-lei-do-descanso","status":"publish","type":"post","link":"https:\/\/diariotribuna.com.br\/?p=10162","title":{"rendered":"PRF autua 11 motoristas do transporte de carga por descumprimento \u00e0 Lei do Descanso"},"content":{"rendered":"\n<figure class=\"wp-block-image size-large is-resized is-style-default\"><img loading=\"lazy\" decoding=\"async\" src=\"https:\/\/diariotribuna.com.br\/wp-content\/uploads\/2021\/05\/7bbd2e0e-0319-423f-ba4a-b6ed98facfca.jpg\" alt=\"\" class=\"wp-image-10163\" width=\"492\" height=\"330\" srcset=\"https:\/\/diariotribuna.com.br\/wp-content\/uploads\/2021\/05\/7bbd2e0e-0319-423f-ba4a-b6ed98facfca.jpg 700w, https:\/\/diariotribuna.com.br\/wp-content\/uploads\/2021\/05\/7bbd2e0e-0319-423f-ba4a-b6ed98facfca-300x201.jpg 300w, https:\/\/diariotribuna.com.br\/wp-content\/uploads\/2021\/05\/7bbd2e0e-0319-423f-ba4a-b6ed98facfca-696x467.jpg 696w, https:\/\/diariotribuna.com.br\/wp-content\/uploads\/2021\/05\/7bbd2e0e-0319-423f-ba4a-b6ed98facfca-626x420.jpg 626w\" sizes=\"(max-width: 492px) 100vw, 492px\" \/><\/figure>\n\n\n\n<p>Agentes da Pol\u00edcia Rodovi\u00e1ria Federal, em fiscaliza\u00e7\u00e3o na unidade operacional da BR-116 em Te\u00f3filo Otoni, fizeram v\u00e1rias abordagens com foco em ve\u00edculos de carga, com o intuito de verificar o cumprimento do per\u00edodo de descanso por parte desses profissionais.<\/p>\n\n\n\n<p>Segundo a PRF, durante a \u00faltima madrugada, (17\/05), foram flagrados 11 desses trabalhadores que excederam a jornada de trabalho nas \u00faltimas 24 horas. Em regra geral conforme legisla\u00e7\u00e3o em vigor, esses profissionais precisam obedecer o per\u00edodo de descanso de 11 horas nas \u00faltimas 24 horas, sendo que nesse per\u00edodo, 08 horas devem ser ininterruptas.<\/p>\n\n\n\n<p>Os ve\u00edculos conduzidos pelos motoristas autuados, permaneceram retidos no p\u00e1tio da PRF pelo per\u00edodo m\u00ednimo de 11 horas, para que os seus condutores pudessem fazer o devido repouso, sanando a irregularidade detectada pelos agentes de fiscaliza\u00e7\u00e3o. (Informa\u00e7\u00f5es\/Foto: PRF, Te\u00f3filo Otoni).<\/p>\n","protected":false},"excerpt":{"rendered":"<p>Agentes da Pol\u00edcia Rodovi\u00e1ria Federal, em fiscaliza\u00e7\u00e3o na unidade operacional da BR-116 em Te\u00f3filo Otoni, fizeram v\u00e1rias abordagens com foco em ve\u00edculos de carga, com o intuito de verificar o cumprimento do per\u00edodo de descanso por parte desses profissionais. Segundo a PRF, durante a \u00faltima madrugada, (17\/05), foram flagrados 11 desses trabalhadores que excederam a [&hellip;]<\/p>\n","protected":false},"author":1,"featured_media":10163,"comment_status":"open","ping_status":"open","sticky":false,"template":"","format":"standard","meta":{"rop_custom_images_group":[],"rop_custom_messages_group":[],"rop_publish_now":"initial","rop_publish_now_accounts":[],"rop_publish_now_history":[],"rop_publish_now_status":"pending","footnotes":""},"categories":[20],"tags":[3151,1388,1389,184,75],"class_list":["post-10162","post","type-post","status-publish","format-standard","has-post-thumbnail","hentry","category-policia","tag-11-motoristas-autuados","tag-descumprimento","tag-lei-do-descanso","tag-prf","tag-teofilo-otoni"],"_links":{"self":[{"href":"https:\/\/diariotribuna.com.br\/index.php?rest_route=\/wp\/v2\/posts\/10162"}],"collection":[{"href":"https:\/\/diariotribuna.com.br\/index.php?rest_route=\/wp\/v2\/posts"}],"about":[{"href":"https:\/\/diariotribuna.com.br\/index.php?rest_route=\/wp\/v2\/types\/post"}],"author":[{"embeddable":true,"href":"https:\/\/diariotribuna.com.br\/index.php?rest_route=\/wp\/v2\/users\/1"}],"replies":[{"embeddable":true,"href":"https:\/\/diariotribuna.com.br\/index.php?rest_route=%2Fwp%2Fv2%2Fcomments&post=10162"}],"version-history":[{"count":1,"href":"https:\/\/diariotribuna.com.br\/index.php?rest_route=\/wp\/v2\/posts\/10162\/revisions"}],"predecessor-version":[{"id":10164,"href":"https:\/\/diariotribuna.com.br\/index.php?rest_route=\/wp\/v2\/posts\/10162\/revisions\/10164"}],"wp:featuredmedia":[{"embeddable":true,"href":"https:\/\/diariotribuna.com.br\/index.php?rest_route=\/wp\/v2\/media\/10163"}],"wp:attachment":[{"href":"https:\/\/diariotribuna.com.br\/index.php?rest_route=%2Fwp%2Fv2%2Fmedia&parent=10162"}],"wp:term":[{"taxonomy":"category","embeddable":true,"href":"https:\/\/diariotribuna.com.br\/index.php?rest_route=%2Fwp%2Fv2%2Fcategories&post=10162"},{"taxonomy":"post_tag","embeddable":true,"href":"https:\/\/diariotribuna.com.br\/index.php?rest_route=%2Fwp%2Fv2%2Ftags&post=10162"}],"curies":[{"name":"wp","href":"https:\/\/api.w.org\/{rel}","templated":true}]}}