{"id":10169,"date":"2021-05-21T15:47:39","date_gmt":"2021-05-21T18:47:39","guid":{"rendered":"https:\/\/diariotribuna.com.br\/?p=10169"},"modified":"2021-05-21T15:53:30","modified_gmt":"2021-05-21T18:53:30","slug":"policia-civil-apura-crime-de-roubo-contra-idoso-na-zona-rural-de-pavao","status":"publish","type":"post","link":"https:\/\/diariotribuna.com.br\/?p=10169","title":{"rendered":"Pol\u00edcia Civil apura crime de roubo contra idoso na zona rural de Pav\u00e3o"},"content":{"rendered":"\n<figure class=\"wp-block-image size-large is-resized is-style-default\"><img loading=\"lazy\" decoding=\"async\" src=\"https:\/\/diariotribuna.com.br\/wp-content\/uploads\/2021\/05\/0bef3baa-45b3-429f-8be9-8be90bd323e2.jpg\" alt=\"\" class=\"wp-image-10170\" width=\"541\" height=\"370\" srcset=\"https:\/\/diariotribuna.com.br\/wp-content\/uploads\/2021\/05\/0bef3baa-45b3-429f-8be9-8be90bd323e2.jpg 700w, https:\/\/diariotribuna.com.br\/wp-content\/uploads\/2021\/05\/0bef3baa-45b3-429f-8be9-8be90bd323e2-300x205.jpg 300w, https:\/\/diariotribuna.com.br\/wp-content\/uploads\/2021\/05\/0bef3baa-45b3-429f-8be9-8be90bd323e2-218x150.jpg 218w, https:\/\/diariotribuna.com.br\/wp-content\/uploads\/2021\/05\/0bef3baa-45b3-429f-8be9-8be90bd323e2-696x476.jpg 696w, https:\/\/diariotribuna.com.br\/wp-content\/uploads\/2021\/05\/0bef3baa-45b3-429f-8be9-8be90bd323e2-614x420.jpg 614w\" sizes=\"(max-width: 541px) 100vw, 541px\" \/><figcaption><strong>Investigadores Carlos Bonelli, Andr\u00e9 Guedes e Winter Menezes<\/strong><br><strong>cumpriram o mandado judicial<\/strong><\/figcaption><\/figure>\n\n\n\n<p>A Pol\u00edcia Civil de Minas Gerais, por meio da 1\u00aa Delegacia Regional de Pol\u00edcia Civil de Te\u00f3filo Otoni, cumpriu, nesta quinta-feira (20\/05\/21), mandado de pris\u00e3o preventiva contra R.J.F., indiv\u00edduo que estava homiziado na cidade de Cris\u00f3lita, munic\u00edpio pertencente \u00e0 comarca de \u00c1guas Formosas. O indiv\u00edduo estava em benef\u00edcio de livramento condicional, quando praticou um assalto contra um idoso na zona rural de Pav\u00e3o, junto com outros quatro investigados que amarraram a v\u00edtima, agrediram-na e subtra\u00edram o ve\u00edculo de sua propriedade.<\/p>\n\n\n\n<p>A delegada de pol\u00edcia que atende por aplica\u00e7\u00e3o de compet\u00eancia pelo munic\u00edpio de Pav\u00e3o, dra. H\u00e9rika Ribeiro Sena, representou pela medida cautelar, que foi deferida e cumprida pelos investigadores, Andr\u00e9 Luiz F. Guedes, Carlos F. F. Bonelli e Winter G. W. Menezes. Participaram ainda das investiga\u00e7\u00f5es, a escriv\u00e3 Larissa S. P. Santana e a investigadora L\u00edvia F. Metri Ribeiro.<\/p>\n\n\n\n<p><strong>O Caso \u2013<\/strong> O fato ocorreu na manh\u00e3 de 14\/03\/21, na fazenda do idoso de 74 anos, em Pav\u00e3o. O vaqueiro acionou a Pol\u00edcia Militar relatando que encontrou seu patr\u00e3o amarrado e com sinais de viol\u00eancia. Disse que por volta das 7h30min, estava na fazenda com seu patr\u00e3o, quando chegou um ve\u00edculo \u00d4nix branco com placa de Carlos Chagas, ocupado por dois indiv\u00edduos, tendo eles chegado procurando pelo nome da v\u00edtima, perguntando se n\u00e3o teria servi\u00e7o pra eles, tendo a resposta negativa eles deixaram um papel com contato e foram embora.<\/p>\n\n\n\n<p>Segundo o vaqueiro, logo ap\u00f3s os indiv\u00edduos sa\u00edrem, ele foi para o pasto, retornando somente depois que um vizinho o informou que havia um carro branco parado, na porta da v\u00edtima, quando ele foi ao local encontrou a garagem aberta e percebeu que o carro n\u00e3o estava l\u00e1. Quando entrou na resid\u00eancia, encontrou o patr\u00e3o amarrado e com sinais de agress\u00e3o. A v\u00edtima disse que, aproximadamente uma hora que sa\u00edram, os indiv\u00edduos retornaram com mais tr\u00eas homens, totalizando cinco, que entraram na casa, e come\u00e7aram a agredi-lo, dizendo que queriam dinheiro.<\/p>\n\n\n\n<p>A v\u00edtima informou que n\u00e3o possu\u00eda grande valor em sua posse, mas ainda assim, continuaram a agredi-lo, colocaram um rev\u00f3lver no seu pesco\u00e7o, pisaram em seu tronco, o enforcaram e bateram em sua face. Depois os bandidos amarraram a v\u00edtima que estava com escoria\u00e7\u00f5es no bra\u00e7o direito e no rosto, subtra\u00edram televis\u00e3o, um ve\u00edculo Gol, R$ 500 e outros pertences da v\u00edtima. A pris\u00e3o preventiva do homem abre um leque de oportunidade para que os policiais, sob o comando da dra. H\u00e9rica Ribeiro Sena possam rapidamente esclarecer o crime, recuperar o carro, e prender os outros envolvidos.<\/p>\n","protected":false},"excerpt":{"rendered":"<p>A Pol\u00edcia Civil de Minas Gerais, por meio da 1\u00aa Delegacia Regional de Pol\u00edcia Civil de Te\u00f3filo Otoni, cumpriu, nesta quinta-feira (20\/05\/21), mandado de pris\u00e3o preventiva contra R.J.F., indiv\u00edduo que estava homiziado na cidade de Cris\u00f3lita, munic\u00edpio pertencente \u00e0 comarca de \u00c1guas Formosas. O indiv\u00edduo estava em benef\u00edcio de livramento condicional, quando praticou um assalto [&hellip;]<\/p>\n","protected":false},"author":1,"featured_media":10170,"comment_status":"open","ping_status":"open","sticky":false,"template":"","format":"standard","meta":{"rop_custom_images_group":[],"rop_custom_messages_group":[],"rop_publish_now":"initial","rop_publish_now_accounts":[],"rop_publish_now_history":[],"rop_publish_now_status":"pending","footnotes":""},"categories":[20],"tags":[1820,865,292,649,3153,1137],"class_list":["post-10169","post","type-post","status-publish","format-standard","has-post-thumbnail","hentry","category-policia","tag-autor-de-roubo","tag-pavao","tag-policia-civil","tag-prisao","tag-vitima-idoso-de-74-anos","tag-zona-rural"],"_links":{"self":[{"href":"https:\/\/diariotribuna.com.br\/index.php?rest_route=\/wp\/v2\/posts\/10169"}],"collection":[{"href":"https:\/\/diariotribuna.com.br\/index.php?rest_route=\/wp\/v2\/posts"}],"about":[{"href":"https:\/\/diariotribuna.com.br\/index.php?rest_route=\/wp\/v2\/types\/post"}],"author":[{"embeddable":true,"href":"https:\/\/diariotribuna.com.br\/index.php?rest_route=\/wp\/v2\/users\/1"}],"replies":[{"embeddable":true,"href":"https:\/\/diariotribuna.com.br\/index.php?rest_route=%2Fwp%2Fv2%2Fcomments&post=10169"}],"version-history":[{"count":4,"href":"https:\/\/diariotribuna.com.br\/index.php?rest_route=\/wp\/v2\/posts\/10169\/revisions"}],"predecessor-version":[{"id":10175,"href":"https:\/\/diariotribuna.com.br\/index.php?rest_route=\/wp\/v2\/posts\/10169\/revisions\/10175"}],"wp:featuredmedia":[{"embeddable":true,"href":"https:\/\/diariotribuna.com.br\/index.php?rest_route=\/wp\/v2\/media\/10170"}],"wp:attachment":[{"href":"https:\/\/diariotribuna.com.br\/index.php?rest_route=%2Fwp%2Fv2%2Fmedia&parent=10169"}],"wp:term":[{"taxonomy":"category","embeddable":true,"href":"https:\/\/diariotribuna.com.br\/index.php?rest_route=%2Fwp%2Fv2%2Fcategories&post=10169"},{"taxonomy":"post_tag","embeddable":true,"href":"https:\/\/diariotribuna.com.br\/index.php?rest_route=%2Fwp%2Fv2%2Ftags&post=10169"}],"curies":[{"name":"wp","href":"https:\/\/api.w.org\/{rel}","templated":true}]}}