{"id":10176,"date":"2021-05-22T00:52:22","date_gmt":"2021-05-22T03:52:22","guid":{"rendered":"https:\/\/diariotribuna.com.br\/?p=10176"},"modified":"2021-05-22T00:52:23","modified_gmt":"2021-05-22T03:52:23","slug":"policia-civil-prende-autores-de-furtos-de-gado-praticados-na-zona-rural-de-campanario","status":"publish","type":"post","link":"https:\/\/diariotribuna.com.br\/?p=10176","title":{"rendered":"Pol\u00edcia Civil prende autores de furtos de gado praticados na zona rural de Campan\u00e1rio"},"content":{"rendered":"\n<figure class=\"wp-block-image size-large is-resized is-style-default\"><img loading=\"lazy\" decoding=\"async\" src=\"https:\/\/diariotribuna.com.br\/wp-content\/uploads\/2021\/05\/865c6d88-01e4-4d3f-9bf2-fec7a3a97ace.jpg\" alt=\"\" class=\"wp-image-10177\" width=\"577\" height=\"405\" srcset=\"https:\/\/diariotribuna.com.br\/wp-content\/uploads\/2021\/05\/865c6d88-01e4-4d3f-9bf2-fec7a3a97ace.jpg 700w, https:\/\/diariotribuna.com.br\/wp-content\/uploads\/2021\/05\/865c6d88-01e4-4d3f-9bf2-fec7a3a97ace-300x210.jpg 300w, https:\/\/diariotribuna.com.br\/wp-content\/uploads\/2021\/05\/865c6d88-01e4-4d3f-9bf2-fec7a3a97ace-100x70.jpg 100w, https:\/\/diariotribuna.com.br\/wp-content\/uploads\/2021\/05\/865c6d88-01e4-4d3f-9bf2-fec7a3a97ace-696x488.jpg 696w, https:\/\/diariotribuna.com.br\/wp-content\/uploads\/2021\/05\/865c6d88-01e4-4d3f-9bf2-fec7a3a97ace-599x420.jpg 599w\" sizes=\"(max-width: 577px) 100vw, 577px\" \/><figcaption><strong>Delegado de Pol\u00edcia, dr. Eduardo Gil, com os investigadores Anderson<\/strong><br><strong>Schultz, Glauzelanio \u201cBota\u201d e Thiago<\/strong><\/figcaption><\/figure>\n\n\n\n<p>A Policia Civil de Minas Gerais, por meio da 5\u00aa Delegacia de Pol\u00edcia Civil de Itambacuri, em dilig\u00eancia realizada em Cafel\u00e2ndia e Itambacuri, localizou e prendeu integrantes de organiza\u00e7\u00e3o criminosa envolvida em furtos de gado, e apreendeu ve\u00edculos usados pelo bando criminoso. Segundo a PC, no dia 13 de janeiro do corrente ano a v\u00edtima H.L.R. teve furtadas 22 cabe\u00e7as de gado da Fazenda Boa Uni\u00e3o, localizada no C\u00f3rrego Seco, zona rural de Campan\u00e1rio.<\/p>\n\n\n\n<figure class=\"wp-block-image size-large is-resized is-style-default\"><img loading=\"lazy\" decoding=\"async\" src=\"https:\/\/diariotribuna.com.br\/wp-content\/uploads\/2021\/05\/df59b186-b39f-44a4-871a-54a6a0bff4dd.jpg\" alt=\"\" class=\"wp-image-10178\" width=\"478\" height=\"401\" srcset=\"https:\/\/diariotribuna.com.br\/wp-content\/uploads\/2021\/05\/df59b186-b39f-44a4-871a-54a6a0bff4dd.jpg 700w, https:\/\/diariotribuna.com.br\/wp-content\/uploads\/2021\/05\/df59b186-b39f-44a4-871a-54a6a0bff4dd-300x252.jpg 300w, https:\/\/diariotribuna.com.br\/wp-content\/uploads\/2021\/05\/df59b186-b39f-44a4-871a-54a6a0bff4dd-696x584.jpg 696w, https:\/\/diariotribuna.com.br\/wp-content\/uploads\/2021\/05\/df59b186-b39f-44a4-871a-54a6a0bff4dd-501x420.jpg 501w\" sizes=\"(max-width: 478px) 100vw, 478px\" \/><\/figure>\n\n\n\n<pre class=\"wp-block-verse\"><strong>\u201cDurante as dilig\u00eancias no local dos fatos foram encontrados rastros de pneus de um caminh\u00e3o e de motocicletas, que partiram as demais fases da investiga\u00e7\u00e3o, que culminou com a identifica\u00e7\u00e3o da organiza\u00e7\u00e3o criminosa formada por 07 integrantes. Nos crimes se identificou os investigados A.P.A.F., 52 anos; M.J.M.S., 32 anos; L.F.S.O., 26 anos; A.G.S., 21 anos e A.L.S. de 40 anos, al\u00e9m de outro comparsa, ainda foragido e o J\u00falio C\u00e9sar Fernandes da Costa, morto por um deles em desacerto de contas\u201d, informou o delegado, dr. Eduardo Gil.<\/strong><\/pre>\n\n\n\n<p>O delegado informou ainda que, as reses bovinas subtra\u00eddas foram negociadas pelos asseclas com receptadores da regi\u00e3o de Governador Valadares, onde eram abatidas e o produto repassado ao com\u00e9rcio varejista. O bando est\u00e1 sendo investigado por ter desfalcado outras v\u00edtimas, que juntas, j\u00e1 sofreram um desfalque que ultrapassa 130 cabe\u00e7as de gado.<\/p>\n\n\n\n<p>\u201cEm raz\u00e3o da sintonia existente para praticar os crimes, foi representado por medidas cautelares de pris\u00e3o preventiva e busca e apreens\u00e3o de bens e valores, sendo alcan\u00e7ados 05 autores e arrecadados 05 ve\u00edculos, entre autom\u00f3veis e caminh\u00f5es em poder do bando\u201d, disse Gil. Ap\u00f3s a formaliza\u00e7\u00e3o das pris\u00f5es os autores foram encaminhados ao presidio, onde aguardar\u00e3o a conclus\u00e3o do processo criminal. <strong>Equipe policial &#8211; Delegado de Pol\u00edcia:<\/strong> Dr. Eduardo Gil. <strong>Investigadores:<\/strong> Anderson Schultz, Glauzelanio \u201cBota\u201d e Thiago. (PCMG\/ 15\u00ba DEPPC\/ 1\u00aa DRPC\/ 5\u00aa DPC Itambacuri).<\/p>\n","protected":false},"excerpt":{"rendered":"<p>A Policia Civil de Minas Gerais, por meio da 5\u00aa Delegacia de Pol\u00edcia Civil de Itambacuri, em dilig\u00eancia realizada em Cafel\u00e2ndia e Itambacuri, localizou e prendeu integrantes de organiza\u00e7\u00e3o criminosa envolvida em furtos de gado, e apreendeu ve\u00edculos usados pelo bando criminoso. Segundo a PC, no dia 13 de janeiro do corrente ano a v\u00edtima [&hellip;]<\/p>\n","protected":false},"author":1,"featured_media":10177,"comment_status":"open","ping_status":"open","sticky":false,"template":"","format":"standard","meta":{"rop_custom_images_group":[],"rop_custom_messages_group":[],"rop_publish_now":"initial","rop_publish_now_accounts":[],"rop_publish_now_history":[],"rop_publish_now_status":"pending","footnotes":""},"categories":[25,20],"tags":[834,3154,96,292,649],"class_list":["post-10176","post","type-post","status-publish","format-standard","has-post-thumbnail","hentry","category-destaque","category-policia","tag-campanario","tag-furto-de-gado","tag-itambacuri","tag-policia-civil","tag-prisao"],"_links":{"self":[{"href":"https:\/\/diariotribuna.com.br\/index.php?rest_route=\/wp\/v2\/posts\/10176"}],"collection":[{"href":"https:\/\/diariotribuna.com.br\/index.php?rest_route=\/wp\/v2\/posts"}],"about":[{"href":"https:\/\/diariotribuna.com.br\/index.php?rest_route=\/wp\/v2\/types\/post"}],"author":[{"embeddable":true,"href":"https:\/\/diariotribuna.com.br\/index.php?rest_route=\/wp\/v2\/users\/1"}],"replies":[{"embeddable":true,"href":"https:\/\/diariotribuna.com.br\/index.php?rest_route=%2Fwp%2Fv2%2Fcomments&post=10176"}],"version-history":[{"count":1,"href":"https:\/\/diariotribuna.com.br\/index.php?rest_route=\/wp\/v2\/posts\/10176\/revisions"}],"predecessor-version":[{"id":10179,"href":"https:\/\/diariotribuna.com.br\/index.php?rest_route=\/wp\/v2\/posts\/10176\/revisions\/10179"}],"wp:featuredmedia":[{"embeddable":true,"href":"https:\/\/diariotribuna.com.br\/index.php?rest_route=\/wp\/v2\/media\/10177"}],"wp:attachment":[{"href":"https:\/\/diariotribuna.com.br\/index.php?rest_route=%2Fwp%2Fv2%2Fmedia&parent=10176"}],"wp:term":[{"taxonomy":"category","embeddable":true,"href":"https:\/\/diariotribuna.com.br\/index.php?rest_route=%2Fwp%2Fv2%2Fcategories&post=10176"},{"taxonomy":"post_tag","embeddable":true,"href":"https:\/\/diariotribuna.com.br\/index.php?rest_route=%2Fwp%2Fv2%2Ftags&post=10176"}],"curies":[{"name":"wp","href":"https:\/\/api.w.org\/{rel}","templated":true}]}}