{"id":10180,"date":"2021-05-22T01:03:47","date_gmt":"2021-05-22T04:03:47","guid":{"rendered":"https:\/\/diariotribuna.com.br\/?p=10180"},"modified":"2021-05-22T01:03:47","modified_gmt":"2021-05-22T04:03:47","slug":"44o-bpm-homenageia-militares-que-se-destacaram-no-1o-trimestre-de-2021","status":"publish","type":"post","link":"https:\/\/diariotribuna.com.br\/?p=10180","title":{"rendered":"44\u00ba BPM homenageia militares que se destacaram no 1\u00ba trimestre de 2021"},"content":{"rendered":"\n<figure class=\"wp-block-image size-large is-resized is-style-default\"><img loading=\"lazy\" decoding=\"async\" src=\"https:\/\/diariotribuna.com.br\/wp-content\/uploads\/2021\/05\/45269c72-1b94-4145-8e9f-b0281862153f.jpg\" alt=\"\" class=\"wp-image-10181\" width=\"661\" height=\"314\" srcset=\"https:\/\/diariotribuna.com.br\/wp-content\/uploads\/2021\/05\/45269c72-1b94-4145-8e9f-b0281862153f.jpg 700w, https:\/\/diariotribuna.com.br\/wp-content\/uploads\/2021\/05\/45269c72-1b94-4145-8e9f-b0281862153f-300x143.jpg 300w, https:\/\/diariotribuna.com.br\/wp-content\/uploads\/2021\/05\/45269c72-1b94-4145-8e9f-b0281862153f-696x331.jpg 696w\" sizes=\"(max-width: 661px) 100vw, 661px\" \/><\/figure>\n\n\n\n<p>Na manh\u00e3 de sexta-feira (14\/05), na sede do 44\u00ba Batalh\u00e3o de Pol\u00edcia Militar em Almenara, no Vale do Jequitinhonha, foi realizada solenidade de agraciamento dos policiais militares do 44\u00ba BPM que se destacaram nas fun\u00e7\u00f5es operacionais durante o primeiro trimestre de 2021.<\/p>\n\n\n\n<p>A solenidade foi presidida pelo comandante do 44\u00ba BPM, tenente coronel Walter Aparecido Lago Ramos e contou com a participa\u00e7\u00e3o do corpo de oficiais e agraciados, observando as medidas de preven\u00e7\u00e3o ao cont\u00e1gio da covid-19.<\/p>\n\n\n\n<p>Na oportunidade foi realizada a entrega dos certificados de Destaques Operacionais aos agraciados, que se destacaram nas apreens\u00f5es de arma de fogo ilegais, pris\u00f5es pela pr\u00e1tica de crimes diversos.<\/p>\n\n\n\n<p><strong>Os militares homenageados s\u00e3o:<\/strong> <strong>Aspirante a oficial: <\/strong>Hamilton Santos Pereira. <strong>Sargentos:<\/strong> Marcio Ferreira Santos, Diego Ferreira Alves, Luiz Carlos Lopes Barbosa, Warley Jos\u00e9 dos Santos, Zaqueu Jacinto Andrade, Isaias Ferreira dos Santos, Rhuan Mangely de S\u00e1 Freitas e Thalles Wilke S. Silva. <strong>Cabos: <\/strong>Alexandro Ramos da Silva, Carlos Fischer A. Batista e Ricardo Patrizzio Batista de Melo. (Assessoria de comunica\u00e7\u00e3o organizacional do 44\u00ba BPM, Almenara).<\/p>\n","protected":false},"excerpt":{"rendered":"<p>Na manh\u00e3 de sexta-feira (14\/05), na sede do 44\u00ba Batalh\u00e3o de Pol\u00edcia Militar em Almenara, no Vale do Jequitinhonha, foi realizada solenidade de agraciamento dos policiais militares do 44\u00ba BPM que se destacaram nas fun\u00e7\u00f5es operacionais durante o primeiro trimestre de 2021. A solenidade foi presidida pelo comandante do 44\u00ba BPM, tenente coronel Walter Aparecido [&hellip;]<\/p>\n","protected":false},"author":1,"featured_media":10181,"comment_status":"open","ping_status":"open","sticky":false,"template":"","format":"standard","meta":{"rop_custom_images_group":[],"rop_custom_messages_group":[],"rop_publish_now":"initial","rop_publish_now_accounts":[],"rop_publish_now_history":[],"rop_publish_now_status":"pending","footnotes":""},"categories":[18],"tags":[3156,1281,174,110,3155,2776,800,76],"class_list":["post-10180","post","type-post","status-publish","format-standard","has-post-thumbnail","hentry","category-regiao","tag-1o-trimestre","tag-1281","tag-44o-bpm","tag-almenara","tag-destaques-operacionais","tag-homenagens","tag-militares","tag-policia-militar"],"_links":{"self":[{"href":"https:\/\/diariotribuna.com.br\/index.php?rest_route=\/wp\/v2\/posts\/10180"}],"collection":[{"href":"https:\/\/diariotribuna.com.br\/index.php?rest_route=\/wp\/v2\/posts"}],"about":[{"href":"https:\/\/diariotribuna.com.br\/index.php?rest_route=\/wp\/v2\/types\/post"}],"author":[{"embeddable":true,"href":"https:\/\/diariotribuna.com.br\/index.php?rest_route=\/wp\/v2\/users\/1"}],"replies":[{"embeddable":true,"href":"https:\/\/diariotribuna.com.br\/index.php?rest_route=%2Fwp%2Fv2%2Fcomments&post=10180"}],"version-history":[{"count":1,"href":"https:\/\/diariotribuna.com.br\/index.php?rest_route=\/wp\/v2\/posts\/10180\/revisions"}],"predecessor-version":[{"id":10182,"href":"https:\/\/diariotribuna.com.br\/index.php?rest_route=\/wp\/v2\/posts\/10180\/revisions\/10182"}],"wp:featuredmedia":[{"embeddable":true,"href":"https:\/\/diariotribuna.com.br\/index.php?rest_route=\/wp\/v2\/media\/10181"}],"wp:attachment":[{"href":"https:\/\/diariotribuna.com.br\/index.php?rest_route=%2Fwp%2Fv2%2Fmedia&parent=10180"}],"wp:term":[{"taxonomy":"category","embeddable":true,"href":"https:\/\/diariotribuna.com.br\/index.php?rest_route=%2Fwp%2Fv2%2Fcategories&post=10180"},{"taxonomy":"post_tag","embeddable":true,"href":"https:\/\/diariotribuna.com.br\/index.php?rest_route=%2Fwp%2Fv2%2Ftags&post=10180"}],"curies":[{"name":"wp","href":"https:\/\/api.w.org\/{rel}","templated":true}]}}