{"id":10205,"date":"2021-05-24T11:38:19","date_gmt":"2021-05-24T14:38:19","guid":{"rendered":"https:\/\/diariotribuna.com.br\/?p=10205"},"modified":"2021-05-25T21:27:02","modified_gmt":"2021-05-26T00:27:02","slug":"policia-civil-conclui-inquerito-de-tentativa-de-extorsao-contra-a-cemig","status":"publish","type":"post","link":"https:\/\/diariotribuna.com.br\/?p=10205","title":{"rendered":"Pol\u00edcia Civil conclui inqu\u00e9rito de tentativa de extors\u00e3o contra a CEMIG"},"content":{"rendered":"\n<figure class=\"wp-block-gallery columns-2 is-cropped wp-block-gallery-1 is-layout-flex wp-block-gallery-is-layout-flex\"><ul class=\"blocks-gallery-grid\"><li class=\"blocks-gallery-item\"><figure><img loading=\"lazy\" decoding=\"async\" width=\"700\" height=\"435\" src=\"https:\/\/diariotribuna.com.br\/wp-content\/uploads\/2021\/05\/1-10.jpg\" alt=\"\" data-id=\"10208\" data-full-url=\"https:\/\/diariotribuna.com.br\/wp-content\/uploads\/2021\/05\/1-10.jpg\" data-link=\"https:\/\/diariotribuna.com.br\/?attachment_id=10208\" class=\"wp-image-10208\" srcset=\"https:\/\/diariotribuna.com.br\/wp-content\/uploads\/2021\/05\/1-10.jpg 700w, https:\/\/diariotribuna.com.br\/wp-content\/uploads\/2021\/05\/1-10-300x186.jpg 300w, https:\/\/diariotribuna.com.br\/wp-content\/uploads\/2021\/05\/1-10-356x220.jpg 356w, https:\/\/diariotribuna.com.br\/wp-content\/uploads\/2021\/05\/1-10-696x433.jpg 696w, https:\/\/diariotribuna.com.br\/wp-content\/uploads\/2021\/05\/1-10-676x420.jpg 676w\" sizes=\"(max-width: 700px) 100vw, 700px\" \/><\/figure><\/li><li class=\"blocks-gallery-item\"><figure><img loading=\"lazy\" decoding=\"async\" width=\"500\" height=\"303\" src=\"https:\/\/diariotribuna.com.br\/wp-content\/uploads\/2021\/05\/2-10.jpg\" alt=\"\" data-id=\"10207\" data-full-url=\"https:\/\/diariotribuna.com.br\/wp-content\/uploads\/2021\/05\/2-10.jpg\" data-link=\"https:\/\/diariotribuna.com.br\/?attachment_id=10207\" class=\"wp-image-10207\" srcset=\"https:\/\/diariotribuna.com.br\/wp-content\/uploads\/2021\/05\/2-10.jpg 500w, https:\/\/diariotribuna.com.br\/wp-content\/uploads\/2021\/05\/2-10-300x182.jpg 300w\" sizes=\"(max-width: 500px) 100vw, 500px\" \/><\/figure><\/li><\/ul><\/figure>\n\n\n\n<p>A Pol\u00edcia Civil informa que, no final do m\u00eas de abril\/21, o coordenador de seguran\u00e7a patrimonial da CEMIG noticiou \u00e0 2\u00aa Delegacia de Pol\u00edcia Centro\/Sul de Te\u00f3filo Otoni, que um indiv\u00edduo, at\u00e9 ent\u00e3o ainda n\u00e3o identificado, teria enviado algumas correspond\u00eancias para a ag\u00eancia da empresa nesta cidade, e tamb\u00e9m para a sede da CEMIG em Belo Horizonte, exigindo o dep\u00f3sito mensal de R$ 10 mil, em conta por ele indicada, sob a amea\u00e7a de derrubar algumas torres de transmiss\u00e3o da concession\u00e1ria de energia.<\/p>\n\n\n\n<p>Segundo a Pol\u00edcia Civil, ap\u00f3s algumas dilig\u00eancias o autor foi identificado, sendo o nacional de iniciais V.S.L., confessando a pr\u00e1tica do crime de tentativa de extors\u00e3o. As investiga\u00e7\u00f5es foram conclu\u00eddas nesta sexta-feira (21\/05\/21). Participaram das dilig\u00eancias os investigadores Victor Ferreira, Samuel Soares e Gild\u00e1sio Gomes; os escriv\u00e3es Anselmo Leonardo e Mara Katiussy, sob a coordena\u00e7\u00e3o do delegado de pol\u00edcia, dr. C\u00e9sar C\u00e2ndido<\/p>\n\n\n\n<p>Em contato com o delegado C\u00e9sar C\u00e2ndido, ele informou \u00e0 nossa reportagem que o homem n\u00e3o tem nenhuma liga\u00e7\u00e3o com a CEMIG, que a concession\u00e1ria de energia n\u00e3o deve nada a ele, que ele realmente queria extorquir. Inclusive o autor confirmou que amea\u00e7ou derrubar as torres, n\u00e3o indicando nenhuma torre espec\u00edfica. Ele foi indiciado e poder\u00e1 ser processado pela justi\u00e7a. (Imagens: Ilustrativas)<\/p>\n","protected":false},"excerpt":{"rendered":"<p>A Pol\u00edcia Civil informa que, no final do m\u00eas de abril\/21, o coordenador de seguran\u00e7a patrimonial da CEMIG noticiou \u00e0 2\u00aa Delegacia de Pol\u00edcia Centro\/Sul de Te\u00f3filo Otoni, que um indiv\u00edduo, at\u00e9 ent\u00e3o ainda n\u00e3o identificado, teria enviado algumas correspond\u00eancias para a ag\u00eancia da empresa nesta cidade, e tamb\u00e9m para a sede da CEMIG em [&hellip;]<\/p>\n","protected":false},"author":1,"featured_media":10208,"comment_status":"open","ping_status":"open","sticky":false,"template":"","format":"standard","meta":{"rop_custom_images_group":[],"rop_custom_messages_group":[],"rop_publish_now":"initial","rop_publish_now_accounts":[],"rop_publish_now_history":[],"rop_publish_now_status":"pending","footnotes":""},"categories":[20],"tags":[72,3165,292,3166,75],"class_list":["post-10205","post","type-post","status-publish","format-standard","has-post-thumbnail","hentry","category-policia","tag-cemig","tag-homem-indiciado","tag-policia-civil","tag-tentativa-de-extorsao","tag-teofilo-otoni"],"_links":{"self":[{"href":"https:\/\/diariotribuna.com.br\/index.php?rest_route=\/wp\/v2\/posts\/10205"}],"collection":[{"href":"https:\/\/diariotribuna.com.br\/index.php?rest_route=\/wp\/v2\/posts"}],"about":[{"href":"https:\/\/diariotribuna.com.br\/index.php?rest_route=\/wp\/v2\/types\/post"}],"author":[{"embeddable":true,"href":"https:\/\/diariotribuna.com.br\/index.php?rest_route=\/wp\/v2\/users\/1"}],"replies":[{"embeddable":true,"href":"https:\/\/diariotribuna.com.br\/index.php?rest_route=%2Fwp%2Fv2%2Fcomments&post=10205"}],"version-history":[{"count":1,"href":"https:\/\/diariotribuna.com.br\/index.php?rest_route=\/wp\/v2\/posts\/10205\/revisions"}],"predecessor-version":[{"id":10209,"href":"https:\/\/diariotribuna.com.br\/index.php?rest_route=\/wp\/v2\/posts\/10205\/revisions\/10209"}],"wp:featuredmedia":[{"embeddable":true,"href":"https:\/\/diariotribuna.com.br\/index.php?rest_route=\/wp\/v2\/media\/10208"}],"wp:attachment":[{"href":"https:\/\/diariotribuna.com.br\/index.php?rest_route=%2Fwp%2Fv2%2Fmedia&parent=10205"}],"wp:term":[{"taxonomy":"category","embeddable":true,"href":"https:\/\/diariotribuna.com.br\/index.php?rest_route=%2Fwp%2Fv2%2Fcategories&post=10205"},{"taxonomy":"post_tag","embeddable":true,"href":"https:\/\/diariotribuna.com.br\/index.php?rest_route=%2Fwp%2Fv2%2Ftags&post=10205"}],"curies":[{"name":"wp","href":"https:\/\/api.w.org\/{rel}","templated":true}]}}