{"id":10210,"date":"2021-05-24T23:50:20","date_gmt":"2021-05-25T02:50:20","guid":{"rendered":"https:\/\/diariotribuna.com.br\/?p=10210"},"modified":"2021-05-24T23:50:22","modified_gmt":"2021-05-25T02:50:22","slug":"covid-19-brasil-tem-161-milhoes-de-casos-e-4498-mil-mortes","status":"publish","type":"post","link":"https:\/\/diariotribuna.com.br\/?p=10210","title":{"rendered":"Covid-19: Brasil tem 16,1 milh\u00f5es de casos e 449,8 mil mortes"},"content":{"rendered":"\n<p><strong>O n\u00famero de pessoas que se recuperaram \u00e9 de 14.552.024<\/strong><\/p>\n\n\n\n<figure class=\"wp-block-image size-large is-resized is-style-default\"><img loading=\"lazy\" decoding=\"async\" src=\"https:\/\/diariotribuna.com.br\/wp-content\/uploads\/2021\/05\/teste_coronavirus2603200044.jpg\" alt=\"\" class=\"wp-image-10211\" width=\"598\" height=\"357\" srcset=\"https:\/\/diariotribuna.com.br\/wp-content\/uploads\/2021\/05\/teste_coronavirus2603200044.jpg 700w, https:\/\/diariotribuna.com.br\/wp-content\/uploads\/2021\/05\/teste_coronavirus2603200044-300x179.jpg 300w, https:\/\/diariotribuna.com.br\/wp-content\/uploads\/2021\/05\/teste_coronavirus2603200044-696x416.jpg 696w\" sizes=\"(max-width: 598px) 100vw, 598px\" \/><\/figure>\n\n\n\n<p>O total de pessoas infectadas desde o in\u00edcio da pandemia chegou a 16.120.756. Entre ontem e hoje (24), foram registrados 37.498 novos casos de covid-19. Ontem, o sistema de informa\u00e7\u00f5es do Minist\u00e9rio da Sa\u00fade registrou 16.083.258 casos acumulados. O pa\u00eds tem ainda 1.118.874 casos ativos, em acompanhamento. O total de pessoas que n\u00e3o resistiram \u00e0 covid-19 alcan\u00e7ou 449.858. Nas \u00faltimas 24 horas, as secretarias municipais e estaduais registraram 790 novas mortes em decorr\u00eancia da covid-19. Ontem, o total de \u00f3bitos estava em 449.068.<\/p>\n\n\n\n<p>Ainda h\u00e1 3.543 falecimentos em investiga\u00e7\u00e3o. O termo \u00e9 empregado pelas autoridades de sa\u00fade para designar casos em que um paciente morre, mas a causa segue sendo apurada mesmo ap\u00f3s a declara\u00e7\u00e3o do \u00f3bito. O n\u00famero de pessoas que se recuperaram da covid-19 desde o in\u00edcio da pandemia totalizou 14.552.024. Isso equivale a 90,3% do total de pessoas que foram infectadas com o v\u00edrus.<\/p>\n\n\n\n<p>Os dados est\u00e3o na atualiza\u00e7\u00e3o di\u00e1ria do Minist\u00e9rio da Sa\u00fade, divulgada na noite desta segunda-feira (24). Os dados s\u00e3o elaborados a partir de informa\u00e7\u00f5es das secretarias estaduais de sa\u00fade acerca dos casos de covid-19 e mortes em decorr\u00eancia da doen\u00e7a. Os n\u00fameros s\u00e3o em geral mais baixos aos domingos e segundas-feiras em raz\u00e3o da menor quantidade de funcion\u00e1rios das equipes de sa\u00fade para realizar a alimenta\u00e7\u00e3o dos dados. J\u00e1 \u00e0s ter\u00e7as-feiras os resultados tendem a ser maiores pelo envio dos dados acumulados.<\/p>\n\n\n\n<h2 class=\"wp-block-heading\">Estados<\/h2>\n\n\n\n<p>O&nbsp;<em>ranking<\/em>&nbsp;de estados com mais mortes pela covid-19 \u00e9 liderado por S\u00e3o Paulo (107.677). Em seguida v\u00eam Rio de Janeiro (49.539), Minas Gerais (39.128), Rio Grande do Sul (27.468) e Paran\u00e1 (25.563). J\u00e1 na parte de baixo da lista, com menos vidas perdidas para a pandemia, est\u00e3o Roraima (1.602), Acre (1.642), Amap\u00e1 (1.663), Tocantins (2.781) e Alagoas (4.625).<\/p>\n\n\n\n<h2 class=\"wp-block-heading\">Vacina\u00e7\u00e3o<\/h2>\n\n\n\n<p>A distribui\u00e7\u00e3o de vacinas ultrapassou as 90 milh\u00f5es de doses, com 90.063.567. Deste total, foram aplicadas 58,3 milh\u00f5es de doses, sendo 39,6 milh\u00f5es na primeira dose e 18,7 milh\u00f5es na segunda dose.<\/p>\n\n\n\n<figure class=\"wp-block-image size-large is-resized is-style-default\"><img loading=\"lazy\" decoding=\"async\" src=\"https:\/\/diariotribuna.com.br\/wp-content\/uploads\/2021\/05\/whatsapp_image_2021-05-24_at_18.22.45.jpeg\" alt=\"\" class=\"wp-image-10212\" width=\"612\" height=\"347\" srcset=\"https:\/\/diariotribuna.com.br\/wp-content\/uploads\/2021\/05\/whatsapp_image_2021-05-24_at_18.22.45.jpeg 700w, https:\/\/diariotribuna.com.br\/wp-content\/uploads\/2021\/05\/whatsapp_image_2021-05-24_at_18.22.45-300x170.jpeg 300w, https:\/\/diariotribuna.com.br\/wp-content\/uploads\/2021\/05\/whatsapp_image_2021-05-24_at_18.22.45-696x395.jpeg 696w\" sizes=\"(max-width: 612px) 100vw, 612px\" \/><\/figure>\n\n\n\n<p><strong>(Ag\u00eancia Brasil)<\/strong><\/p>\n","protected":false},"excerpt":{"rendered":"<p>O n\u00famero de pessoas que se recuperaram \u00e9 de 14.552.024 O total de pessoas infectadas desde o in\u00edcio da pandemia chegou a 16.120.756. Entre ontem e hoje (24), foram registrados 37.498 novos casos de covid-19. Ontem, o sistema de informa\u00e7\u00f5es do Minist\u00e9rio da Sa\u00fade registrou 16.083.258 casos acumulados. O pa\u00eds tem ainda 1.118.874 casos ativos, [&hellip;]<\/p>\n","protected":false},"author":1,"featured_media":10211,"comment_status":"open","ping_status":"open","sticky":false,"template":"","format":"standard","meta":{"rop_custom_images_group":[],"rop_custom_messages_group":[],"rop_publish_now":"initial","rop_publish_now_accounts":[],"rop_publish_now_history":[],"rop_publish_now_status":"pending","footnotes":""},"categories":[192],"tags":[3160,489,393,84],"class_list":["post-10210","post","type-post","status-publish","format-standard","has-post-thumbnail","hentry","category-covid19","tag-24-05-21","tag-boletim-epidemiologico","tag-brasil","tag-covid-19"],"_links":{"self":[{"href":"https:\/\/diariotribuna.com.br\/index.php?rest_route=\/wp\/v2\/posts\/10210"}],"collection":[{"href":"https:\/\/diariotribuna.com.br\/index.php?rest_route=\/wp\/v2\/posts"}],"about":[{"href":"https:\/\/diariotribuna.com.br\/index.php?rest_route=\/wp\/v2\/types\/post"}],"author":[{"embeddable":true,"href":"https:\/\/diariotribuna.com.br\/index.php?rest_route=\/wp\/v2\/users\/1"}],"replies":[{"embeddable":true,"href":"https:\/\/diariotribuna.com.br\/index.php?rest_route=%2Fwp%2Fv2%2Fcomments&post=10210"}],"version-history":[{"count":1,"href":"https:\/\/diariotribuna.com.br\/index.php?rest_route=\/wp\/v2\/posts\/10210\/revisions"}],"predecessor-version":[{"id":10213,"href":"https:\/\/diariotribuna.com.br\/index.php?rest_route=\/wp\/v2\/posts\/10210\/revisions\/10213"}],"wp:featuredmedia":[{"embeddable":true,"href":"https:\/\/diariotribuna.com.br\/index.php?rest_route=\/wp\/v2\/media\/10211"}],"wp:attachment":[{"href":"https:\/\/diariotribuna.com.br\/index.php?rest_route=%2Fwp%2Fv2%2Fmedia&parent=10210"}],"wp:term":[{"taxonomy":"category","embeddable":true,"href":"https:\/\/diariotribuna.com.br\/index.php?rest_route=%2Fwp%2Fv2%2Fcategories&post=10210"},{"taxonomy":"post_tag","embeddable":true,"href":"https:\/\/diariotribuna.com.br\/index.php?rest_route=%2Fwp%2Fv2%2Ftags&post=10210"}],"curies":[{"name":"wp","href":"https:\/\/api.w.org\/{rel}","templated":true}]}}