{"id":10227,"date":"2021-05-26T01:22:28","date_gmt":"2021-05-26T04:22:28","guid":{"rendered":"https:\/\/diariotribuna.com.br\/?p=10227"},"modified":"2021-05-26T01:22:30","modified_gmt":"2021-05-26T04:22:30","slug":"covid-19-boletim-epidemiologico-de-teofilo-otoni-25-05-21","status":"publish","type":"post","link":"https:\/\/diariotribuna.com.br\/?p=10227","title":{"rendered":"COVID-19: Boletim Epidemiol\u00f3gico de Te\u00f3filo Otoni (25\/05\/21)"},"content":{"rendered":"\n<figure class=\"wp-block-image size-large is-resized is-style-default\"><img loading=\"lazy\" decoding=\"async\" src=\"https:\/\/diariotribuna.com.br\/wp-content\/uploads\/2021\/05\/Padre-Paraiso.jpg\" alt=\"\" class=\"wp-image-10228\" width=\"512\" height=\"341\" srcset=\"https:\/\/diariotribuna.com.br\/wp-content\/uploads\/2021\/05\/Padre-Paraiso.jpg 700w, https:\/\/diariotribuna.com.br\/wp-content\/uploads\/2021\/05\/Padre-Paraiso-300x200.jpg 300w, https:\/\/diariotribuna.com.br\/wp-content\/uploads\/2021\/05\/Padre-Paraiso-696x463.jpg 696w, https:\/\/diariotribuna.com.br\/wp-content\/uploads\/2021\/05\/Padre-Paraiso-631x420.jpg 631w\" sizes=\"(max-width: 512px) 100vw, 512px\" \/><\/figure>\n\n\n\n<p>A Secretaria Municipal de Sa\u00fade divulgou boletim epidemiol\u00f3gico na noite desta ter\u00e7a-feira (25\/05\/21) confirmando 11.347 casos positivos de Covid-19 em Te\u00f3filo Otoni, 66 a mais nas \u00faltimas 24 horas, e contabiliza <strong>mais 04 \u00f3bitos <\/strong>por complica\u00e7\u00f5es causadas pelo coronav\u00edrus, <strong>totalizando 309<\/strong>, tendo 02 \u00f3bitos em investiga\u00e7\u00e3o. O boletim informa ainda, que tem 450 casos ativos, 11.241 recuperados, e 24.657 casos suspeitos foram descartados.<\/p>\n\n\n\n<p><strong>Os \u00faltimos 04 \u00f3bitos ocorreram nos dias 16, 24 e 25\/05\/21.<\/strong> <strong>O primeiro<\/strong> trata-se de um homem de 47 anos, que estava internado no Hospital Santa Ros\u00e1lia. <strong>O segundo \u00f3bito<\/strong> \u00e9 de homem de 57 anos, que estava internado no Hospital Bom Samaritano. <strong>O terceiro<\/strong> \u00e9 de um homem de 44 anos, que estava internado no Hospital Bom Samaritano. <strong>O quarto \u00f3bito<\/strong> \u00e9 de um homem de 56 anos, que estava internado no Hospital Santa Ros\u00e1lia. Todos tiveram os resultados confirmados por RT-PCR.<\/p>\n\n\n\n<p><strong>Interna\u00e7\u00f5es at\u00e9 (25\/05):<\/strong> Pelo SUS, Conv\u00eanio e Particular tem 40 leitos de UTI Covid e 40 est\u00e3o ocupados, sendo 26 pacientes de Te\u00f3filo Otoni e 14 de outros munic\u00edpios (100,00% de ocupa\u00e7\u00e3o). Tem 106 leitos de Enfermaria Covid e 34 est\u00e3o ocupados, sendo 27 pacientes de Te\u00f3filo Otoni e 07 de outros munic\u00edpios (32,07% de ocupa\u00e7\u00e3o).<\/p>\n\n\n\n<p><strong>Vacin\u00f4metro:<\/strong> dados atualizados nesta ter\u00e7a-feira (25\/05) mostram que j\u00e1 foram aplicadas 32.044 doses de vacina contra a Covid-19 (1\u00aa dose), e 15.319 doses (na 2\u00aa).<\/p>\n","protected":false},"excerpt":{"rendered":"<p>A Secretaria Municipal de Sa\u00fade divulgou boletim epidemiol\u00f3gico na noite desta ter\u00e7a-feira (25\/05\/21) confirmando 11.347 casos positivos de Covid-19 em Te\u00f3filo Otoni, 66 a mais nas \u00faltimas 24 horas, e contabiliza mais 04 \u00f3bitos por complica\u00e7\u00f5es causadas pelo coronav\u00edrus, totalizando 309, tendo 02 \u00f3bitos em investiga\u00e7\u00e3o. O boletim informa ainda, que tem 450 casos ativos, [&hellip;]<\/p>\n","protected":false},"author":1,"featured_media":10228,"comment_status":"open","ping_status":"open","sticky":false,"template":"","format":"standard","meta":{"rop_custom_images_group":[],"rop_custom_messages_group":[],"rop_publish_now":"initial","rop_publish_now_accounts":[],"rop_publish_now_history":[],"rop_publish_now_status":"pending","footnotes":""},"categories":[192],"tags":[3167,489,84,75],"class_list":["post-10227","post","type-post","status-publish","format-standard","has-post-thumbnail","hentry","category-covid19","tag-25-05-21","tag-boletim-epidemiologico","tag-covid-19","tag-teofilo-otoni"],"_links":{"self":[{"href":"https:\/\/diariotribuna.com.br\/index.php?rest_route=\/wp\/v2\/posts\/10227"}],"collection":[{"href":"https:\/\/diariotribuna.com.br\/index.php?rest_route=\/wp\/v2\/posts"}],"about":[{"href":"https:\/\/diariotribuna.com.br\/index.php?rest_route=\/wp\/v2\/types\/post"}],"author":[{"embeddable":true,"href":"https:\/\/diariotribuna.com.br\/index.php?rest_route=\/wp\/v2\/users\/1"}],"replies":[{"embeddable":true,"href":"https:\/\/diariotribuna.com.br\/index.php?rest_route=%2Fwp%2Fv2%2Fcomments&post=10227"}],"version-history":[{"count":1,"href":"https:\/\/diariotribuna.com.br\/index.php?rest_route=\/wp\/v2\/posts\/10227\/revisions"}],"predecessor-version":[{"id":10229,"href":"https:\/\/diariotribuna.com.br\/index.php?rest_route=\/wp\/v2\/posts\/10227\/revisions\/10229"}],"wp:featuredmedia":[{"embeddable":true,"href":"https:\/\/diariotribuna.com.br\/index.php?rest_route=\/wp\/v2\/media\/10228"}],"wp:attachment":[{"href":"https:\/\/diariotribuna.com.br\/index.php?rest_route=%2Fwp%2Fv2%2Fmedia&parent=10227"}],"wp:term":[{"taxonomy":"category","embeddable":true,"href":"https:\/\/diariotribuna.com.br\/index.php?rest_route=%2Fwp%2Fv2%2Fcategories&post=10227"},{"taxonomy":"post_tag","embeddable":true,"href":"https:\/\/diariotribuna.com.br\/index.php?rest_route=%2Fwp%2Fv2%2Ftags&post=10227"}],"curies":[{"name":"wp","href":"https:\/\/api.w.org\/{rel}","templated":true}]}}