{"id":10230,"date":"2021-05-26T01:32:24","date_gmt":"2021-05-26T04:32:24","guid":{"rendered":"https:\/\/diariotribuna.com.br\/?p=10230"},"modified":"2021-05-26T01:32:24","modified_gmt":"2021-05-26T04:32:24","slug":"ministerio-da-saude-anuncia-vacinacao-de-portuarios-e-aeroviarios","status":"publish","type":"post","link":"https:\/\/diariotribuna.com.br\/?p=10230","title":{"rendered":"Minist\u00e9rio da Sa\u00fade anuncia vacina\u00e7\u00e3o de portu\u00e1rios e aerovi\u00e1rios"},"content":{"rendered":"\n<p><strong>Doses foram distribu\u00eddas aos estados ainda nesta ter\u00e7a-feira (25)<\/strong><\/p>\n\n\n\n<figure class=\"wp-block-image size-large is-resized is-style-default\"><img loading=\"lazy\" decoding=\"async\" src=\"https:\/\/diariotribuna.com.br\/wp-content\/uploads\/2021\/05\/vacina_base_aerea_brasilia1801213751.jpg\" alt=\"\" class=\"wp-image-10231\" width=\"539\" height=\"321\" srcset=\"https:\/\/diariotribuna.com.br\/wp-content\/uploads\/2021\/05\/vacina_base_aerea_brasilia1801213751.jpg 700w, https:\/\/diariotribuna.com.br\/wp-content\/uploads\/2021\/05\/vacina_base_aerea_brasilia1801213751-300x178.jpg 300w, https:\/\/diariotribuna.com.br\/wp-content\/uploads\/2021\/05\/vacina_base_aerea_brasilia1801213751-696x414.jpg 696w\" sizes=\"(max-width: 539px) 100vw, 539px\" \/><\/figure>\n\n\n\n<p>O Minist\u00e9rio da Sa\u00fade anunciou, nesta ter\u00e7a-feira (25\/05), o in\u00edcio da vacina\u00e7\u00e3o de trabalhadores de portos e aeroportos. Na noite de hoje come\u00e7aram a ser distribu\u00eddas aos estados doses para a imuniza\u00e7\u00e3o desse p\u00fablico, que abrange pouco mais de 200 mil pessoas. Segundo a pasta, as doses ser\u00e3o suficientes para atender 100% dos portu\u00e1rios e 78% dos trabalhadores em aeroportos.<\/p>\n\n\n\n<p>De acordo com o Minist\u00e9rio da Sa\u00fade, a medida foi tomada diante do cen\u00e1rio de circula\u00e7\u00e3o de uma nova variante, denominada de indiana, em men\u00e7\u00e3o ao pa\u00eds onde surgiu, cujo nome t\u00e9cnico \u00e9 B.1.671.2. No pa\u00eds, a variante foi identificada inicialmente no Maranh\u00e3o, com casos suspeitos em outros estados sob an\u00e1lise.\u00a0<a rel=\"noreferrer noopener\" href=\"https:\/\/agenciabrasil.ebc.com.br\/saude\/noticia\/2021-05\/paciente-internado-no-ma-com-variante-indiana-esta-em-estado-grave\" target=\"_blank\">Uma pessoa infectada com a variante indiana est\u00e1 internada em S\u00e3o Lu\u00eds<\/a>\u00a0em estado grave. <a rel=\"noreferrer noopener\" href=\"https:\/\/agenciabrasil.ebc.com.br\/saude\/noticia\/2021-05\/covid-19-governo-anuncia-envio-de-600-mil-testes-rapidos-ao-maranhao\" target=\"_blank\">O governo federal enviou ao Maranh\u00e3o 600 mil testes r\u00e1pidos<\/a>\u00a0para identificar poss\u00edveis casos da variante no estado.<\/p>\n\n\n\n<p><strong>(Ag\u00eancia Brasil)<\/strong><\/p>\n","protected":false},"excerpt":{"rendered":"<p>Doses foram distribu\u00eddas aos estados ainda nesta ter\u00e7a-feira (25) O Minist\u00e9rio da Sa\u00fade anunciou, nesta ter\u00e7a-feira (25\/05), o in\u00edcio da vacina\u00e7\u00e3o de trabalhadores de portos e aeroportos. Na noite de hoje come\u00e7aram a ser distribu\u00eddas aos estados doses para a imuniza\u00e7\u00e3o desse p\u00fablico, que abrange pouco mais de 200 mil pessoas. Segundo a pasta, as [&hellip;]<\/p>\n","protected":false},"author":1,"featured_media":10231,"comment_status":"open","ping_status":"open","sticky":false,"template":"","format":"standard","meta":{"rop_custom_images_group":[],"rop_custom_messages_group":[],"rop_publish_now":"initial","rop_publish_now_accounts":[],"rop_publish_now_history":[],"rop_publish_now_status":"pending","footnotes":""},"categories":[192],"tags":[3173,1216,3171,242],"class_list":["post-10230","post","type-post","status-publish","format-standard","has-post-thumbnail","hentry","category-covid19","tag-aeroviarios","tag-ministerio-da-saude","tag-portuarios","tag-vacinacao"],"_links":{"self":[{"href":"https:\/\/diariotribuna.com.br\/index.php?rest_route=\/wp\/v2\/posts\/10230"}],"collection":[{"href":"https:\/\/diariotribuna.com.br\/index.php?rest_route=\/wp\/v2\/posts"}],"about":[{"href":"https:\/\/diariotribuna.com.br\/index.php?rest_route=\/wp\/v2\/types\/post"}],"author":[{"embeddable":true,"href":"https:\/\/diariotribuna.com.br\/index.php?rest_route=\/wp\/v2\/users\/1"}],"replies":[{"embeddable":true,"href":"https:\/\/diariotribuna.com.br\/index.php?rest_route=%2Fwp%2Fv2%2Fcomments&post=10230"}],"version-history":[{"count":1,"href":"https:\/\/diariotribuna.com.br\/index.php?rest_route=\/wp\/v2\/posts\/10230\/revisions"}],"predecessor-version":[{"id":10232,"href":"https:\/\/diariotribuna.com.br\/index.php?rest_route=\/wp\/v2\/posts\/10230\/revisions\/10232"}],"wp:featuredmedia":[{"embeddable":true,"href":"https:\/\/diariotribuna.com.br\/index.php?rest_route=\/wp\/v2\/media\/10231"}],"wp:attachment":[{"href":"https:\/\/diariotribuna.com.br\/index.php?rest_route=%2Fwp%2Fv2%2Fmedia&parent=10230"}],"wp:term":[{"taxonomy":"category","embeddable":true,"href":"https:\/\/diariotribuna.com.br\/index.php?rest_route=%2Fwp%2Fv2%2Fcategories&post=10230"},{"taxonomy":"post_tag","embeddable":true,"href":"https:\/\/diariotribuna.com.br\/index.php?rest_route=%2Fwp%2Fv2%2Ftags&post=10230"}],"curies":[{"name":"wp","href":"https:\/\/api.w.org\/{rel}","templated":true}]}}