{"id":10237,"date":"2021-05-27T09:47:45","date_gmt":"2021-05-27T12:47:45","guid":{"rendered":"https:\/\/diariotribuna.com.br\/?p=10237"},"modified":"2021-05-28T10:45:49","modified_gmt":"2021-05-28T13:45:49","slug":"diario-tribuna-27-de-maio-2021-teofilo-otoni-mg","status":"publish","type":"post","link":"https:\/\/diariotribuna.com.br\/?p=10237","title":{"rendered":"Di\u00e1rio Tribuna, 27 de Maio 2021, Te\u00f3filo Otoni &#8211; MG"},"content":{"rendered":"\n<figure class=\"wp-block-image size-large is-resized is-style-default\"><img loading=\"lazy\" decoding=\"async\" src=\"https:\/\/diariotribuna.com.br\/wp-content\/uploads\/2021\/05\/85f5c82f-cc38-4c56-b246-601c4b7dda47.jpg\" alt=\"\" class=\"wp-image-10238\" width=\"450\" height=\"640\" srcset=\"https:\/\/diariotribuna.com.br\/wp-content\/uploads\/2021\/05\/85f5c82f-cc38-4c56-b246-601c4b7dda47.jpg 700w, https:\/\/diariotribuna.com.br\/wp-content\/uploads\/2021\/05\/85f5c82f-cc38-4c56-b246-601c4b7dda47-211x300.jpg 211w, https:\/\/diariotribuna.com.br\/wp-content\/uploads\/2021\/05\/85f5c82f-cc38-4c56-b246-601c4b7dda47-696x990.jpg 696w, https:\/\/diariotribuna.com.br\/wp-content\/uploads\/2021\/05\/85f5c82f-cc38-4c56-b246-601c4b7dda47-295x420.jpg 295w\" sizes=\"(max-width: 450px) 100vw, 450px\" \/><\/figure>\n\n\n\n<h4 class=\"wp-block-heading\"><strong><strong><span class=\"has-inline-color has-vivid-red-color\">Acesse o link abaixo e veja a edi\u00e7\u00e3o completa do Di\u00e1rio Tribuna desta Quinta-feira (27\/05\/2021)<\/span><\/strong><\/strong><\/h4>\n\n\n\n<h3 class=\"wp-block-heading\"><a href=\"https:\/\/diariotribuna.com.br\/wp-content\/uploads\/2021\/05\/DIARIO-TRIBUNA-51-ANOS-27-MAIO-2021.pdf\"><strong><span class=\"has-inline-color has-vivid-red-color\">https:\/\/diariotribuna.com.br\/wp-content\/uploads\/2021\/05\/DIARIO-TRIBUNA-51-ANOS-27-MAIO-2021.pdf<\/span><\/strong><\/a><\/h3>\n","protected":false},"excerpt":{"rendered":"<p>Acesse o link abaixo e veja a edi\u00e7\u00e3o completa do Di\u00e1rio Tribuna desta Quinta-feira (27\/05\/2021) https:\/\/diariotribuna.com.br\/wp-content\/uploads\/2021\/05\/DIARIO-TRIBUNA-51-ANOS-27-MAIO-2021.pdf<\/p>\n","protected":false},"author":1,"featured_media":10238,"comment_status":"open","ping_status":"open","sticky":false,"template":"","format":"standard","meta":{"rop_custom_images_group":[],"rop_custom_messages_group":[],"rop_publish_now":"initial","rop_publish_now_accounts":[],"rop_publish_now_history":[],"rop_publish_now_status":"pending","footnotes":""},"categories":[17,23],"tags":[3175,42,1010,75,867],"class_list":["post-10237","post","type-post","status-publish","format-standard","has-post-thumbnail","hentry","category-teofilootoni","category-ultimaedicao","tag-27-05-21","tag-diario-tribuna","tag-nordeste-mineiro","tag-teofilo-otoni","tag-vale-do-mucuri"],"_links":{"self":[{"href":"https:\/\/diariotribuna.com.br\/index.php?rest_route=\/wp\/v2\/posts\/10237"}],"collection":[{"href":"https:\/\/diariotribuna.com.br\/index.php?rest_route=\/wp\/v2\/posts"}],"about":[{"href":"https:\/\/diariotribuna.com.br\/index.php?rest_route=\/wp\/v2\/types\/post"}],"author":[{"embeddable":true,"href":"https:\/\/diariotribuna.com.br\/index.php?rest_route=\/wp\/v2\/users\/1"}],"replies":[{"embeddable":true,"href":"https:\/\/diariotribuna.com.br\/index.php?rest_route=%2Fwp%2Fv2%2Fcomments&post=10237"}],"version-history":[{"count":1,"href":"https:\/\/diariotribuna.com.br\/index.php?rest_route=\/wp\/v2\/posts\/10237\/revisions"}],"predecessor-version":[{"id":10240,"href":"https:\/\/diariotribuna.com.br\/index.php?rest_route=\/wp\/v2\/posts\/10237\/revisions\/10240"}],"wp:featuredmedia":[{"embeddable":true,"href":"https:\/\/diariotribuna.com.br\/index.php?rest_route=\/wp\/v2\/media\/10238"}],"wp:attachment":[{"href":"https:\/\/diariotribuna.com.br\/index.php?rest_route=%2Fwp%2Fv2%2Fmedia&parent=10237"}],"wp:term":[{"taxonomy":"category","embeddable":true,"href":"https:\/\/diariotribuna.com.br\/index.php?rest_route=%2Fwp%2Fv2%2Fcategories&post=10237"},{"taxonomy":"post_tag","embeddable":true,"href":"https:\/\/diariotribuna.com.br\/index.php?rest_route=%2Fwp%2Fv2%2Ftags&post=10237"}],"curies":[{"name":"wp","href":"https:\/\/api.w.org\/{rel}","templated":true}]}}