{"id":10241,"date":"2021-05-27T11:00:49","date_gmt":"2021-05-27T14:00:49","guid":{"rendered":"https:\/\/diariotribuna.com.br\/?p=10241"},"modified":"2021-05-27T11:33:14","modified_gmt":"2021-05-27T14:33:14","slug":"sargento-da-reserva-da-pm-morre-em-acidente-de-transito-na-mgc-342","status":"publish","type":"post","link":"https:\/\/diariotribuna.com.br\/?p=10241","title":{"rendered":"Sargento da reserva da PM morre em acidente de tr\u00e2nsito na MGC 342"},"content":{"rendered":"\n<figure class=\"wp-block-image size-large is-resized is-style-default\"><img loading=\"lazy\" decoding=\"async\" src=\"https:\/\/diariotribuna.com.br\/wp-content\/uploads\/2021\/05\/61c84917-461e-4952-b109-f29e41f6ace9.jpg\" alt=\"\" class=\"wp-image-10242\" width=\"387\" height=\"332\" srcset=\"https:\/\/diariotribuna.com.br\/wp-content\/uploads\/2021\/05\/61c84917-461e-4952-b109-f29e41f6ace9.jpg 715w, https:\/\/diariotribuna.com.br\/wp-content\/uploads\/2021\/05\/61c84917-461e-4952-b109-f29e41f6ace9-300x257.jpg 300w, https:\/\/diariotribuna.com.br\/wp-content\/uploads\/2021\/05\/61c84917-461e-4952-b109-f29e41f6ace9-696x597.jpg 696w, https:\/\/diariotribuna.com.br\/wp-content\/uploads\/2021\/05\/61c84917-461e-4952-b109-f29e41f6ace9-490x420.jpg 490w\" sizes=\"(max-width: 387px) 100vw, 387px\" \/><\/figure>\n\n\n\n<p><strong>Frei Gaspar &#8211; <\/strong>A Pol\u00edcia Militar registou o acidente, uma colis\u00e3o entre um ve\u00edculo Toyota Hilux e uma motocicleta, ocorrido ao final da tarde de quarta-feira (26\/05\/21), no km 485, MGC-342, munic\u00edpio de Frei Gaspar. Quando os militares chegaram ao local os ve\u00edculos j\u00e1 haviam sido retirados, o condutor da motocicleta <strong>Gildaques Pereira do Nascimento, de 54 anos, sargento da reserva da Pol\u00edcia Militar<\/strong>, j\u00e1 havia sido socorrido pelo Samu e encaminhado ao Hospital Santa Ros\u00e1lia em Te\u00f3filo Otoni.<\/p>\n\n\n\n<p>Segundo registro da PM, conforme prontu\u00e1rio m\u00e9dico Gildaques deu entrada no hospital, apresentando trauma facial e queixava-se de dor t\u00f3raco-abdominal. Ele permaneceu internado sob os cuidados m\u00e9dicos, mas infelizmente n\u00e3o resistiu e faleceu. Gildaques chegou a ser ouvido pela PM e falou sobre o acidente. Ele disse que, quando passava pelo local transitando sentido Te\u00f3filo Otoni a Frei Gaspar, conduzindo sua moto, deparou com o ve\u00edculo Toyota Hilux, tendo o condutor colidido contra sua moto.<\/p>\n\n\n\n<p>O condutor da Hilux D.V.L., 37 anos, disse que conduzia seu ve\u00edculo sentido Frei Gaspar a Te\u00f3filo Otoni, quando em uma curva \u00e0 esquerda, deparou com a motocicleta Honda NXR 150 Bros, que transitava no sentido contr\u00e1rio, e que percebeu que o condutor da moto, ao passar por umas ondula\u00e7\u00f5es na rodovia perdeu o controle direcional, invadiu a contram\u00e3o de dire\u00e7\u00e3o e colidiu contra o ve\u00edculo Hilux. A Pol\u00edcia Civil dever\u00e1 investigar causas e circunst\u00e2ncias do acidente. (Foto: Reprodu\u00e7\u00e3o\/Rede social).<\/p>\n\n\n\n<p><strong>Nota:<\/strong> Gildaques, ou Tita, como era conhecido entre os amigos e familiares, era uma pessoa muito querida, humilde, popular, tinha muitos amigos, apaixonado pelo Clube Atl\u00e9tico Mineiro, serviu \u00e0 Pol\u00edcia Militar de Minas Gerais, ultimamente, estava na Reserva da institui\u00e7\u00e3o. Sua partida deixou um vazio enorme nos cora\u00e7\u00f5es de quem teve a oportunidade de conhec\u00ea-lo e poder contar com a sua amizade. Nossos sentimentos aos familiares e amigos nesse momento de perda, de dor.<\/p>\n","protected":false},"excerpt":{"rendered":"<p>Frei Gaspar &#8211; A Pol\u00edcia Militar registou o acidente, uma colis\u00e3o entre um ve\u00edculo Toyota Hilux e uma motocicleta, ocorrido ao final da tarde de quarta-feira (26\/05\/21), no km 485, MGC-342, munic\u00edpio de Frei Gaspar. Quando os militares chegaram ao local os ve\u00edculos j\u00e1 haviam sido retirados, o condutor da motocicleta Gildaques Pereira do Nascimento, [&hellip;]<\/p>\n","protected":false},"author":1,"featured_media":10242,"comment_status":"open","ping_status":"open","sticky":false,"template":"","format":"standard","meta":{"rop_custom_images_group":[],"rop_custom_messages_group":[],"rop_publish_now":"initial","rop_publish_now_accounts":[],"rop_publish_now_history":[],"rop_publish_now_status":"pending","footnotes":""},"categories":[25,18],"tags":[125,293,3176,3177,1030],"class_list":["post-10241","post","type-post","status-publish","format-standard","has-post-thumbnail","hentry","category-destaque","category-regiao","tag-acidente","tag-frei-gaspar","tag-gildaques-tita","tag-mcg-342","tag-policia-militar-rodoviaria"],"_links":{"self":[{"href":"https:\/\/diariotribuna.com.br\/index.php?rest_route=\/wp\/v2\/posts\/10241"}],"collection":[{"href":"https:\/\/diariotribuna.com.br\/index.php?rest_route=\/wp\/v2\/posts"}],"about":[{"href":"https:\/\/diariotribuna.com.br\/index.php?rest_route=\/wp\/v2\/types\/post"}],"author":[{"embeddable":true,"href":"https:\/\/diariotribuna.com.br\/index.php?rest_route=\/wp\/v2\/users\/1"}],"replies":[{"embeddable":true,"href":"https:\/\/diariotribuna.com.br\/index.php?rest_route=%2Fwp%2Fv2%2Fcomments&post=10241"}],"version-history":[{"count":3,"href":"https:\/\/diariotribuna.com.br\/index.php?rest_route=\/wp\/v2\/posts\/10241\/revisions"}],"predecessor-version":[{"id":10245,"href":"https:\/\/diariotribuna.com.br\/index.php?rest_route=\/wp\/v2\/posts\/10241\/revisions\/10245"}],"wp:featuredmedia":[{"embeddable":true,"href":"https:\/\/diariotribuna.com.br\/index.php?rest_route=\/wp\/v2\/media\/10242"}],"wp:attachment":[{"href":"https:\/\/diariotribuna.com.br\/index.php?rest_route=%2Fwp%2Fv2%2Fmedia&parent=10241"}],"wp:term":[{"taxonomy":"category","embeddable":true,"href":"https:\/\/diariotribuna.com.br\/index.php?rest_route=%2Fwp%2Fv2%2Fcategories&post=10241"},{"taxonomy":"post_tag","embeddable":true,"href":"https:\/\/diariotribuna.com.br\/index.php?rest_route=%2Fwp%2Fv2%2Ftags&post=10241"}],"curies":[{"name":"wp","href":"https:\/\/api.w.org\/{rel}","templated":true}]}}