{"id":10251,"date":"2021-05-27T22:41:26","date_gmt":"2021-05-28T01:41:26","guid":{"rendered":"https:\/\/diariotribuna.com.br\/?p=10251"},"modified":"2021-05-27T22:41:27","modified_gmt":"2021-05-28T01:41:27","slug":"governo-de-minas-confirma-cepa-originaria-da-india-em-juiz-de-fora","status":"publish","type":"post","link":"https:\/\/diariotribuna.com.br\/?p=10251","title":{"rendered":"Governo de Minas confirma cepa origin\u00e1ria da \u00cdndia em Juiz de Fora"},"content":{"rendered":"\n<figure class=\"wp-block-image size-large is-resized is-style-default\"><img loading=\"lazy\" decoding=\"async\" src=\"https:\/\/diariotribuna.com.br\/wp-content\/uploads\/2021\/05\/69ad9d0e-b9c0-4b62-b016-950303841b7b-1.jpg\" alt=\"\" class=\"wp-image-10252\" width=\"535\" height=\"314\" srcset=\"https:\/\/diariotribuna.com.br\/wp-content\/uploads\/2021\/05\/69ad9d0e-b9c0-4b62-b016-950303841b7b-1.jpg 650w, https:\/\/diariotribuna.com.br\/wp-content\/uploads\/2021\/05\/69ad9d0e-b9c0-4b62-b016-950303841b7b-1-300x176.jpg 300w\" sizes=\"(max-width: 535px) 100vw, 535px\" \/><\/figure>\n\n\n\n<pre class=\"wp-block-verse\"><strong>O Governo de Minas informou em nota enviada \u00e0 imprensa, na noite desta quinta-feira (27\/05\/21), que est\u00e1 internado em Juiz de Fora um paciente com diagn\u00f3stico de COVID-19, infectado pela nova cepa origin\u00e1ria da \u00cdndia. O homem se deslocou de carro de S\u00e3o Paulo a Juiz de Fora, em Minas Gerais. Ele teve contato apenas com sua esposa, que est\u00e1 assintom\u00e1tica, em isolamento domiciliar e sendo monitorada. (Central de Imprensa \/ Governo de Minas Gerais).<\/strong><\/pre>\n\n\n\n<p>Com isso, o homem \u00e9 o primeiro paciente com Covid-19 gerada pela nova cepa origin\u00e1ria da \u00cdndia no Estado e o oitavo no Brasil. Anteriormente, seis casos de infec\u00e7\u00e3o pela variante indiana foram confirmados em S\u00e3o Lu\u00eds, no Maranh\u00e3o, e um em Campo dos Goytacazes, interior do Rio de Janeiro.\u00a0Tamb\u00e9m por meio de nota a Prefeitura de Juiz de Fora falou sobre os procedimentos adotados. &#8220;Todas as medidas e protocolos de seguran\u00e7a sanit\u00e1ria foram colocados em pr\u00e1tica e, desde ent\u00e3o, o homem encontra-se isolado dentro do hospital. A Funda\u00e7\u00e3o Ezequiel Dias, Funed, foi a respons\u00e1vel pela testagem&#8221;, disse. <strong>(O Tempo)<\/strong>.<\/p>\n","protected":false},"excerpt":{"rendered":"<p>O Governo de Minas informou em nota enviada \u00e0 imprensa, na noite desta quinta-feira (27\/05\/21), que est\u00e1 internado em Juiz de Fora um paciente com diagn\u00f3stico de COVID-19, infectado pela nova cepa origin\u00e1ria da \u00cdndia. O homem se deslocou de carro de S\u00e3o Paulo a Juiz de Fora, em Minas Gerais. Ele teve contato apenas [&hellip;]<\/p>\n","protected":false},"author":1,"featured_media":10252,"comment_status":"open","ping_status":"open","sticky":false,"template":"","format":"standard","meta":{"rop_custom_images_group":[],"rop_custom_messages_group":[],"rop_publish_now":"initial","rop_publish_now_accounts":[],"rop_publish_now_history":[],"rop_publish_now_status":"pending","footnotes":""},"categories":[192],"tags":[3175,3178,1808,91],"class_list":["post-10251","post","type-post","status-publish","format-standard","has-post-thumbnail","hentry","category-covid19","tag-27-05-21","tag-cepa-originaria-da-india","tag-juiz-de-fora","tag-minas"],"_links":{"self":[{"href":"https:\/\/diariotribuna.com.br\/index.php?rest_route=\/wp\/v2\/posts\/10251"}],"collection":[{"href":"https:\/\/diariotribuna.com.br\/index.php?rest_route=\/wp\/v2\/posts"}],"about":[{"href":"https:\/\/diariotribuna.com.br\/index.php?rest_route=\/wp\/v2\/types\/post"}],"author":[{"embeddable":true,"href":"https:\/\/diariotribuna.com.br\/index.php?rest_route=\/wp\/v2\/users\/1"}],"replies":[{"embeddable":true,"href":"https:\/\/diariotribuna.com.br\/index.php?rest_route=%2Fwp%2Fv2%2Fcomments&post=10251"}],"version-history":[{"count":1,"href":"https:\/\/diariotribuna.com.br\/index.php?rest_route=\/wp\/v2\/posts\/10251\/revisions"}],"predecessor-version":[{"id":10253,"href":"https:\/\/diariotribuna.com.br\/index.php?rest_route=\/wp\/v2\/posts\/10251\/revisions\/10253"}],"wp:featuredmedia":[{"embeddable":true,"href":"https:\/\/diariotribuna.com.br\/index.php?rest_route=\/wp\/v2\/media\/10252"}],"wp:attachment":[{"href":"https:\/\/diariotribuna.com.br\/index.php?rest_route=%2Fwp%2Fv2%2Fmedia&parent=10251"}],"wp:term":[{"taxonomy":"category","embeddable":true,"href":"https:\/\/diariotribuna.com.br\/index.php?rest_route=%2Fwp%2Fv2%2Fcategories&post=10251"},{"taxonomy":"post_tag","embeddable":true,"href":"https:\/\/diariotribuna.com.br\/index.php?rest_route=%2Fwp%2Fv2%2Ftags&post=10251"}],"curies":[{"name":"wp","href":"https:\/\/api.w.org\/{rel}","templated":true}]}}