{"id":10254,"date":"2021-05-27T23:02:18","date_gmt":"2021-05-28T02:02:18","guid":{"rendered":"https:\/\/diariotribuna.com.br\/?p=10254"},"modified":"2021-05-29T00:14:02","modified_gmt":"2021-05-29T03:14:02","slug":"pcmg-identifica-mais-uma-vitima-da-tragedia-em-brumadinho","status":"publish","type":"post","link":"https:\/\/diariotribuna.com.br\/?p=10254","title":{"rendered":"PCMG identifica mais uma v\u00edtima da trag\u00e9dia em Brumadinho"},"content":{"rendered":"\n<p><strong><em>Bombeiros seguem nas buscas por 10 joias, como os familiares se referem aos entes que ainda n\u00e3o foram encontrados<\/em><\/strong><\/p>\n\n\n\n<figure class=\"wp-block-image size-large is-resized is-style-default\"><img loading=\"lazy\" decoding=\"async\" src=\"https:\/\/diariotribuna.com.br\/wp-content\/uploads\/2021\/05\/Divulgacao-CBMMG-41.jpg\" alt=\"\" class=\"wp-image-10255\" width=\"563\" height=\"372\" srcset=\"https:\/\/diariotribuna.com.br\/wp-content\/uploads\/2021\/05\/Divulgacao-CBMMG-41.jpg 700w, https:\/\/diariotribuna.com.br\/wp-content\/uploads\/2021\/05\/Divulgacao-CBMMG-41-300x198.jpg 300w, https:\/\/diariotribuna.com.br\/wp-content\/uploads\/2021\/05\/Divulgacao-CBMMG-41-696x460.jpg 696w, https:\/\/diariotribuna.com.br\/wp-content\/uploads\/2021\/05\/Divulgacao-CBMMG-41-635x420.jpg 635w\" sizes=\"(max-width: 563px) 100vw, 563px\" \/><\/figure>\n\n\n\n<p>A&nbsp;<a rel=\"noreferrer noopener\" href=\"http:\/\/www.policiacivil.mg.gov.br\/\" target=\"_blank\">Pol\u00edcia Civil de Minas Gerais (PCMG)<\/a>, por meio do Instituto de Criminal\u00edstica, identificou&nbsp;nesta quinta-feira (27\/05\/21) mais uma v\u00edtima da trag\u00e9dia do rompimento da barragem da mina do C\u00f3rrego do Feij\u00e3o, em Brumadinho. Trata-se de um homem, de 34 anos, que era soldador da Vale. O governador Romeu Zema disse que a identifica\u00e7\u00e3o traz um alento para a fam\u00edlia. &#8220;Foi identificada hoje mais uma joia. Que Deus conforte os familiares. N\u00e3o vamos perder as esperan\u00e7as&#8221;, publicou nas redes sociais.&nbsp;<\/p>\n\n\n\n<p>&#8220;Tanto o IML quanto o Instituto de Criminal\u00edstica v\u00eam trabalhando diuturnamente, buscando a solu\u00e7\u00e3o desta quest\u00e3o de identifica\u00e7\u00e3o de todas as v\u00edtimas. Sabemos da import\u00e2ncia, o&nbsp;que isso&nbsp;significa para as fam\u00edlias, e estamos empenhados nisso&#8221;, disse o superintendente de Pol\u00edcia T\u00e9cnico-Cient\u00edfica, Thales Bittencourt de Barcelos.<\/p>\n\n\n\n<p>A identifica\u00e7\u00e3o tamb\u00e9m \u00e9 resultado do incans\u00e1vel e ininterrupto trabalho do&nbsp;<a href=\"http:\/\/www.bombeiros.mg.gov.br\/\" target=\"_blank\" rel=\"noreferrer noopener\">Corpo de Bombeiros Militar de Minas Gerais (CBMMG)<\/a>&nbsp;que, desde 25 de janeiro de 2019, j\u00e1 empregou mais de 4 mil bombeiros militares de todo o Estado em uma opera\u00e7\u00e3o que continua at\u00e9 hoje, dois anos e quatro meses depois. A opera\u00e7\u00e3o desenvolvida pela corpora\u00e7\u00e3o j\u00e1 passou por sete etapas&nbsp;diferentes, empregando todo o tipo de tecnologia e recursos existentes e se tornando a maior opera\u00e7\u00e3o de busca e resgate do Brasil, al\u00e9m de refer\u00eancia mundial no desenvolvimento de novas t\u00e9cnicas e doutrinas.<\/p>\n\n\n\n<p>Atualmente, o CBMMG est\u00e1 em fase de implementa\u00e7\u00e3o da oitava fase de buscas, que contar\u00e1 com tecnologia para a acelera\u00e7\u00e3o do processo de vistoria de rejeito, doutrina advinda das an\u00e1lises dos especialistas bombeiros militares e que aumentar\u00e1 ainda mais a possibilidade de se localizar e identificar as 10 joias restantes.<\/p>\n\n\n\n<p><strong>(Central de Imprensa \/ Governo de Minas \/ Cr\u00e9dito foto: CBMMG \/ Divulga\u00e7\u00e3o)<\/strong><\/p>\n","protected":false},"excerpt":{"rendered":"<p>Bombeiros seguem nas buscas por 10 joias, como os familiares se referem aos entes que ainda n\u00e3o foram encontrados A&nbsp;Pol\u00edcia Civil de Minas Gerais (PCMG), por meio do Instituto de Criminal\u00edstica, identificou&nbsp;nesta quinta-feira (27\/05\/21) mais uma v\u00edtima da trag\u00e9dia do rompimento da barragem da mina do C\u00f3rrego do Feij\u00e3o, em Brumadinho. Trata-se de um homem, [&hellip;]<\/p>\n","protected":false},"author":1,"featured_media":10255,"comment_status":"open","ping_status":"open","sticky":false,"template":"","format":"standard","meta":{"rop_custom_images_group":[],"rop_custom_messages_group":[],"rop_publish_now":"initial","rop_publish_now_accounts":[],"rop_publish_now_history":[],"rop_publish_now_status":"pending","footnotes":""},"categories":[19],"tags":[1315,3179,828,3180],"class_list":["post-10254","post","type-post","status-publish","format-standard","has-post-thumbnail","hentry","category-gerais","tag-brumadinho","tag-mais-uma-vitima-identificada","tag-pcmg","tag-tragedia"],"_links":{"self":[{"href":"https:\/\/diariotribuna.com.br\/index.php?rest_route=\/wp\/v2\/posts\/10254"}],"collection":[{"href":"https:\/\/diariotribuna.com.br\/index.php?rest_route=\/wp\/v2\/posts"}],"about":[{"href":"https:\/\/diariotribuna.com.br\/index.php?rest_route=\/wp\/v2\/types\/post"}],"author":[{"embeddable":true,"href":"https:\/\/diariotribuna.com.br\/index.php?rest_route=\/wp\/v2\/users\/1"}],"replies":[{"embeddable":true,"href":"https:\/\/diariotribuna.com.br\/index.php?rest_route=%2Fwp%2Fv2%2Fcomments&post=10254"}],"version-history":[{"count":3,"href":"https:\/\/diariotribuna.com.br\/index.php?rest_route=\/wp\/v2\/posts\/10254\/revisions"}],"predecessor-version":[{"id":10297,"href":"https:\/\/diariotribuna.com.br\/index.php?rest_route=\/wp\/v2\/posts\/10254\/revisions\/10297"}],"wp:featuredmedia":[{"embeddable":true,"href":"https:\/\/diariotribuna.com.br\/index.php?rest_route=\/wp\/v2\/media\/10255"}],"wp:attachment":[{"href":"https:\/\/diariotribuna.com.br\/index.php?rest_route=%2Fwp%2Fv2%2Fmedia&parent=10254"}],"wp:term":[{"taxonomy":"category","embeddable":true,"href":"https:\/\/diariotribuna.com.br\/index.php?rest_route=%2Fwp%2Fv2%2Fcategories&post=10254"},{"taxonomy":"post_tag","embeddable":true,"href":"https:\/\/diariotribuna.com.br\/index.php?rest_route=%2Fwp%2Fv2%2Ftags&post=10254"}],"curies":[{"name":"wp","href":"https:\/\/api.w.org\/{rel}","templated":true}]}}