{"id":10259,"date":"2021-05-27T23:40:27","date_gmt":"2021-05-28T02:40:27","guid":{"rendered":"https:\/\/diariotribuna.com.br\/?p=10259"},"modified":"2021-05-27T23:42:46","modified_gmt":"2021-05-28T02:42:46","slug":"covid-19-terceira-onda-e-uma-preocupacao-afirma-ministro-da-saude","status":"publish","type":"post","link":"https:\/\/diariotribuna.com.br\/?p=10259","title":{"rendered":"Covid-19: terceira onda \u00e9 uma preocupa\u00e7\u00e3o, afirma ministro da Sa\u00fade"},"content":{"rendered":"\n<p><strong>Queiroga disse que pode haver a necessidade de a\u00e7\u00f5es mais restritivas<\/strong><\/p>\n\n\n\n<figure class=\"wp-block-image size-large is-resized is-style-default\"><img loading=\"lazy\" decoding=\"async\" src=\"https:\/\/diariotribuna.com.br\/wp-content\/uploads\/2021\/05\/img20210526094929972.jpg\" alt=\"\" class=\"wp-image-10260\" width=\"541\" height=\"332\" srcset=\"https:\/\/diariotribuna.com.br\/wp-content\/uploads\/2021\/05\/img20210526094929972.jpg 700w, https:\/\/diariotribuna.com.br\/wp-content\/uploads\/2021\/05\/img20210526094929972-300x184.jpg 300w, https:\/\/diariotribuna.com.br\/wp-content\/uploads\/2021\/05\/img20210526094929972-696x428.jpg 696w, https:\/\/diariotribuna.com.br\/wp-content\/uploads\/2021\/05\/img20210526094929972-684x420.jpg 684w\" sizes=\"(max-width: 541px) 100vw, 541px\" \/><\/figure>\n\n\n\n<p>O ministro da Sa\u00fade, Marcelo Queiroga, disse nesta quarta-feira (26\/05), em Bras\u00edlia, que a possibilidade de uma terceira onda da pandemia de covid-19 \u00e9 uma preocupa\u00e7\u00e3o. Frisou que o Minist\u00e9rio da Sa\u00fade est\u00e1 atento aos sinais sobre a evolu\u00e7\u00e3o dos casos de covid-19 no pa\u00eds.<\/p>\n\n\n\n<p>Ao ser perguntado sobre a possibilidade de avan\u00e7o da crise sanit\u00e1ria em raz\u00e3o da sinaliza\u00e7\u00e3o no aumento de casos da doen\u00e7a, Queiroga afirmou que o cen\u00e1rio pode estar ocorrendo em raz\u00e3o do afrouxamento de medidas de restri\u00e7\u00e3o \u00e0 circula\u00e7\u00e3o de pessoas e distanciamento social ou efeito de nova variante. \u201c\u00c9 uma preocupa\u00e7\u00e3o. N\u00f3s assistimos agora a uma redu\u00e7\u00e3o daquela tend\u00eancia de queda de \u00f3bitos e isso pode se dever a uma flexibiliza\u00e7\u00e3o das medidas de bloqueio\u201d, observou.<\/p>\n\n\n\n<p>&#8220;Est\u00e1vamos com medida de bloqueio e a\u00ed, como houve uma redu\u00e7\u00e3o da press\u00e3o sobre o sistema de sa\u00fade e mais disponibilidades de leitos de UTI [Unidade de Terapia Intensiva], ent\u00e3o se flexibiliza e, quando se flexibiliza, pode haver uma tend\u00eancia de aumento de casos\u201d, explicou.<\/p>\n\n\n\n<p>Segundo o ministro, outra possibilidade \u00e9 a da presen\u00e7a de variante do novo coronav\u00edrus no pa\u00eds. Nesta quarta-feira, o Instituto Adolfo Lutz identificou um caso da variante indiana da covid-19, a B.1.617.2,&nbsp;<a href=\"https:\/\/agenciabrasil.ebc.com.br\/saude\/noticia\/2021-05\/covid-19-instituto-confirma-caso-da-variante-indiana-em-sao-paulo\">em S\u00e3o Paulo<\/a>. Este \u00e9 o segundo caso da variante registrado no pa\u00eds. O primeiro foi confirmado na quinta-feira (20), no Maranh\u00e3o. Segundo o ministro, a pasta est\u00e1 realizando o monitoramento dos casos.<\/p>\n\n\n\n<p>\u201cEnt\u00e3o essa diminui\u00e7\u00e3o de queda [de casos] em alguns locais pode refletir isso [flexibiliza\u00e7\u00e3o das medidas de bloqueio], mas tamb\u00e9m pode ser efeito de uma variante, por exemplo. N\u00e3o temos essa resposta ainda. O Minist\u00e9rio da Sa\u00fade fica vigilante para que possa se orientar. E vamos trabalhar juntos para que se possa evitar essa terceira onda.\u201d<\/p>\n\n\n\n<h2 class=\"wp-block-heading\">Medidas restritivas<\/h2>\n\n\n\n<p>Queiroga disse que o minist\u00e9rio est\u00e1 fazendo a vigil\u00e2ncia gen\u00f4mica dos casos e que pode haver necessidade de ado\u00e7\u00e3o de medidas mais restritivas em regi\u00f5es do pa\u00eds. \u201cEssa vigil\u00e2ncia gen\u00f4mica \u00e9 feita. N\u00f3s estamos atentos. De acordo com a situa\u00e7\u00e3o epidemiol\u00f3gica de cada regi\u00e3o, pode ser necess\u00e1rio que se adote uma medida mais restritiva, que fica a cargo da autoridade municipal\u201d, argumentou.<\/p>\n\n\n\n<p>Durante a audi\u00eancia conjunta nas Comiss\u00f5es de Fiscaliza\u00e7\u00e3o e Controle e de Defesa do Consumidor da C\u00e2mara dos Deputados, o ministro da Sa\u00fade disse que est\u00e3o sendo tomadas medidas para a manuten\u00e7\u00e3o dos leitos de UTI e tamb\u00e9m para a compra de insumos do chamado&nbsp;<em>kit<\/em>&nbsp;intuba\u00e7\u00e3o.&nbsp;<\/p>\n\n\n\n<p>Al\u00e9m dos preg\u00f5es para a compra dos insumos, a pasta tamb\u00e9m adquiriu, por meio de parceria com a Organiza\u00e7\u00e3o Pan-Americana da Sa\u00fade (Opas), 2,5 milh\u00f5es de itens do\u00a0<em>kit<\/em>. \u201cDesses, 800 mil j\u00e1 est\u00e3o no Brasil, dependentes apenas de aspectos documentais para serem distribu\u00eddos\u201d, detalhou.<\/p>\n\n\n\n<h2 class=\"wp-block-heading\">Sequelas<\/h2>\n\n\n\n<p>Segundo Marcelo Queiroga, a manuten\u00e7\u00e3o dos leitos \u00e9 importante devido a sequelas deixadas pelo v\u00edrus a longo prazo. Ele justificou a iniciativa argumentando que deve haver, depois da pandemia, uma onda de doen\u00e7as cr\u00f4nicas como hipertens\u00e3o e diabetes.&nbsp;<\/p>\n\n\n\n<p>O ministro observou que a manuten\u00e7\u00e3o dos leitos tamb\u00e9m vai dar vaz\u00e3o para a demanda de realiza\u00e7\u00e3o de cirurgias eletivas, que est\u00e3o, na sua maioria, suspensas em raz\u00e3o da pandemia. \u201cO desafio \u00e9 manter leitos habilitados porque vamos ter press\u00e3o por doen\u00e7as cardiovasculares, a quest\u00e3o das cirurgias eletivas. Esse \u00e9 o nosso desafio\u201d, especificou.<\/p>\n\n\n\n<h2 class=\"wp-block-heading\">Vacinas<\/h2>\n\n\n\n<p>O ministro tamb\u00e9m foi questionado sobre a suspens\u00e3o das patentes de vacinas, em discuss\u00e3o na Organiza\u00e7\u00e3o Mundial do Com\u00e9rcio (OMC). A iniciativa tem como meta permitir a acelera\u00e7\u00e3o da produ\u00e7\u00e3o de imunizantes em pa\u00edses em desenvolvimento. No in\u00edcio do m\u00eas, a medida recebeu o apoio do presidente dos Estados Unidos, Joe Biden. Na sequ\u00eancia, a China tamb\u00e9m apoiou a quebra de patentes.<\/p>\n\n\n\n<p>\u201cSe tiv\u00e9ssemos aqui no Brasil condi\u00e7\u00f5es de produzir vacinas com esse licenciamento compuls\u00f3rio seria excelente, mas n\u00f3s n\u00e3o temos. Mesmo que houvesse esse licenciamento compuls\u00f3rio, o Brasil n\u00e3o come\u00e7aria a produzir vacinas imediatamente\u201d, afirmou.<\/p>\n\n\n\n<p>A seguir, o ministro falou sobre o an\u00fancio dos Estados Unidos de que v\u00e3o doar parte dos imunizantes adquiridos para outros pa\u00edses. Queiroga disse acreditar que n\u00e3o vai haver doa\u00e7\u00e3o de vacinas para o Brasil e que o desafio do minist\u00e9rio \u00e9 antecipar as entregas dos imunizantes j\u00e1 contratados. \u201cSendo pragm\u00e1tico: os Estados Unidos n\u00e3o v\u00e3o doar doses de vacinas para o Brasil, at\u00e9 porque o Brasil comprou doses das ind\u00fastrias americanas. O que queremos \u00e9 antecipar essas doses. E esse \u00e9 o nosso esfor\u00e7o\u201d, finalizou.<\/p>\n\n\n\n<p><strong>(Ag\u00eancia Brasil)<\/strong><\/p>\n","protected":false},"excerpt":{"rendered":"<p>Queiroga disse que pode haver a necessidade de a\u00e7\u00f5es mais restritivas O ministro da Sa\u00fade, Marcelo Queiroga, disse nesta quarta-feira (26\/05), em Bras\u00edlia, que a possibilidade de uma terceira onda da pandemia de covid-19 \u00e9 uma preocupa\u00e7\u00e3o. Frisou que o Minist\u00e9rio da Sa\u00fade est\u00e1 atento aos sinais sobre a evolu\u00e7\u00e3o dos casos de covid-19 no [&hellip;]<\/p>\n","protected":false},"author":1,"featured_media":10260,"comment_status":"open","ping_status":"open","sticky":false,"template":"","format":"standard","meta":{"rop_custom_images_group":[],"rop_custom_messages_group":[],"rop_publish_now":"initial","rop_publish_now_accounts":[],"rop_publish_now_history":[],"rop_publish_now_status":"pending","footnotes":""},"categories":[192],"tags":[393,84,2790,1552,3181],"class_list":["post-10259","post","type-post","status-publish","format-standard","has-post-thumbnail","hentry","category-covid19","tag-brasil","tag-covid-19","tag-marcelo-queiroga","tag-ministro-da-saude","tag-terceira-onda"],"_links":{"self":[{"href":"https:\/\/diariotribuna.com.br\/index.php?rest_route=\/wp\/v2\/posts\/10259"}],"collection":[{"href":"https:\/\/diariotribuna.com.br\/index.php?rest_route=\/wp\/v2\/posts"}],"about":[{"href":"https:\/\/diariotribuna.com.br\/index.php?rest_route=\/wp\/v2\/types\/post"}],"author":[{"embeddable":true,"href":"https:\/\/diariotribuna.com.br\/index.php?rest_route=\/wp\/v2\/users\/1"}],"replies":[{"embeddable":true,"href":"https:\/\/diariotribuna.com.br\/index.php?rest_route=%2Fwp%2Fv2%2Fcomments&post=10259"}],"version-history":[{"count":2,"href":"https:\/\/diariotribuna.com.br\/index.php?rest_route=\/wp\/v2\/posts\/10259\/revisions"}],"predecessor-version":[{"id":10262,"href":"https:\/\/diariotribuna.com.br\/index.php?rest_route=\/wp\/v2\/posts\/10259\/revisions\/10262"}],"wp:featuredmedia":[{"embeddable":true,"href":"https:\/\/diariotribuna.com.br\/index.php?rest_route=\/wp\/v2\/media\/10260"}],"wp:attachment":[{"href":"https:\/\/diariotribuna.com.br\/index.php?rest_route=%2Fwp%2Fv2%2Fmedia&parent=10259"}],"wp:term":[{"taxonomy":"category","embeddable":true,"href":"https:\/\/diariotribuna.com.br\/index.php?rest_route=%2Fwp%2Fv2%2Fcategories&post=10259"},{"taxonomy":"post_tag","embeddable":true,"href":"https:\/\/diariotribuna.com.br\/index.php?rest_route=%2Fwp%2Fv2%2Ftags&post=10259"}],"curies":[{"name":"wp","href":"https:\/\/api.w.org\/{rel}","templated":true}]}}