{"id":10266,"date":"2021-05-28T10:27:18","date_gmt":"2021-05-28T13:27:18","guid":{"rendered":"https:\/\/diariotribuna.com.br\/?p=10266"},"modified":"2021-05-28T10:30:43","modified_gmt":"2021-05-28T13:30:43","slug":"28a-subsecao-da-oab-mg-realiza-a-sexta-entrega-virtual-de-carteiras-profissionais","status":"publish","type":"post","link":"https:\/\/diariotribuna.com.br\/?p=10266","title":{"rendered":"28\u00aa Subse\u00e7\u00e3o da OAB\/MG realiza a sexta entrega virtual de carteiras profissionais"},"content":{"rendered":"\n<figure class=\"wp-block-image size-large is-resized is-style-default\"><img loading=\"lazy\" decoding=\"async\" src=\"https:\/\/diariotribuna.com.br\/wp-content\/uploads\/2021\/05\/4-5.jpg\" alt=\"\" class=\"wp-image-10267\" width=\"539\" height=\"398\" srcset=\"https:\/\/diariotribuna.com.br\/wp-content\/uploads\/2021\/05\/4-5.jpg 600w, https:\/\/diariotribuna.com.br\/wp-content\/uploads\/2021\/05\/4-5-300x222.jpg 300w, https:\/\/diariotribuna.com.br\/wp-content\/uploads\/2021\/05\/4-5-80x60.jpg 80w, https:\/\/diariotribuna.com.br\/wp-content\/uploads\/2021\/05\/4-5-569x420.jpg 569w\" sizes=\"(max-width: 539px) 100vw, 539px\" \/><\/figure>\n\n\n\n<p>Na sexta-feira (14\/05\/21), \u00e0s 17 horas, a 28\u00aa Subse\u00e7\u00e3o da OAB\/MG \u2013 Te\u00f3filo Otoni, realizou a sexta solenidade virtual de entrega de Carteiras Profissionais de acordo com a Portaria 87\/2020 que trata da regulamenta\u00e7\u00e3o das solenidades virtuais no \u00e2mbito da OAB de Minas. O evento foi transmitido pelo canal do youtube. Foram entregues 15 carteiras profissionais e 02 de estagi\u00e1rio, ap\u00f3s o juramento nos termos do Estatuto da Advocacia e da OAB (EAOAB).<\/p>\n\n\n\n<p>A solenidade foi conduzida pelo presidente da Comiss\u00e3o da OAB Jovem e Conselheiro da 28\u00aa Subse\u00e7\u00e3o, dr. Rodrigo Caldeira de Barros, teve como Paraninfa, a dra Kathia Neiva, como Oradora a nova inscrita Marilia Esteves Lima. A solenidade foi aberta oficialmente pela presidente da 28\u00aa Subse\u00e7\u00e3o da OAB, dra. Maria Beatriz Cunha Cicci Neves.<\/p>\n\n\n\n<p>O novo inscrito Daniel Figueiredo Garcia Gomes conduziu o juramento, <strong><em>\u201cPrometo exercer a advocacia com dignidade e independ\u00eancia, observar a \u00e9tica, os deveres e prerrogativas profissionais, e defender a Constitui\u00e7\u00e3o, os direitos humanos, a justi\u00e7a social, a boa aplica\u00e7\u00e3o das leis, a r\u00e1pida administra\u00e7\u00e3o da justi\u00e7a, e o aperfei\u00e7oamento da cultura e das institui\u00e7\u00f5es jur\u00eddicas\u201d.<\/em><\/strong> Ao final, os demais inscritos disseram \u201ceu juro\u201d. A dra. Beatriz declarou os novos inscritos aptos ao exerc\u00edcio da advocacia em todo o territ\u00f3rio nacional, e falou da sua satisfa\u00e7\u00e3o em receb\u00ea-los na 28\u00aa Subse\u00e7\u00e3o da OAB de Te\u00f3filo Otoni \u2013 <strong>gest\u00e3o democr\u00e1tica e participativa.<\/strong><\/p>\n\n\n\n<p><strong>S\u00e3o tr\u00eas os requisitos objetivos para se inscrever na OAB:<\/strong> 1-concluir o curso de direito em entidade reconhecida pelo MEC. 2-Ser aprovado no Exame de Ordem. 3-Prestar o juramento institucional.<\/p>\n\n\n\n<h3 class=\"wp-block-heading\"><strong>Novos inscritos na 28\u00aa Subse\u00e7\u00e3o da OAB\/MG \u2013 Te\u00f3filo Otoni:<\/strong><\/h3>\n\n\n\n<p>Amanda Moscardini Soares<\/p>\n\n\n\n<p>Daniel Figueiredo Garcia Gomes &#8211; <strong>Juramentista<\/strong><\/p>\n\n\n\n<p>Danilo Estev\u00e3o Alvarenga Batista<\/p>\n\n\n\n<p>Ediney Lopes de Souza &#8211; <strong>Estagi\u00e1rio<\/strong><\/p>\n\n\n\n<p>Enos Pires Cardoso<\/p>\n\n\n\n<p>Everson Lemos Machado<\/p>\n\n\n\n<p>Gizelle dos Reis Morais<\/p>\n\n\n\n<p>Let\u00edcia Leite Oliveira<\/p>\n\n\n\n<p>Luisa Eulalia de Jesus Rodrigues<\/p>\n\n\n\n<p>Maria Jos\u00e9 Diniz Scofield<\/p>\n\n\n\n<p>Marilia Esteves Lima &#8211; <strong>Oradora<\/strong><\/p>\n\n\n\n<p>Rejane Paulo Batista de Medeiros<\/p>\n\n\n\n<p>Renata Rodrigues Martins<\/p>\n\n\n\n<p>Renato Caldeira Brant \u2013 <strong>Estagi\u00e1rio<\/strong><\/p>\n\n\n\n<p>Thamires Vieira de Souza<\/p>\n\n\n\n<p>Tiarlas Lopes Gon\u00e7alves<\/p>\n\n\n\n<p>Vitor Pereira Almeida<\/p>\n\n\n\n<figure class=\"wp-block-gallery columns-3 is-cropped wp-block-gallery-1 is-layout-flex wp-block-gallery-is-layout-flex\"><ul class=\"blocks-gallery-grid\"><li class=\"blocks-gallery-item\"><figure><img loading=\"lazy\" decoding=\"async\" width=\"700\" height=\"375\" src=\"https:\/\/diariotribuna.com.br\/wp-content\/uploads\/2021\/05\/3-9.jpg\" alt=\"\" data-id=\"10270\" data-link=\"https:\/\/diariotribuna.com.br\/?attachment_id=10270\" class=\"wp-image-10270\" srcset=\"https:\/\/diariotribuna.com.br\/wp-content\/uploads\/2021\/05\/3-9.jpg 700w, https:\/\/diariotribuna.com.br\/wp-content\/uploads\/2021\/05\/3-9-300x161.jpg 300w, https:\/\/diariotribuna.com.br\/wp-content\/uploads\/2021\/05\/3-9-696x373.jpg 696w\" sizes=\"(max-width: 700px) 100vw, 700px\" \/><figcaption class=\"blocks-gallery-item__caption\"><strong>Advogada Leticia Leite Oliveira<\/strong><\/figcaption><\/figure><\/li><li class=\"blocks-gallery-item\"><figure><img loading=\"lazy\" decoding=\"async\" width=\"700\" height=\"393\" src=\"https:\/\/diariotribuna.com.br\/wp-content\/uploads\/2021\/05\/5-3.jpg\" alt=\"\" data-id=\"10271\" data-link=\"https:\/\/diariotribuna.com.br\/?attachment_id=10271\" class=\"wp-image-10271\" srcset=\"https:\/\/diariotribuna.com.br\/wp-content\/uploads\/2021\/05\/5-3.jpg 700w, https:\/\/diariotribuna.com.br\/wp-content\/uploads\/2021\/05\/5-3-300x168.jpg 300w, https:\/\/diariotribuna.com.br\/wp-content\/uploads\/2021\/05\/5-3-696x391.jpg 696w\" sizes=\"(max-width: 700px) 100vw, 700px\" \/><figcaption class=\"blocks-gallery-item__caption\"><strong>Paraninfa da solenidade: Kathia Neiva Rodrigues Costa<\/strong><\/figcaption><\/figure><\/li><li class=\"blocks-gallery-item\"><figure><img loading=\"lazy\" decoding=\"async\" width=\"700\" height=\"414\" src=\"https:\/\/diariotribuna.com.br\/wp-content\/uploads\/2021\/05\/6-2.jpg\" alt=\"\" data-id=\"10272\" data-full-url=\"https:\/\/diariotribuna.com.br\/wp-content\/uploads\/2021\/05\/6-2.jpg\" data-link=\"https:\/\/diariotribuna.com.br\/?attachment_id=10272\" class=\"wp-image-10272\" srcset=\"https:\/\/diariotribuna.com.br\/wp-content\/uploads\/2021\/05\/6-2.jpg 700w, https:\/\/diariotribuna.com.br\/wp-content\/uploads\/2021\/05\/6-2-300x177.jpg 300w, https:\/\/diariotribuna.com.br\/wp-content\/uploads\/2021\/05\/6-2-696x412.jpg 696w\" sizes=\"(max-width: 700px) 100vw, 700px\" \/><figcaption class=\"blocks-gallery-item__caption\"><strong>Estagi\u00e1rio Renato Caldeira Brant<\/strong><\/figcaption><\/figure><\/li><li class=\"blocks-gallery-item\"><figure><img loading=\"lazy\" decoding=\"async\" width=\"700\" height=\"655\" src=\"https:\/\/diariotribuna.com.br\/wp-content\/uploads\/2021\/05\/2-11.jpg\" alt=\"\" data-id=\"10268\" data-link=\"https:\/\/diariotribuna.com.br\/?attachment_id=10268\" class=\"wp-image-10268\" srcset=\"https:\/\/diariotribuna.com.br\/wp-content\/uploads\/2021\/05\/2-11.jpg 700w, https:\/\/diariotribuna.com.br\/wp-content\/uploads\/2021\/05\/2-11-300x281.jpg 300w, https:\/\/diariotribuna.com.br\/wp-content\/uploads\/2021\/05\/2-11-696x651.jpg 696w, https:\/\/diariotribuna.com.br\/wp-content\/uploads\/2021\/05\/2-11-449x420.jpg 449w\" sizes=\"(max-width: 700px) 100vw, 700px\" \/><figcaption class=\"blocks-gallery-item__caption\"><strong>Dr. Rodrigo Caldeira de Barros conduziu a cerim\u00f4nia<\/strong><\/figcaption><\/figure><\/li><li class=\"blocks-gallery-item\"><figure><img loading=\"lazy\" decoding=\"async\" width=\"700\" height=\"640\" src=\"https:\/\/diariotribuna.com.br\/wp-content\/uploads\/2021\/05\/1-11.jpg\" alt=\"\" data-id=\"10269\" data-link=\"https:\/\/diariotribuna.com.br\/?attachment_id=10269\" class=\"wp-image-10269\" srcset=\"https:\/\/diariotribuna.com.br\/wp-content\/uploads\/2021\/05\/1-11.jpg 700w, https:\/\/diariotribuna.com.br\/wp-content\/uploads\/2021\/05\/1-11-300x274.jpg 300w, https:\/\/diariotribuna.com.br\/wp-content\/uploads\/2021\/05\/1-11-696x636.jpg 696w, https:\/\/diariotribuna.com.br\/wp-content\/uploads\/2021\/05\/1-11-459x420.jpg 459w\" sizes=\"(max-width: 700px) 100vw, 700px\" \/><figcaption class=\"blocks-gallery-item__caption\"><strong>Presidente 28\u00aa Subse\u00e7\u00e3o da OAB, Dra. Beatriz C. C. Neves<\/strong><\/figcaption><\/figure><\/li><\/ul><\/figure>\n","protected":false},"excerpt":{"rendered":"<p>Na sexta-feira (14\/05\/21), \u00e0s 17 horas, a 28\u00aa Subse\u00e7\u00e3o da OAB\/MG \u2013 Te\u00f3filo Otoni, realizou a sexta solenidade virtual de entrega de Carteiras Profissionais de acordo com a Portaria 87\/2020 que trata da regulamenta\u00e7\u00e3o das solenidades virtuais no \u00e2mbito da OAB de Minas. O evento foi transmitido pelo canal do youtube. Foram entregues 15 carteiras [&hellip;]<\/p>\n","protected":false},"author":1,"featured_media":10267,"comment_status":"open","ping_status":"open","sticky":false,"template":"","format":"standard","meta":{"rop_custom_images_group":[],"rop_custom_messages_group":[],"rop_publish_now":"initial","rop_publish_now_accounts":[],"rop_publish_now_history":[],"rop_publish_now_status":"pending","footnotes":""},"categories":[17],"tags":[1281,536,3184,75],"class_list":["post-10266","post","type-post","status-publish","format-standard","has-post-thumbnail","hentry","category-teofilootoni","tag-1281","tag-28a-subsecao-da-oab-mg","tag-sexta-solenidade-virtual-de-entrega-de-carteiras-profissionais","tag-teofilo-otoni"],"_links":{"self":[{"href":"https:\/\/diariotribuna.com.br\/index.php?rest_route=\/wp\/v2\/posts\/10266"}],"collection":[{"href":"https:\/\/diariotribuna.com.br\/index.php?rest_route=\/wp\/v2\/posts"}],"about":[{"href":"https:\/\/diariotribuna.com.br\/index.php?rest_route=\/wp\/v2\/types\/post"}],"author":[{"embeddable":true,"href":"https:\/\/diariotribuna.com.br\/index.php?rest_route=\/wp\/v2\/users\/1"}],"replies":[{"embeddable":true,"href":"https:\/\/diariotribuna.com.br\/index.php?rest_route=%2Fwp%2Fv2%2Fcomments&post=10266"}],"version-history":[{"count":3,"href":"https:\/\/diariotribuna.com.br\/index.php?rest_route=\/wp\/v2\/posts\/10266\/revisions"}],"predecessor-version":[{"id":10275,"href":"https:\/\/diariotribuna.com.br\/index.php?rest_route=\/wp\/v2\/posts\/10266\/revisions\/10275"}],"wp:featuredmedia":[{"embeddable":true,"href":"https:\/\/diariotribuna.com.br\/index.php?rest_route=\/wp\/v2\/media\/10267"}],"wp:attachment":[{"href":"https:\/\/diariotribuna.com.br\/index.php?rest_route=%2Fwp%2Fv2%2Fmedia&parent=10266"}],"wp:term":[{"taxonomy":"category","embeddable":true,"href":"https:\/\/diariotribuna.com.br\/index.php?rest_route=%2Fwp%2Fv2%2Fcategories&post=10266"},{"taxonomy":"post_tag","embeddable":true,"href":"https:\/\/diariotribuna.com.br\/index.php?rest_route=%2Fwp%2Fv2%2Ftags&post=10266"}],"curies":[{"name":"wp","href":"https:\/\/api.w.org\/{rel}","templated":true}]}}