{"id":10289,"date":"2021-05-29T00:13:36","date_gmt":"2021-05-29T03:13:36","guid":{"rendered":"https:\/\/diariotribuna.com.br\/?p=10289"},"modified":"2021-06-05T23:10:46","modified_gmt":"2021-06-06T02:10:46","slug":"policia-civil-deflagra-a-operacao-chaziz-em-7-cidades-do-vale-do-jequitinhonha","status":"publish","type":"post","link":"https:\/\/diariotribuna.com.br\/?p=10289","title":{"rendered":"Pol\u00edcia Civil deflagra a Opera\u00e7\u00e3o Chaziz em 7 cidades do Vale do Jequitinhonha"},"content":{"rendered":"\n<p><strong>As investiga\u00e7\u00f5es prosseguir\u00e3o com vistas \u00e0 completa elucida\u00e7\u00e3o do grave crime de sequestro rel\u00e2mpago<\/strong><\/p>\n\n\n\n<figure class=\"wp-block-image size-large is-resized is-style-default\"><img loading=\"lazy\" decoding=\"async\" src=\"https:\/\/diariotribuna.com.br\/wp-content\/uploads\/2021\/05\/3394eb9a-0eff-4b60-b07d-b540912ead9d.jpg\" alt=\"\" class=\"wp-image-10290\" width=\"619\" height=\"440\" srcset=\"https:\/\/diariotribuna.com.br\/wp-content\/uploads\/2021\/05\/3394eb9a-0eff-4b60-b07d-b540912ead9d.jpg 700w, https:\/\/diariotribuna.com.br\/wp-content\/uploads\/2021\/05\/3394eb9a-0eff-4b60-b07d-b540912ead9d-300x213.jpg 300w, https:\/\/diariotribuna.com.br\/wp-content\/uploads\/2021\/05\/3394eb9a-0eff-4b60-b07d-b540912ead9d-100x70.jpg 100w, https:\/\/diariotribuna.com.br\/wp-content\/uploads\/2021\/05\/3394eb9a-0eff-4b60-b07d-b540912ead9d-696x495.jpg 696w, https:\/\/diariotribuna.com.br\/wp-content\/uploads\/2021\/05\/3394eb9a-0eff-4b60-b07d-b540912ead9d-590x420.jpg 590w\" sizes=\"(max-width: 619px) 100vw, 619px\" \/><\/figure>\n\n\n\n<p>A Pol\u00edcia Civil de Minas Gerais, por meio da 2\u00aa Delegacia Regional de Pedra Azul, com apoio do 15\u00b0 Departamento de Pol\u00edcia Civil de Te\u00f3filo Otoni, deflagrou, na quinta-feira (27\/05), a opera\u00e7\u00e3o &#8220;Chaziz&#8221;, para cumprimento de 7 mandados de pris\u00e3o tempor\u00e1ria e 20 de busca e apreens\u00e3o nos munic\u00edpios de Pedra Azul, Almenara (Povoado de Pedra Grande), Divisa Alegre, \u00c1guas Vermelhas, Cachoeira de Paje\u00fa (Povoados &#8220;S\u00e3o Francisco&#8221; e &#8220;Cariri&#8221;), Jequitinhonha (Povoado da Estiva) e Medina, na regi\u00e3o do Vale do Jequitinhonha.<\/p>\n\n\n\n<pre class=\"wp-block-verse\"><strong><em>A Opera\u00e7\u00e3o \u00e9 resultado das investiga\u00e7\u00f5es referentes ao crime que ocorreu no dia 27\/02\/21, no final da tarde, na MGC 251, estrada que liga os munic\u00edpios de Pedra Azul e Almenara, em Pedra Azul, quando o pai foi abordado pelos autores retornando em uma motocicleta de sua fazenda, na zona rural do munic\u00edpio. Os indiv\u00edduos o levaram para uma \u00e1rea de mata e l\u00e1 exigiram que ligasse para sua esposa, pedindo a ela que levasse todo o dinheiro que conseguisse.<\/em><\/strong><\/pre>\n\n\n\n<p>A esposa e sua filha foram para o local em que o pai disse que as estava esperando, levando expressiva quantia em dinheiro. Nesse intervalo, outra fam\u00edlia que passava pelo local foi abordada pelos autores e levada para o mesmo local onde estava o pai, mas este conseguiu se soltar e fugir. Quando m\u00e3e e filha chegaram, acompanhadas de outro familiar em uma motocicleta, os autores os abordaram e subtra\u00edram todo o dinheiro e as joias, al\u00e9m dos aparelhos celulares e as motocicletas, e fugiram em seguida, levando m\u00e3e e filha ref\u00e9ns no pr\u00f3prio carro, um Jeep Renegade.<\/p>\n\n\n\n<p>Depois de algumas horas circulando com as v\u00edtimas, os autores as liberaram juntamente com o ve\u00edculo na altura do km 34 da BR-116, no Povoado \u00c1guas Altas, popularmente conhecido como &#8220;S\u00e3o Francisco&#8221;, em Cachoeira de Paje\u00fa. As investiga\u00e7\u00f5es duraram tr\u00eas meses, tendo a Pol\u00edcia Civil identificado os suspeitos da pr\u00e1tica do crime, bem como os envolvidos que ficaram na posse dos materiais subtra\u00eddos.<\/p>\n\n\n\n<p>A PCMG representou, pela decreta\u00e7\u00e3o da pris\u00e3o tempor\u00e1ria dos investigados, E por mandados de busca e apreens\u00e3o na resid\u00eancia dos investigados e de outros envolvidos, medidas que foram deferidas pelo Poder Judici\u00e1rio, ap\u00f3s manifesta\u00e7\u00e3o favor\u00e1vel do Minist\u00e9rio P\u00fablico. \u201cTodos os 7 mandados de pris\u00e3o tempor\u00e1ria foram cumpridos. Um dos alvos j\u00e1 se encontrava preso pelo envolvimento em um roubo de ve\u00edculo ocorrido no m\u00eas de abril em Pedra Azul\u201d, disse o delegado Thiago Passos.<\/p>\n\n\n\n<p>O delegado informou que as buscas e apreens\u00f5es resultaram em 03 pris\u00f5es em flagrante. Duas de investigados que j\u00e1 eram alvos de pris\u00e3o tempor\u00e1ria, sendo um pela posse de muni\u00e7\u00e3o e outro pela posse de moeda falsa, e a outra de um alvo de busca e apreens\u00e3o que estava na posse de um rev\u00f3lver calibre 32 e muni\u00e7\u00f5es, al\u00e9m de materiais que indicam a pr\u00e1tica do tr\u00e1fico de drogas.<\/p>\n\n\n\n<p>Um outro alvo das investiga\u00e7\u00f5es, oriundo do Estado do Rio de Janeiro, para o qual s\u00f3 havia mandado de busca e apreens\u00e3o, possu\u00eda dois mandados de pris\u00e3o em aberto pela pr\u00e1tica do crime de roubo expedidos pela Justi\u00e7a daquele Estado. Ele estava na posse de uma identidade falsa. Foram apreendidos ainda, nas buscas, cerca de R$ 3 mil em dinheiro, cheques, R$ 1.500,00 em notas falsas, uma placa veicular falsa, uma espingarda artesanal, por\u00e7\u00e3o de maconha, e v\u00e1rios itens de carga subtra\u00edda.<\/p>\n\n\n\n<p>Cerca de 50 policiais civis das delegacias regionais de Pedra Azul, Te\u00f3filo Otoni e Almenara, bem como das delegacias de Medina, Ara\u00e7ua\u00ed, Jacinto, Jequitinhonha, Itambacuri e Malacacheta, participaram da opera\u00e7\u00e3o, em 15 viaturas, contando, ainda, com o apoio da Superintend\u00eancia de Investiga\u00e7\u00e3o e Pol\u00edcia Judici\u00e1ria\/Coordena\u00e7\u00e3o Aerot\u00e1tica, por meio da aeronave &#8220;Carcar\u00e1&#8221; da PCMG. Ao total, foram presos 9 homens, com idades entre 20 e 40 anos.<\/p>\n\n\n\n<pre class=\"wp-block-verse\"><strong><em>\u201cO nome da opera\u00e7\u00e3o, \"Chaziz\", que significa \"rel\u00e2mpago\" em hebraico, faz men\u00e7\u00e3o a uma das modalidades de crime praticada pelos autores, denominada sequestro rel\u00e2mpago, bem como \u00e0 resposta dada pela PCMG a esse crime grave, que se deu quando os investigados, que acreditavam ficar impunes, menos esperavam, assim como um rel\u00e2mpago\u201d<\/em><\/strong>.<\/pre>\n\n\n\n<p>As investiga\u00e7\u00f5es, que est\u00e3o sendo realizadas pelo delegado Thiago de Carvalho Passos e equipe da 2\u00aa DRPC de Pedra Azul, prosseguir\u00e3o com vistas \u00e0 completa elucida\u00e7\u00e3o desse crime grave, que causou intensa repercuss\u00e3o social negativa em Pedra Azul e toda a regi\u00e3o. <strong>(Informa\u00e7\u00f5es\/Fotos: PCMG, dr. Thiago de Carvalho Passos)<\/strong>.<\/p>\n\n\n\n<figure class=\"wp-block-gallery columns-3 is-cropped wp-block-gallery-1 is-layout-flex wp-block-gallery-is-layout-flex\"><ul class=\"blocks-gallery-grid\"><li class=\"blocks-gallery-item\"><figure><img loading=\"lazy\" decoding=\"async\" width=\"700\" height=\"506\" src=\"https:\/\/diariotribuna.com.br\/wp-content\/uploads\/2021\/05\/67f7de3c-9f02-4325-9138-72da1ed3cde4.jpg\" alt=\"\" data-id=\"10292\" data-full-url=\"https:\/\/diariotribuna.com.br\/wp-content\/uploads\/2021\/05\/67f7de3c-9f02-4325-9138-72da1ed3cde4.jpg\" data-link=\"https:\/\/diariotribuna.com.br\/?attachment_id=10292\" class=\"wp-image-10292\" srcset=\"https:\/\/diariotribuna.com.br\/wp-content\/uploads\/2021\/05\/67f7de3c-9f02-4325-9138-72da1ed3cde4.jpg 700w, https:\/\/diariotribuna.com.br\/wp-content\/uploads\/2021\/05\/67f7de3c-9f02-4325-9138-72da1ed3cde4-300x217.jpg 300w, https:\/\/diariotribuna.com.br\/wp-content\/uploads\/2021\/05\/67f7de3c-9f02-4325-9138-72da1ed3cde4-324x235.jpg 324w, https:\/\/diariotribuna.com.br\/wp-content\/uploads\/2021\/05\/67f7de3c-9f02-4325-9138-72da1ed3cde4-696x503.jpg 696w, https:\/\/diariotribuna.com.br\/wp-content\/uploads\/2021\/05\/67f7de3c-9f02-4325-9138-72da1ed3cde4-581x420.jpg 581w\" sizes=\"(max-width: 700px) 100vw, 700px\" \/><\/figure><\/li><li class=\"blocks-gallery-item\"><figure><img loading=\"lazy\" decoding=\"async\" width=\"700\" height=\"458\" src=\"https:\/\/diariotribuna.com.br\/wp-content\/uploads\/2021\/05\/fb01c8a8-8e6c-4887-b690-f87aca790d7f.jpg\" alt=\"\" data-id=\"10291\" data-full-url=\"https:\/\/diariotribuna.com.br\/wp-content\/uploads\/2021\/05\/fb01c8a8-8e6c-4887-b690-f87aca790d7f.jpg\" data-link=\"https:\/\/diariotribuna.com.br\/?attachment_id=10291\" class=\"wp-image-10291\" srcset=\"https:\/\/diariotribuna.com.br\/wp-content\/uploads\/2021\/05\/fb01c8a8-8e6c-4887-b690-f87aca790d7f.jpg 700w, https:\/\/diariotribuna.com.br\/wp-content\/uploads\/2021\/05\/fb01c8a8-8e6c-4887-b690-f87aca790d7f-300x196.jpg 300w, https:\/\/diariotribuna.com.br\/wp-content\/uploads\/2021\/05\/fb01c8a8-8e6c-4887-b690-f87aca790d7f-696x455.jpg 696w, https:\/\/diariotribuna.com.br\/wp-content\/uploads\/2021\/05\/fb01c8a8-8e6c-4887-b690-f87aca790d7f-642x420.jpg 642w\" sizes=\"(max-width: 700px) 100vw, 700px\" \/><\/figure><\/li><li class=\"blocks-gallery-item\"><figure><img loading=\"lazy\" decoding=\"async\" width=\"700\" height=\"534\" src=\"https:\/\/diariotribuna.com.br\/wp-content\/uploads\/2021\/05\/f649193f-71f6-483b-a73c-79a7a9fa3172.jpg\" alt=\"\" data-id=\"10295\" data-full-url=\"https:\/\/diariotribuna.com.br\/wp-content\/uploads\/2021\/05\/f649193f-71f6-483b-a73c-79a7a9fa3172.jpg\" data-link=\"https:\/\/diariotribuna.com.br\/?attachment_id=10295\" class=\"wp-image-10295\" srcset=\"https:\/\/diariotribuna.com.br\/wp-content\/uploads\/2021\/05\/f649193f-71f6-483b-a73c-79a7a9fa3172.jpg 700w, https:\/\/diariotribuna.com.br\/wp-content\/uploads\/2021\/05\/f649193f-71f6-483b-a73c-79a7a9fa3172-300x229.jpg 300w, https:\/\/diariotribuna.com.br\/wp-content\/uploads\/2021\/05\/f649193f-71f6-483b-a73c-79a7a9fa3172-80x60.jpg 80w, https:\/\/diariotribuna.com.br\/wp-content\/uploads\/2021\/05\/f649193f-71f6-483b-a73c-79a7a9fa3172-696x531.jpg 696w, https:\/\/diariotribuna.com.br\/wp-content\/uploads\/2021\/05\/f649193f-71f6-483b-a73c-79a7a9fa3172-551x420.jpg 551w\" sizes=\"(max-width: 700px) 100vw, 700px\" \/><\/figure><\/li><\/ul><\/figure>\n\n\n\n<h4 class=\"wp-block-heading\"><strong>Instagram: <\/strong>@pcmg.oficial<\/h4>\n\n\n\n<h4 class=\"wp-block-heading\"><strong>Facebook: <\/strong>@pcmgoficial<\/h4>\n\n\n\n<h4 class=\"wp-block-heading\">T<strong>witter:<\/strong> @pcmgoficial<\/h4>\n\n\n\n<h4 class=\"wp-block-heading\"><strong>YouTube:<\/strong> @pcmgoficial<\/h4>\n\n\n\n<h4 class=\"wp-block-heading\"><a href=\"http:\/\/www.policiacivil.mg.gov.br\">www.policiacivil.mg.gov.br<\/a><\/h4>\n","protected":false},"excerpt":{"rendered":"<p>As investiga\u00e7\u00f5es prosseguir\u00e3o com vistas \u00e0 completa elucida\u00e7\u00e3o do grave crime de sequestro rel\u00e2mpago A Pol\u00edcia Civil de Minas Gerais, por meio da 2\u00aa Delegacia Regional de Pedra Azul, com apoio do 15\u00b0 Departamento de Pol\u00edcia Civil de Te\u00f3filo Otoni, deflagrou, na quinta-feira (27\/05), a opera\u00e7\u00e3o &#8220;Chaziz&#8221;, para cumprimento de 7 mandados de pris\u00e3o tempor\u00e1ria [&hellip;]<\/p>\n","protected":false},"author":1,"featured_media":10290,"comment_status":"open","ping_status":"open","sticky":false,"template":"","format":"standard","meta":{"rop_custom_images_group":[],"rop_custom_messages_group":[],"rop_publish_now":"initial","rop_publish_now_accounts":[],"rop_publish_now_history":[],"rop_publish_now_status":"pending","footnotes":""},"categories":[20],"tags":[79,3191,292,3192,374],"class_list":["post-10289","post","type-post","status-publish","format-standard","has-post-thumbnail","hentry","category-policia","tag-medina","tag-operacao-chaziz","tag-policia-civil","tag-sequestro-relampago","tag-vale-jequitinhonha"],"_links":{"self":[{"href":"https:\/\/diariotribuna.com.br\/index.php?rest_route=\/wp\/v2\/posts\/10289"}],"collection":[{"href":"https:\/\/diariotribuna.com.br\/index.php?rest_route=\/wp\/v2\/posts"}],"about":[{"href":"https:\/\/diariotribuna.com.br\/index.php?rest_route=\/wp\/v2\/types\/post"}],"author":[{"embeddable":true,"href":"https:\/\/diariotribuna.com.br\/index.php?rest_route=\/wp\/v2\/users\/1"}],"replies":[{"embeddable":true,"href":"https:\/\/diariotribuna.com.br\/index.php?rest_route=%2Fwp%2Fv2%2Fcomments&post=10289"}],"version-history":[{"count":3,"href":"https:\/\/diariotribuna.com.br\/index.php?rest_route=\/wp\/v2\/posts\/10289\/revisions"}],"predecessor-version":[{"id":10299,"href":"https:\/\/diariotribuna.com.br\/index.php?rest_route=\/wp\/v2\/posts\/10289\/revisions\/10299"}],"wp:featuredmedia":[{"embeddable":true,"href":"https:\/\/diariotribuna.com.br\/index.php?rest_route=\/wp\/v2\/media\/10290"}],"wp:attachment":[{"href":"https:\/\/diariotribuna.com.br\/index.php?rest_route=%2Fwp%2Fv2%2Fmedia&parent=10289"}],"wp:term":[{"taxonomy":"category","embeddable":true,"href":"https:\/\/diariotribuna.com.br\/index.php?rest_route=%2Fwp%2Fv2%2Fcategories&post=10289"},{"taxonomy":"post_tag","embeddable":true,"href":"https:\/\/diariotribuna.com.br\/index.php?rest_route=%2Fwp%2Fv2%2Ftags&post=10289"}],"curies":[{"name":"wp","href":"https:\/\/api.w.org\/{rel}","templated":true}]}}