{"id":10307,"date":"2021-05-31T00:46:51","date_gmt":"2021-05-31T03:46:51","guid":{"rendered":"https:\/\/diariotribuna.com.br\/?p=10307"},"modified":"2021-05-31T00:46:53","modified_gmt":"2021-05-31T03:46:53","slug":"covid-19-brasil-registra-874-mortes-e-453-mil-casos-em-24-horas","status":"publish","type":"post","link":"https:\/\/diariotribuna.com.br\/?p=10307","title":{"rendered":"Covid-19: Brasil registra 874 mortes e 45,3 mil casos em 24 horas"},"content":{"rendered":"\n<p><strong>N\u00famero de recuperados da doen\u00e7a j\u00e1 soma 14,91 milh\u00f5es<\/strong><\/p>\n\n\n\n<figure class=\"wp-block-image size-large is-resized is-style-default\"><img loading=\"lazy\" decoding=\"async\" src=\"https:\/\/diariotribuna.com.br\/wp-content\/uploads\/2021\/05\/21_07_2020_vacina_covid_sp-4.jpg\" alt=\"\" class=\"wp-image-10308\" width=\"519\" height=\"310\" srcset=\"https:\/\/diariotribuna.com.br\/wp-content\/uploads\/2021\/05\/21_07_2020_vacina_covid_sp-4.jpg 700w, https:\/\/diariotribuna.com.br\/wp-content\/uploads\/2021\/05\/21_07_2020_vacina_covid_sp-4-300x179.jpg 300w, https:\/\/diariotribuna.com.br\/wp-content\/uploads\/2021\/05\/21_07_2020_vacina_covid_sp-4-696x416.jpg 696w\" sizes=\"(max-width: 519px) 100vw, 519px\" \/><\/figure>\n\n\n\n<p>O Brasil j\u00e1 contabiliza 461.931 mortes em decorr\u00eancia da pandemia de covid-19. Deste total, 874 ocorreram nas \u00faltimas 24 horas, segundo balan\u00e7o divulgado hoje (30) pelo Minist\u00e9rio da Sa\u00fade. At\u00e9 este domingo (30), dos 16.515.120 casos confirmados de pessoas contaminadas pelo novo coronav\u00edrus, 14.912.744 j\u00e1 foram curadas e 1.140.445 est\u00e3o ainda\u00a0em acompanhamento.\u00a0De ontem para hoje, foram registrados mais 43.520 casos positivos para a covid-19. O balan\u00e7o \u00e9 elaborado diariamente pelo Minist\u00e9rio da Sa\u00fade com base nos dados encaminhados pelas secretarias estaduais de Sa\u00fade.<\/p>\n\n\n\n<h2 class=\"wp-block-heading\">Covid-19 nos estados<\/h2>\n\n\n\n<p>S\u00e3o Paulo continua sendo a unidade federativa com o maior n\u00famero de casos de covid-19. \u00a0Das 3.265.930 pessoas contaminadas, 111.304 vieram a \u00f3bito, o que d\u00e1 ao estado o primeiro lugar no\u00a0<em>ranking<\/em>\u00a0de mortes, seguido do Rio de Janeiro, ande 50.574 pessoas morreram em decorr\u00eancia da pandemia. O estado do Rio registrou, at\u00e9 agora, um total de 863.865 casos de contamina\u00e7\u00e3o.\u00a0Com 1.569.774 casos confirmados de covid-19, Minas Gerais ocupa o terceiro lugar no n\u00famero de \u00f3bitos, com 40.452 mortes.<\/p>\n\n\n\n<p><strong>(Ag\u00eancia Brasil)<\/strong><\/p>\n","protected":false},"excerpt":{"rendered":"<p>N\u00famero de recuperados da doen\u00e7a j\u00e1 soma 14,91 milh\u00f5es O Brasil j\u00e1 contabiliza 461.931 mortes em decorr\u00eancia da pandemia de covid-19. Deste total, 874 ocorreram nas \u00faltimas 24 horas, segundo balan\u00e7o divulgado hoje (30) pelo Minist\u00e9rio da Sa\u00fade. At\u00e9 este domingo (30), dos 16.515.120 casos confirmados de pessoas contaminadas pelo novo coronav\u00edrus, 14.912.744 j\u00e1 foram [&hellip;]<\/p>\n","protected":false},"author":1,"featured_media":10308,"comment_status":"open","ping_status":"open","sticky":false,"template":"","format":"standard","meta":{"rop_custom_images_group":[],"rop_custom_messages_group":[],"rop_publish_now":"initial","rop_publish_now_accounts":[],"rop_publish_now_history":[],"rop_publish_now_status":"pending","footnotes":""},"categories":[192],"tags":[3194,489,393,84],"class_list":["post-10307","post","type-post","status-publish","format-standard","has-post-thumbnail","hentry","category-covid19","tag-30-05-21","tag-boletim-epidemiologico","tag-brasil","tag-covid-19"],"_links":{"self":[{"href":"https:\/\/diariotribuna.com.br\/index.php?rest_route=\/wp\/v2\/posts\/10307"}],"collection":[{"href":"https:\/\/diariotribuna.com.br\/index.php?rest_route=\/wp\/v2\/posts"}],"about":[{"href":"https:\/\/diariotribuna.com.br\/index.php?rest_route=\/wp\/v2\/types\/post"}],"author":[{"embeddable":true,"href":"https:\/\/diariotribuna.com.br\/index.php?rest_route=\/wp\/v2\/users\/1"}],"replies":[{"embeddable":true,"href":"https:\/\/diariotribuna.com.br\/index.php?rest_route=%2Fwp%2Fv2%2Fcomments&post=10307"}],"version-history":[{"count":1,"href":"https:\/\/diariotribuna.com.br\/index.php?rest_route=\/wp\/v2\/posts\/10307\/revisions"}],"predecessor-version":[{"id":10309,"href":"https:\/\/diariotribuna.com.br\/index.php?rest_route=\/wp\/v2\/posts\/10307\/revisions\/10309"}],"wp:featuredmedia":[{"embeddable":true,"href":"https:\/\/diariotribuna.com.br\/index.php?rest_route=\/wp\/v2\/media\/10308"}],"wp:attachment":[{"href":"https:\/\/diariotribuna.com.br\/index.php?rest_route=%2Fwp%2Fv2%2Fmedia&parent=10307"}],"wp:term":[{"taxonomy":"category","embeddable":true,"href":"https:\/\/diariotribuna.com.br\/index.php?rest_route=%2Fwp%2Fv2%2Fcategories&post=10307"},{"taxonomy":"post_tag","embeddable":true,"href":"https:\/\/diariotribuna.com.br\/index.php?rest_route=%2Fwp%2Fv2%2Ftags&post=10307"}],"curies":[{"name":"wp","href":"https:\/\/api.w.org\/{rel}","templated":true}]}}