{"id":10310,"date":"2021-05-31T01:01:06","date_gmt":"2021-05-31T04:01:06","guid":{"rendered":"https:\/\/diariotribuna.com.br\/?p=10310"},"modified":"2021-06-01T17:45:55","modified_gmt":"2021-06-01T20:45:55","slug":"pcmg-indicia-30-suspeitos-de-integrarem-organizacao-criminosa-na-regiao-de-capelinha","status":"publish","type":"post","link":"https:\/\/diariotribuna.com.br\/?p=10310","title":{"rendered":"PCMG indicia 30 suspeitos de integrarem organiza\u00e7\u00e3o criminosa na regi\u00e3o de Capelinha"},"content":{"rendered":"\n<figure class=\"wp-block-image size-large is-resized is-style-default\"><img loading=\"lazy\" decoding=\"async\" src=\"https:\/\/diariotribuna.com.br\/wp-content\/uploads\/2021\/05\/unnamed-file-5.jpg\" alt=\"\" class=\"wp-image-10311\" width=\"539\" height=\"372\" srcset=\"https:\/\/diariotribuna.com.br\/wp-content\/uploads\/2021\/05\/unnamed-file-5.jpg 700w, https:\/\/diariotribuna.com.br\/wp-content\/uploads\/2021\/05\/unnamed-file-5-300x207.jpg 300w, https:\/\/diariotribuna.com.br\/wp-content\/uploads\/2021\/05\/unnamed-file-5-100x70.jpg 100w, https:\/\/diariotribuna.com.br\/wp-content\/uploads\/2021\/05\/unnamed-file-5-218x150.jpg 218w, https:\/\/diariotribuna.com.br\/wp-content\/uploads\/2021\/05\/unnamed-file-5-696x480.jpg 696w, https:\/\/diariotribuna.com.br\/wp-content\/uploads\/2021\/05\/unnamed-file-5-609x420.jpg 609w\" sizes=\"(max-width: 539px) 100vw, 539px\" \/><\/figure>\n\n\n\n<p>Com a conclus\u00e3o das investiga\u00e7\u00f5es, a Pol\u00edcia Civil de Minas Gerais indiciou 30 suspeitos de integrarem uma organiza\u00e7\u00e3o criminosa que atuava na regi\u00e3o de Capelinha, no Vale do Jequitinhonha.<\/p>\n\n\n\n<p>Segundo apurado, os indiciados s\u00e3o suspeitos de cometer diversos crimes, dentre eles tr\u00e1fico de drogas; associa\u00e7\u00e3o para o tr\u00e1fico de drogas; posse, porte e com\u00e9rcio de armas de fogo; crimes ambientais; roubo e tortura. Os crimes cometidos pelos investigados estariam ocorrendo desde 2018, quando a PCMG come\u00e7ou a investigar o grupo.<\/p>\n\n\n\n<p>Durante as investiga\u00e7\u00f5es, ap\u00f3s individualizadas as condutas e identificados os suspeitos, foram cumpridas quase duas dezenas de pris\u00f5es preventivas no fim do m\u00eas de abril, nas cidades de Capelinha, Angel\u00e2ndia, Sarzedo, Nova Serrana, Te\u00f3filo Otoni, Ribeir\u00e3o das Neves e Divin\u00f3polis. Tamb\u00e9m chegaram a ser apreendidas drogas, arma, celulares e outros materiais. (PCMG)<\/p>\n","protected":false},"excerpt":{"rendered":"<p>Com a conclus\u00e3o das investiga\u00e7\u00f5es, a Pol\u00edcia Civil de Minas Gerais indiciou 30 suspeitos de integrarem uma organiza\u00e7\u00e3o criminosa que atuava na regi\u00e3o de Capelinha, no Vale do Jequitinhonha. Segundo apurado, os indiciados s\u00e3o suspeitos de cometer diversos crimes, dentre eles tr\u00e1fico de drogas; associa\u00e7\u00e3o para o tr\u00e1fico de drogas; posse, porte e com\u00e9rcio de [&hellip;]<\/p>\n","protected":false},"author":1,"featured_media":10311,"comment_status":"open","ping_status":"open","sticky":false,"template":"","format":"standard","meta":{"rop_custom_images_group":[],"rop_custom_messages_group":[],"rop_publish_now":"initial","rop_publish_now_accounts":[],"rop_publish_now_history":[],"rop_publish_now_status":"pending","footnotes":""},"categories":[20],"tags":[3195,2478,2662,828],"class_list":["post-10310","post","type-post","status-publish","format-standard","has-post-thumbnail","hentry","category-policia","tag-30-indiciados","tag-capelinha","tag-organizacao-criminosa","tag-pcmg"],"_links":{"self":[{"href":"https:\/\/diariotribuna.com.br\/index.php?rest_route=\/wp\/v2\/posts\/10310"}],"collection":[{"href":"https:\/\/diariotribuna.com.br\/index.php?rest_route=\/wp\/v2\/posts"}],"about":[{"href":"https:\/\/diariotribuna.com.br\/index.php?rest_route=\/wp\/v2\/types\/post"}],"author":[{"embeddable":true,"href":"https:\/\/diariotribuna.com.br\/index.php?rest_route=\/wp\/v2\/users\/1"}],"replies":[{"embeddable":true,"href":"https:\/\/diariotribuna.com.br\/index.php?rest_route=%2Fwp%2Fv2%2Fcomments&post=10310"}],"version-history":[{"count":2,"href":"https:\/\/diariotribuna.com.br\/index.php?rest_route=\/wp\/v2\/posts\/10310\/revisions"}],"predecessor-version":[{"id":10313,"href":"https:\/\/diariotribuna.com.br\/index.php?rest_route=\/wp\/v2\/posts\/10310\/revisions\/10313"}],"wp:featuredmedia":[{"embeddable":true,"href":"https:\/\/diariotribuna.com.br\/index.php?rest_route=\/wp\/v2\/media\/10311"}],"wp:attachment":[{"href":"https:\/\/diariotribuna.com.br\/index.php?rest_route=%2Fwp%2Fv2%2Fmedia&parent=10310"}],"wp:term":[{"taxonomy":"category","embeddable":true,"href":"https:\/\/diariotribuna.com.br\/index.php?rest_route=%2Fwp%2Fv2%2Fcategories&post=10310"},{"taxonomy":"post_tag","embeddable":true,"href":"https:\/\/diariotribuna.com.br\/index.php?rest_route=%2Fwp%2Fv2%2Ftags&post=10310"}],"curies":[{"name":"wp","href":"https:\/\/api.w.org\/{rel}","templated":true}]}}