{"id":10314,"date":"2021-05-31T01:28:23","date_gmt":"2021-05-31T04:28:23","guid":{"rendered":"https:\/\/diariotribuna.com.br\/?p=10314"},"modified":"2021-05-31T01:28:24","modified_gmt":"2021-05-31T04:28:24","slug":"covid-19-boletim-epidemiologico-de-teofilo-otoni-30-05-21","status":"publish","type":"post","link":"https:\/\/diariotribuna.com.br\/?p=10314","title":{"rendered":"COVID-19: Boletim epidemiol\u00f3gico de Te\u00f3filo Otoni (30\/05\/21)"},"content":{"rendered":"\n<figure class=\"wp-block-image size-large is-resized is-style-default\"><img loading=\"lazy\" decoding=\"async\" src=\"https:\/\/diariotribuna.com.br\/wp-content\/uploads\/2021\/05\/Teofilo-Otoni-1.jpg\" alt=\"\" class=\"wp-image-10315\" width=\"538\" height=\"303\" srcset=\"https:\/\/diariotribuna.com.br\/wp-content\/uploads\/2021\/05\/Teofilo-Otoni-1.jpg 640w, https:\/\/diariotribuna.com.br\/wp-content\/uploads\/2021\/05\/Teofilo-Otoni-1-300x169.jpg 300w\" sizes=\"(max-width: 538px) 100vw, 538px\" \/><\/figure>\n\n\n\n<p>A Secretaria Municipal de Sa\u00fade divulgou boletim epidemiol\u00f3gico na noite deste domingo (30\/05\/21) confirmando 11.633 casos positivos de Covid-19 em Te\u00f3filo Otoni, 22 a mais nas \u00faltimas 24 horas, e contabiliza <strong>311 \u00f3bitos <\/strong>por complica\u00e7\u00f5es causadas pelo coronav\u00edrus, tendo 03 \u00f3bitos em investiga\u00e7\u00e3o. O boletim informa ainda, que tem 430 casos ativos, 11.367 recuperados, e 24.862 casos suspeitos foram descartados.<\/p>\n\n\n\n<p><strong>O \u00faltimo \u00f3bito ocorreu no s\u00e1bado (29\/05\/21).<\/strong> Trata-se de uma idosa de 92 anos, que estava internada no Hospital Philadelfia. A Secretaria informa que a paciente recebeu toda assist\u00eancia e tratamentos necess\u00e1rios, e teve o resultado confirmado por RT-PCR.<\/p>\n\n\n\n<p><strong>Interna\u00e7\u00f5es at\u00e9 (30\/05):<\/strong> Pelo SUS, Conv\u00eanio e Particular tem 40 leitos de UTI Covid e 40 est\u00e3o ocupados, sendo 24 pacientes de Te\u00f3filo Otoni e 16 de outros munic\u00edpios (100,00% de ocupa\u00e7\u00e3o). Tem 106 leitos de Enfermaria Covid e 44 est\u00e3o ocupados, sendo 32 pacientes de Te\u00f3filo Otoni e 12 de outros munic\u00edpios (41,50% de ocupa\u00e7\u00e3o).<\/p>\n\n\n\n<p><strong>Vacin\u00f4metro:<\/strong> dados atualizados na quinta-feira (27\/05) mostram que j\u00e1 foram aplicadas 32.049 doses de vacina contra a Covid-19 (1\u00aa dose), e 17.534 doses (na 2\u00aa). (Boletim atualizado em 29\/05\/21).<\/p>\n","protected":false},"excerpt":{"rendered":"<p>A Secretaria Municipal de Sa\u00fade divulgou boletim epidemiol\u00f3gico na noite deste domingo (30\/05\/21) confirmando 11.633 casos positivos de Covid-19 em Te\u00f3filo Otoni, 22 a mais nas \u00faltimas 24 horas, e contabiliza 311 \u00f3bitos por complica\u00e7\u00f5es causadas pelo coronav\u00edrus, tendo 03 \u00f3bitos em investiga\u00e7\u00e3o. O boletim informa ainda, que tem 430 casos ativos, 11.367 recuperados, e [&hellip;]<\/p>\n","protected":false},"author":1,"featured_media":10315,"comment_status":"open","ping_status":"open","sticky":false,"template":"","format":"standard","meta":{"rop_custom_images_group":[],"rop_custom_messages_group":[],"rop_publish_now":"initial","rop_publish_now_accounts":[],"rop_publish_now_history":[],"rop_publish_now_status":"pending","footnotes":""},"categories":[192],"tags":[3194,489,84,75],"class_list":["post-10314","post","type-post","status-publish","format-standard","has-post-thumbnail","hentry","category-covid19","tag-30-05-21","tag-boletim-epidemiologico","tag-covid-19","tag-teofilo-otoni"],"_links":{"self":[{"href":"https:\/\/diariotribuna.com.br\/index.php?rest_route=\/wp\/v2\/posts\/10314"}],"collection":[{"href":"https:\/\/diariotribuna.com.br\/index.php?rest_route=\/wp\/v2\/posts"}],"about":[{"href":"https:\/\/diariotribuna.com.br\/index.php?rest_route=\/wp\/v2\/types\/post"}],"author":[{"embeddable":true,"href":"https:\/\/diariotribuna.com.br\/index.php?rest_route=\/wp\/v2\/users\/1"}],"replies":[{"embeddable":true,"href":"https:\/\/diariotribuna.com.br\/index.php?rest_route=%2Fwp%2Fv2%2Fcomments&post=10314"}],"version-history":[{"count":1,"href":"https:\/\/diariotribuna.com.br\/index.php?rest_route=\/wp\/v2\/posts\/10314\/revisions"}],"predecessor-version":[{"id":10316,"href":"https:\/\/diariotribuna.com.br\/index.php?rest_route=\/wp\/v2\/posts\/10314\/revisions\/10316"}],"wp:featuredmedia":[{"embeddable":true,"href":"https:\/\/diariotribuna.com.br\/index.php?rest_route=\/wp\/v2\/media\/10315"}],"wp:attachment":[{"href":"https:\/\/diariotribuna.com.br\/index.php?rest_route=%2Fwp%2Fv2%2Fmedia&parent=10314"}],"wp:term":[{"taxonomy":"category","embeddable":true,"href":"https:\/\/diariotribuna.com.br\/index.php?rest_route=%2Fwp%2Fv2%2Fcategories&post=10314"},{"taxonomy":"post_tag","embeddable":true,"href":"https:\/\/diariotribuna.com.br\/index.php?rest_route=%2Fwp%2Fv2%2Ftags&post=10314"}],"curies":[{"name":"wp","href":"https:\/\/api.w.org\/{rel}","templated":true}]}}