{"id":10325,"date":"2021-06-01T00:51:35","date_gmt":"2021-06-01T03:51:35","guid":{"rendered":"https:\/\/diariotribuna.com.br\/?p=10325"},"modified":"2021-06-04T19:59:55","modified_gmt":"2021-06-04T22:59:55","slug":"inaugurado-o-plantao-digital-no-15o-departamento-da-policia-civil-de-teofilo-otoni","status":"publish","type":"post","link":"https:\/\/diariotribuna.com.br\/?p=10325","title":{"rendered":"Inaugurado o Plant\u00e3o Digital no 15\u00ba Departamento da Pol\u00edcia Civil de Te\u00f3filo Otoni"},"content":{"rendered":"\n<h4 class=\"wp-block-heading\"><strong><em>O projeto consiste na lavratura e formaliza\u00e7\u00e3o de procedimentos do plant\u00e3o por meio de videoconfer\u00eancias<\/em><\/strong><\/h4>\n\n\n\n<figure class=\"wp-block-image size-large is-resized is-style-default\"><img loading=\"lazy\" decoding=\"async\" src=\"https:\/\/diariotribuna.com.br\/wp-content\/uploads\/2021\/06\/5.jpg\" alt=\"\" class=\"wp-image-10326\" width=\"533\" height=\"400\" srcset=\"https:\/\/diariotribuna.com.br\/wp-content\/uploads\/2021\/06\/5.jpg 700w, https:\/\/diariotribuna.com.br\/wp-content\/uploads\/2021\/06\/5-300x225.jpg 300w, https:\/\/diariotribuna.com.br\/wp-content\/uploads\/2021\/06\/5-80x60.jpg 80w, https:\/\/diariotribuna.com.br\/wp-content\/uploads\/2021\/06\/5-265x198.jpg 265w, https:\/\/diariotribuna.com.br\/wp-content\/uploads\/2021\/06\/5-696x522.jpg 696w, https:\/\/diariotribuna.com.br\/wp-content\/uploads\/2021\/06\/5-560x420.jpg 560w\" sizes=\"(max-width: 533px) 100vw, 533px\" \/><\/figure>\n\n\n\n<p>O Plant\u00e3o Digital foi inaugurado no 15\u00ba Departamento de Pol\u00edcia Civil de Te\u00f3filo Otoni, na ter\u00e7a-feira (25\/05\/21), pelo chefe da PCMG, dr. Joaquim Francisco Neto, com presen\u00e7a do secret\u00e1rio de Justi\u00e7a e Seguran\u00e7a P\u00fablica de Minas Gerais, dr. Rog\u00e9rio Greco, o secret\u00e1rio adjunto, dr. Jeferson Botelho, e outras autoridades pol\u00edticas e da seguran\u00e7a p\u00fablica da regi\u00e3o e do estado.<\/p>\n\n\n\n<p>O delegado Thiago Rocha, gerente do \u201cPlant\u00e3o Digital\u201d, participou da solenidade e destacou a quest\u00e3o de estrutura, como equipamentos, internet e o ambiente em si, que s\u00e3o as necessidades para a realiza\u00e7\u00e3o dos trabalhos, que est\u00e3o sendo pontos de investimentos da Pol\u00edcia Civil, seja por emendas parlamentares, por fundos de seguran\u00e7a, ou atrav\u00e9s de parcerias com o Minist\u00e9rio P\u00fablico ou Poder Judici\u00e1rio, na capta\u00e7\u00e3o de recursos, visando melhorar a estrutura de funcionamento.<\/p>\n\n\n\n<p>O chefe da Pol\u00edcia Civil de Minas Gerais, dr. Joaquim Francisco Neto tamb\u00e9m esteve em Te\u00f3filo Otoni, e ressaltou que a melhoria e agilidade dos trabalhos com a implanta\u00e7\u00e3o do Plant\u00e3o Digital, por exemplo, vai fazer com que v\u00edtimas, testemunhas, advogados, policiais militares, deixem de deslocar de suas cidades para o plant\u00e3o regionalizado. \u201cA gente espera fazer com que o Plant\u00e3o Digital otimize o servi\u00e7o de pol\u00edcia judici\u00e1ria, e evite o sofrimento de v\u00edtimas, testemunhas e de advogados\u201d, disse.<\/p>\n\n\n\n<p>O projeto consiste na lavratura e formaliza\u00e7\u00e3o de procedimentos do plant\u00e3o por meio de videoconfer\u00eancias. Tem a finalidade de potencializar o atendimento em todo o Estado. Dentre os benef\u00edcios tem a redu\u00e7\u00e3o dos gastos com di\u00e1rias da PCMG no plant\u00e3o regionalizado, redu\u00e7\u00e3o do tempo de empenho da Pol\u00edcia Militar em ocorr\u00eancias com conduzidos, al\u00e9m de aumento da produtividade e fomento \u00e0 investiga\u00e7\u00e3o policial.<\/p>\n\n\n\n<p>O secret\u00e1rio adjunto de Justi\u00e7a e Seguran\u00e7a P\u00fablica, dr. Jeferson Botelho, disse que a Pol\u00edcia Civil segue a evolu\u00e7\u00e3o dos tempos. \u201cTivemos contribui\u00e7\u00e3o preponderante, em nossa gest\u00e3o como Superintendente de Investiga\u00e7\u00e3o e Pol\u00edcia Judici\u00e1ria, lan\u00e7amos a pedra fundamental da Delegacia Virtual nos casos de menor potencial ofensivo, tudo como base no artigo 24 da Constitui\u00e7\u00e3o Federal de 1988 que determina a compet\u00eancia concorrente dos estados para esse tipo de procedimento, nos artigos 185 e 405 do C\u00f3digo de Processo penal e modelo que j\u00e1 vinha sendo adotado na justi\u00e7a do Trabalho, e por fim no direito comparado, EUA e Inglaterra\u201d, pontuou.<\/p>\n\n\n\n<p>Disse que criou a Resolu\u00e7\u00e3o Conjunta 184 de 03 de abril de 2014, e colocou para funcionar, e o Brasil conheceu o modelo a partir dessa experi\u00eancia. \u201cE assim, estava tra\u00e7ado o inovador e moderno Procedimento Virtual de Pol\u00edcia Judici\u00e1ria e Justi\u00e7a Criminal, formatado a partir da utiliza\u00e7\u00e3o dos recursos tecnol\u00f3gicos postos \u00e0 disposi\u00e7\u00e3o da sociedade moderna, e com base nas normas brasileiras que regulam o Processo Tecnol\u00f3gico, e abordagem no direito comparado, modelo criado de forma in\u00e9dita no Brasil pela Pol\u00edcia Civil de Minas Gerais para solu\u00e7\u00e3o de quest\u00f5es vinculadas ao exerc\u00edcio de Pol\u00edcia Judici\u00e1ria e Justi\u00e7a Criminal nos plant\u00f5es regionalizados, preservando rigorosamente todas as prerrogativas dos \u00d3rg\u00e3os envolvidos\u201d.<\/p>\n\n\n\n<p>Por fim, o dr. Jeferson Botelho informou, que \u201cfoi introduzido o estudo da a\u00e7\u00e3o conjunta do Sistema de Defesa Social e Justi\u00e7a Criminal em Minas Gerais, modelo que despertou interesses de outras Unidades da Federa\u00e7\u00e3o, e desta feita preencheu uma lacuna existente na doutrina p\u00e1tria, inclusive com escassas men\u00e7\u00f5es no direito comparado, devendo servir de b\u00fassola para a institui\u00e7\u00e3o de um verdadeiro Processo Virtual no Brasil\u201d.<\/p>\n\n\n\n<figure class=\"wp-block-gallery columns-2 is-cropped wp-block-gallery-1 is-layout-flex wp-block-gallery-is-layout-flex\"><ul class=\"blocks-gallery-grid\"><li class=\"blocks-gallery-item\"><figure><img loading=\"lazy\" decoding=\"async\" width=\"600\" height=\"440\" src=\"https:\/\/diariotribuna.com.br\/wp-content\/uploads\/2021\/06\/6.jpg\" alt=\"\" data-id=\"10330\" data-full-url=\"https:\/\/diariotribuna.com.br\/wp-content\/uploads\/2021\/06\/6.jpg\" data-link=\"https:\/\/diariotribuna.com.br\/?attachment_id=10330\" class=\"wp-image-10330\" srcset=\"https:\/\/diariotribuna.com.br\/wp-content\/uploads\/2021\/06\/6.jpg 600w, https:\/\/diariotribuna.com.br\/wp-content\/uploads\/2021\/06\/6-300x220.jpg 300w, https:\/\/diariotribuna.com.br\/wp-content\/uploads\/2021\/06\/6-80x60.jpg 80w, https:\/\/diariotribuna.com.br\/wp-content\/uploads\/2021\/06\/6-573x420.jpg 573w\" sizes=\"(max-width: 600px) 100vw, 600px\" \/><\/figure><\/li><li class=\"blocks-gallery-item\"><figure><img loading=\"lazy\" decoding=\"async\" width=\"700\" height=\"433\" src=\"https:\/\/diariotribuna.com.br\/wp-content\/uploads\/2021\/06\/2.jpg\" alt=\"\" data-id=\"10328\" data-link=\"https:\/\/diariotribuna.com.br\/?attachment_id=10328\" class=\"wp-image-10328\" srcset=\"https:\/\/diariotribuna.com.br\/wp-content\/uploads\/2021\/06\/2.jpg 700w, https:\/\/diariotribuna.com.br\/wp-content\/uploads\/2021\/06\/2-300x186.jpg 300w, https:\/\/diariotribuna.com.br\/wp-content\/uploads\/2021\/06\/2-356x220.jpg 356w, https:\/\/diariotribuna.com.br\/wp-content\/uploads\/2021\/06\/2-696x431.jpg 696w, https:\/\/diariotribuna.com.br\/wp-content\/uploads\/2021\/06\/2-679x420.jpg 679w\" sizes=\"(max-width: 700px) 100vw, 700px\" \/><\/figure><\/li><li class=\"blocks-gallery-item\"><figure><img loading=\"lazy\" decoding=\"async\" width=\"700\" height=\"469\" src=\"https:\/\/diariotribuna.com.br\/wp-content\/uploads\/2021\/06\/3.jpg\" alt=\"\" data-id=\"10329\" data-link=\"https:\/\/diariotribuna.com.br\/?attachment_id=10329\" class=\"wp-image-10329\" srcset=\"https:\/\/diariotribuna.com.br\/wp-content\/uploads\/2021\/06\/3.jpg 700w, https:\/\/diariotribuna.com.br\/wp-content\/uploads\/2021\/06\/3-300x201.jpg 300w, https:\/\/diariotribuna.com.br\/wp-content\/uploads\/2021\/06\/3-696x466.jpg 696w, https:\/\/diariotribuna.com.br\/wp-content\/uploads\/2021\/06\/3-627x420.jpg 627w\" sizes=\"(max-width: 700px) 100vw, 700px\" \/><\/figure><\/li><li class=\"blocks-gallery-item\"><figure><img loading=\"lazy\" decoding=\"async\" width=\"700\" height=\"522\" src=\"https:\/\/diariotribuna.com.br\/wp-content\/uploads\/2021\/06\/4.jpg\" alt=\"\" data-id=\"10327\" data-link=\"https:\/\/diariotribuna.com.br\/?attachment_id=10327\" class=\"wp-image-10327\" srcset=\"https:\/\/diariotribuna.com.br\/wp-content\/uploads\/2021\/06\/4.jpg 700w, https:\/\/diariotribuna.com.br\/wp-content\/uploads\/2021\/06\/4-300x224.jpg 300w, https:\/\/diariotribuna.com.br\/wp-content\/uploads\/2021\/06\/4-80x60.jpg 80w, https:\/\/diariotribuna.com.br\/wp-content\/uploads\/2021\/06\/4-265x198.jpg 265w, https:\/\/diariotribuna.com.br\/wp-content\/uploads\/2021\/06\/4-696x519.jpg 696w, https:\/\/diariotribuna.com.br\/wp-content\/uploads\/2021\/06\/4-563x420.jpg 563w\" sizes=\"(max-width: 700px) 100vw, 700px\" \/><\/figure><\/li><\/ul><\/figure>\n","protected":false},"excerpt":{"rendered":"<p>O projeto consiste na lavratura e formaliza\u00e7\u00e3o de procedimentos do plant\u00e3o por meio de videoconfer\u00eancias O Plant\u00e3o Digital foi inaugurado no 15\u00ba Departamento de Pol\u00edcia Civil de Te\u00f3filo Otoni, na ter\u00e7a-feira (25\/05\/21), pelo chefe da PCMG, dr. Joaquim Francisco Neto, com presen\u00e7a do secret\u00e1rio de Justi\u00e7a e Seguran\u00e7a P\u00fablica de Minas Gerais, dr. Rog\u00e9rio Greco, [&hellip;]<\/p>\n","protected":false},"author":1,"featured_media":10326,"comment_status":"open","ping_status":"open","sticky":false,"template":"","format":"standard","meta":{"rop_custom_images_group":[],"rop_custom_messages_group":[],"rop_publish_now":"initial","rop_publish_now_accounts":[],"rop_publish_now_history":[],"rop_publish_now_status":"pending","footnotes":""},"categories":[17],"tags":[1150,245,3198,292,75],"class_list":["post-10325","post","type-post","status-publish","format-standard","has-post-thumbnail","hentry","category-teofilootoni","tag-15o-deppc","tag-inauguracao","tag-plantao-digital","tag-policia-civil","tag-teofilo-otoni"],"_links":{"self":[{"href":"https:\/\/diariotribuna.com.br\/index.php?rest_route=\/wp\/v2\/posts\/10325"}],"collection":[{"href":"https:\/\/diariotribuna.com.br\/index.php?rest_route=\/wp\/v2\/posts"}],"about":[{"href":"https:\/\/diariotribuna.com.br\/index.php?rest_route=\/wp\/v2\/types\/post"}],"author":[{"embeddable":true,"href":"https:\/\/diariotribuna.com.br\/index.php?rest_route=\/wp\/v2\/users\/1"}],"replies":[{"embeddable":true,"href":"https:\/\/diariotribuna.com.br\/index.php?rest_route=%2Fwp%2Fv2%2Fcomments&post=10325"}],"version-history":[{"count":1,"href":"https:\/\/diariotribuna.com.br\/index.php?rest_route=\/wp\/v2\/posts\/10325\/revisions"}],"predecessor-version":[{"id":10331,"href":"https:\/\/diariotribuna.com.br\/index.php?rest_route=\/wp\/v2\/posts\/10325\/revisions\/10331"}],"wp:featuredmedia":[{"embeddable":true,"href":"https:\/\/diariotribuna.com.br\/index.php?rest_route=\/wp\/v2\/media\/10326"}],"wp:attachment":[{"href":"https:\/\/diariotribuna.com.br\/index.php?rest_route=%2Fwp%2Fv2%2Fmedia&parent=10325"}],"wp:term":[{"taxonomy":"category","embeddable":true,"href":"https:\/\/diariotribuna.com.br\/index.php?rest_route=%2Fwp%2Fv2%2Fcategories&post=10325"},{"taxonomy":"post_tag","embeddable":true,"href":"https:\/\/diariotribuna.com.br\/index.php?rest_route=%2Fwp%2Fv2%2Ftags&post=10325"}],"curies":[{"name":"wp","href":"https:\/\/api.w.org\/{rel}","templated":true}]}}