{"id":10694,"date":"2021-06-23T16:03:07","date_gmt":"2021-06-23T19:03:07","guid":{"rendered":"https:\/\/diariotribuna.com.br\/?p=10694"},"modified":"2021-06-23T16:03:08","modified_gmt":"2021-06-23T19:03:08","slug":"ficco-deflagra-operacao-catira-em-sistema-penitenciario","status":"publish","type":"post","link":"https:\/\/diariotribuna.com.br\/?p=10694","title":{"rendered":"Ficco deflagra opera\u00e7\u00e3o Catira em sistema penitenci\u00e1rio"},"content":{"rendered":"\n<figure class=\"wp-block-image size-large is-resized is-style-default\"><img loading=\"lazy\" decoding=\"async\" src=\"https:\/\/diariotribuna.com.br\/wp-content\/uploads\/2021\/06\/pcmg_ficco_site.jpg\" alt=\"\" class=\"wp-image-10695\" width=\"612\" height=\"466\" srcset=\"https:\/\/diariotribuna.com.br\/wp-content\/uploads\/2021\/06\/pcmg_ficco_site.jpg 700w, https:\/\/diariotribuna.com.br\/wp-content\/uploads\/2021\/06\/pcmg_ficco_site-300x228.jpg 300w, https:\/\/diariotribuna.com.br\/wp-content\/uploads\/2021\/06\/pcmg_ficco_site-80x60.jpg 80w, https:\/\/diariotribuna.com.br\/wp-content\/uploads\/2021\/06\/pcmg_ficco_site-696x530.jpg 696w, https:\/\/diariotribuna.com.br\/wp-content\/uploads\/2021\/06\/pcmg_ficco_site-552x420.jpg 552w\" sizes=\"(max-width: 612px) 100vw, 612px\" \/><\/figure>\n\n\n\n<p>A For\u00e7a Integrada de Combate ao Crime Organizado (Ficco), coordenada pela Pol\u00edcia Federal e composta pelas pol\u00edcias Civil, Militar e Penal, deflagrou nesta ter\u00e7a-feira (22\/6), a opera\u00e7\u00e3o Catira em combate \u00e0 corrup\u00e7\u00e3o em unidade do sistema penitenci\u00e1rio, na Regi\u00e3o Metropolitana da capital. A investiga\u00e7\u00e3o apura supostos crimes de peculato e corrup\u00e7\u00e3o passiva e ativa por servidores p\u00fablicos, detentos e familiares.<\/p>\n\n\n\n<p>De acordo com o apurado, os elementos apontam a utiliza\u00e7\u00e3o inadequada da estrutura da oficina mec\u00e2nica de pres\u00eddio, bem como a m\u00e3o de obra de detentos que recebiam benef\u00edcios indevidos, concedidos por parte dos servidores p\u00fablicos investigados, para realizar manuten\u00e7\u00e3o em ve\u00edculos particulares.<\/p>\n\n\n\n<p>A a\u00e7\u00e3o investiga ainda a conduta de um dos presos favorecidos com o acesso \u00e0 internet e a diversos itens\/dispositivos eletr\u00f4nicos n\u00e3o permitidos em ambiente prisional, al\u00e9m de outras vantagens indevidas, ap\u00f3s ter sido designado para trabalhar no setor de tecnologia, mec\u00e2nica e eletr\u00f4nica da unidade prisional. O detento \u00e9 alvo de uma opera\u00e7\u00e3o da Pol\u00edcia Federal, condenado a mais de 36 anos pelos crimes de estupro de vulner\u00e1vel e pornografia infantil.<\/p>\n\n\n\n<p>Na opera\u00e7\u00e3o, foram cumpridos 12 mandados de busca e apreens\u00e3o, em desfavor de sete servidores do sistema penitenci\u00e1rio, familiares e pessoas ligadas aos detentos, e uma medida cautelar de afastamento de fun\u00e7\u00e3o p\u00fablica. Os autos tramitam em segredo de justi\u00e7a.<\/p>\n\n\n\n<pre class=\"wp-block-verse\"><strong>O termo \u201ccatira\u201d \u00e9 uma express\u00e3o regional que significa troca. No contexto da investiga\u00e7\u00e3o, refere-se \u00e0 troca de m\u00e3o de obra de presos e de outras vantagens il\u00edcitas, visando \u00e0 obten\u00e7\u00e3o de benef\u00edcios indevidos.<\/strong><\/pre>\n\n\n\n<p>O superintendente de Investiga\u00e7\u00e3o e Pol\u00edcia Judici\u00e1ria, delegado-geral M\u00e1rcio Sim\u00f5es Nabak, enaltece a import\u00e2ncia da opera\u00e7\u00e3o conjunta: \u201cA Ficco \u00e9 um trabalho integrado, que visa o combate \u00e0 criminalidade organizada em nosso estado. Essa \u00e9 mais uma das a\u00e7\u00f5es que ocorreram e que j\u00e1 v\u00eam acontecendo durante muito tempo, e, mais uma vez, com \u00eaxito no combate \u00e0 corrup\u00e7\u00e3o de desvio de conduta\u201d. (PCMG)<\/p>\n","protected":false},"excerpt":{"rendered":"<p>A For\u00e7a Integrada de Combate ao Crime Organizado (Ficco), coordenada pela Pol\u00edcia Federal e composta pelas pol\u00edcias Civil, Militar e Penal, deflagrou nesta ter\u00e7a-feira (22\/6), a opera\u00e7\u00e3o Catira em combate \u00e0 corrup\u00e7\u00e3o em unidade do sistema penitenci\u00e1rio, na Regi\u00e3o Metropolitana da capital. A investiga\u00e7\u00e3o apura supostos crimes de peculato e corrup\u00e7\u00e3o passiva e ativa por [&hellip;]<\/p>\n","protected":false},"author":1,"featured_media":10695,"comment_status":"open","ping_status":"open","sticky":false,"template":"","format":"standard","meta":{"rop_custom_images_group":[],"rop_custom_messages_group":[],"rop_publish_now":"initial","rop_publish_now_accounts":[],"rop_publish_now_history":[],"rop_publish_now_status":"pending","footnotes":""},"categories":[19],"tags":[3309,3308,80,3310],"class_list":["post-10694","post","type-post","status-publish","format-standard","has-post-thumbnail","hentry","category-gerais","tag-catira","tag-ficco","tag-operacao","tag-sistema-penitenciario"],"_links":{"self":[{"href":"https:\/\/diariotribuna.com.br\/index.php?rest_route=\/wp\/v2\/posts\/10694"}],"collection":[{"href":"https:\/\/diariotribuna.com.br\/index.php?rest_route=\/wp\/v2\/posts"}],"about":[{"href":"https:\/\/diariotribuna.com.br\/index.php?rest_route=\/wp\/v2\/types\/post"}],"author":[{"embeddable":true,"href":"https:\/\/diariotribuna.com.br\/index.php?rest_route=\/wp\/v2\/users\/1"}],"replies":[{"embeddable":true,"href":"https:\/\/diariotribuna.com.br\/index.php?rest_route=%2Fwp%2Fv2%2Fcomments&post=10694"}],"version-history":[{"count":1,"href":"https:\/\/diariotribuna.com.br\/index.php?rest_route=\/wp\/v2\/posts\/10694\/revisions"}],"predecessor-version":[{"id":10696,"href":"https:\/\/diariotribuna.com.br\/index.php?rest_route=\/wp\/v2\/posts\/10694\/revisions\/10696"}],"wp:featuredmedia":[{"embeddable":true,"href":"https:\/\/diariotribuna.com.br\/index.php?rest_route=\/wp\/v2\/media\/10695"}],"wp:attachment":[{"href":"https:\/\/diariotribuna.com.br\/index.php?rest_route=%2Fwp%2Fv2%2Fmedia&parent=10694"}],"wp:term":[{"taxonomy":"category","embeddable":true,"href":"https:\/\/diariotribuna.com.br\/index.php?rest_route=%2Fwp%2Fv2%2Fcategories&post=10694"},{"taxonomy":"post_tag","embeddable":true,"href":"https:\/\/diariotribuna.com.br\/index.php?rest_route=%2Fwp%2Fv2%2Ftags&post=10694"}],"curies":[{"name":"wp","href":"https:\/\/api.w.org\/{rel}","templated":true}]}}