{"id":10700,"date":"2021-06-25T01:05:58","date_gmt":"2021-06-25T04:05:58","guid":{"rendered":"https:\/\/diariotribuna.com.br\/?p=10700"},"modified":"2021-06-25T17:32:32","modified_gmt":"2021-06-25T20:32:32","slug":"policia-militar-desarticula-quadrilha-de-roubo-a-caminhoneiros-na-br-116","status":"publish","type":"post","link":"https:\/\/diariotribuna.com.br\/?p=10700","title":{"rendered":"Pol\u00edcia Militar desarticula quadrilha de roubo a caminhoneiros na BR 116"},"content":{"rendered":"\n<figure class=\"wp-block-gallery columns-2 is-cropped wp-block-gallery-1 is-layout-flex wp-block-gallery-is-layout-flex\"><ul class=\"blocks-gallery-grid\"><li class=\"blocks-gallery-item\"><figure><img loading=\"lazy\" decoding=\"async\" width=\"700\" height=\"464\" src=\"https:\/\/diariotribuna.com.br\/wp-content\/uploads\/2021\/06\/f2525435-b692-4f3c-beb2-7851b5f69f79.jpg\" alt=\"\" data-id=\"10701\" data-full-url=\"https:\/\/diariotribuna.com.br\/wp-content\/uploads\/2021\/06\/f2525435-b692-4f3c-beb2-7851b5f69f79.jpg\" data-link=\"https:\/\/diariotribuna.com.br\/?attachment_id=10701\" class=\"wp-image-10701\" srcset=\"https:\/\/diariotribuna.com.br\/wp-content\/uploads\/2021\/06\/f2525435-b692-4f3c-beb2-7851b5f69f79.jpg 700w, https:\/\/diariotribuna.com.br\/wp-content\/uploads\/2021\/06\/f2525435-b692-4f3c-beb2-7851b5f69f79-300x199.jpg 300w, https:\/\/diariotribuna.com.br\/wp-content\/uploads\/2021\/06\/f2525435-b692-4f3c-beb2-7851b5f69f79-696x461.jpg 696w, https:\/\/diariotribuna.com.br\/wp-content\/uploads\/2021\/06\/f2525435-b692-4f3c-beb2-7851b5f69f79-634x420.jpg 634w\" sizes=\"(max-width: 700px) 100vw, 700px\" \/><\/figure><\/li><li class=\"blocks-gallery-item\"><figure><img loading=\"lazy\" decoding=\"async\" width=\"600\" height=\"353\" src=\"https:\/\/diariotribuna.com.br\/wp-content\/uploads\/2021\/06\/bcb65d7c-2c05-43a8-b146-f56dc886a7ce.jpg\" alt=\"\" data-id=\"10702\" data-full-url=\"https:\/\/diariotribuna.com.br\/wp-content\/uploads\/2021\/06\/bcb65d7c-2c05-43a8-b146-f56dc886a7ce.jpg\" data-link=\"https:\/\/diariotribuna.com.br\/?attachment_id=10702\" class=\"wp-image-10702\" srcset=\"https:\/\/diariotribuna.com.br\/wp-content\/uploads\/2021\/06\/bcb65d7c-2c05-43a8-b146-f56dc886a7ce.jpg 600w, https:\/\/diariotribuna.com.br\/wp-content\/uploads\/2021\/06\/bcb65d7c-2c05-43a8-b146-f56dc886a7ce-300x177.jpg 300w\" sizes=\"(max-width: 600px) 100vw, 600px\" \/><\/figure><\/li><\/ul><\/figure>\n\n\n\n<p><strong>Medina &#8211;<\/strong> A Policia Militar em Medina prendeu cinco integrantes de uma quadrilha especializada em roubo de carga na BR-116, na madrugada desta quarta-feira (23\/06\/21), apreendeu 01 arma de fogo e 07 carros. O caminhoneiro estava com a fam\u00edlia ref\u00e9m, os policiais militares chegaram cerca de 5 minutos depois do caminh\u00e3o parado, na fazenda Sapucaia, zona rural do munic\u00edpio.<\/p>\n\n\n\n<p>A Pol\u00edcia Militar fazia patrulhamentos na fazenda Sapucaia, local que vem sendo utilizada de madrugada para levar caminh\u00f5es e v\u00edtimas condutores para que sejam subtra\u00eddas cargas ap\u00f3s os roubos, quando visualizou em uma estrada vicinal, um caminh\u00e3o parado, ligado e com far\u00f3is acesos. Levantada a suspeita, os militares se aproximaram e notaram que haviam diversas pessoas retirando a carga do caminh\u00e3o e colocando em autom\u00f3veis que estavam pr\u00f3ximos ao local.<\/p>\n\n\n\n<p>Os policiais se identificaram e deram ordem para que todos que ali estavam permanecessem na posi\u00e7\u00e3o de busca, mas foram desobedecidas, e v\u00e1rias pessoas, algumas usando toucas tipo ninjas pretas e outras com rosto descoberto, correram e entraram em um matagal, e um ve\u00edculo Gol cor vinho fugiu do local. Tr\u00eas autores de 24, 33 e 22 anos, foram presos no local, sendo o de 22, constantemente citado como autor dessas a\u00e7\u00f5es delituosas na BR-116, al\u00e9m de ser conhecido no meio policial pelo cometimento de diversos crimes.<\/p>\n\n\n\n<p>Na cabine do caminh\u00e3o estavam o condutor de 27 anos, sua esposa de 21, e seu filho 3 anos, que tinham a liberdade cerceada enquanto a carga era transbordada para os ve\u00edculos dos assaltantes. O condutor disse que transitava pela BR-116, sentido Bahia, quando estava numa subida conhecida como Ala\u00edde, foi interceptado por um Gol cor prata, tendo os assaltantes atirado, e um proj\u00e9til transfixou o para-brisa e estilha\u00e7os atingiram o seu bra\u00e7o, o t\u00f3rax e o rosto. Logo ap\u00f3s, um ve\u00edculo escuro parou em frente ao caminh\u00e3o, obrigando-o a parar.<\/p>\n\n\n\n<p>Disse ainda, que tr\u00eas indiv\u00edduos desceram dos autom\u00f3veis e entraram na cabine do caminh\u00e3o de posse de rev\u00f3lveres, subtra\u00edram seu aparelho celular e o de sua esposa, o obrigou a seguir pela BR-116, sentido Medina, e no deslocamento viu o gol cor vinho parado na margem e piscar o farol para os assaltantes. A todo momento, os criminosos tentavam contato com os comparsas atrav\u00e9s de um r\u00e1dio comunicador.<\/p>\n\n\n\n<p>O condutor disse que foi obrigado a entrar na estrada vicinal e a permanecer dentro da cabine com sua fam\u00edlia, enquanto a carga era subtra\u00edda. Mas poucos minutos depois os militares chegaram ao local. Os autores foram presos em flagrante delito e conduzidos a delegacia de Pol\u00edcia Civil para as medidas cab\u00edveis. (Ocorr\u00eancia registrada pela PMMG\/ Medina).<\/p>\n","protected":false},"excerpt":{"rendered":"<p>Medina &#8211; A Policia Militar em Medina prendeu cinco integrantes de uma quadrilha especializada em roubo de carga na BR-116, na madrugada desta quarta-feira (23\/06\/21), apreendeu 01 arma de fogo e 07 carros. O caminhoneiro estava com a fam\u00edlia ref\u00e9m, os policiais militares chegaram cerca de 5 minutos depois do caminh\u00e3o parado, na fazenda Sapucaia, [&hellip;]<\/p>\n","protected":false},"author":1,"featured_media":10701,"comment_status":"open","ping_status":"open","sticky":false,"template":"","format":"standard","meta":{"rop_custom_images_group":[],"rop_custom_messages_group":[],"rop_publish_now":"initial","rop_publish_now_accounts":[],"rop_publish_now_history":[],"rop_publish_now_status":"pending","footnotes":""},"categories":[20],"tags":[1382,79,76,203,3313],"class_list":["post-10700","post","type-post","status-publish","format-standard","has-post-thumbnail","hentry","category-policia","tag-br-116-2","tag-medina","tag-policia-militar","tag-quadrilha","tag-roubo-a-caminhao"],"_links":{"self":[{"href":"https:\/\/diariotribuna.com.br\/index.php?rest_route=\/wp\/v2\/posts\/10700"}],"collection":[{"href":"https:\/\/diariotribuna.com.br\/index.php?rest_route=\/wp\/v2\/posts"}],"about":[{"href":"https:\/\/diariotribuna.com.br\/index.php?rest_route=\/wp\/v2\/types\/post"}],"author":[{"embeddable":true,"href":"https:\/\/diariotribuna.com.br\/index.php?rest_route=\/wp\/v2\/users\/1"}],"replies":[{"embeddable":true,"href":"https:\/\/diariotribuna.com.br\/index.php?rest_route=%2Fwp%2Fv2%2Fcomments&post=10700"}],"version-history":[{"count":1,"href":"https:\/\/diariotribuna.com.br\/index.php?rest_route=\/wp\/v2\/posts\/10700\/revisions"}],"predecessor-version":[{"id":10703,"href":"https:\/\/diariotribuna.com.br\/index.php?rest_route=\/wp\/v2\/posts\/10700\/revisions\/10703"}],"wp:featuredmedia":[{"embeddable":true,"href":"https:\/\/diariotribuna.com.br\/index.php?rest_route=\/wp\/v2\/media\/10701"}],"wp:attachment":[{"href":"https:\/\/diariotribuna.com.br\/index.php?rest_route=%2Fwp%2Fv2%2Fmedia&parent=10700"}],"wp:term":[{"taxonomy":"category","embeddable":true,"href":"https:\/\/diariotribuna.com.br\/index.php?rest_route=%2Fwp%2Fv2%2Fcategories&post=10700"},{"taxonomy":"post_tag","embeddable":true,"href":"https:\/\/diariotribuna.com.br\/index.php?rest_route=%2Fwp%2Fv2%2Ftags&post=10700"}],"curies":[{"name":"wp","href":"https:\/\/api.w.org\/{rel}","templated":true}]}}