{"id":10716,"date":"2021-06-25T17:32:03","date_gmt":"2021-06-25T20:32:03","guid":{"rendered":"https:\/\/diariotribuna.com.br\/?p=10716"},"modified":"2021-06-27T21:56:17","modified_gmt":"2021-06-28T00:56:17","slug":"teofilo-otoni-ponto-facultativo-na-segunda-feira-28-06-21","status":"publish","type":"post","link":"https:\/\/diariotribuna.com.br\/?p=10716","title":{"rendered":"Te\u00f3filo Otoni: Ponto facultativo na segunda-feira (28\/06\/21)"},"content":{"rendered":"\n<figure class=\"wp-block-image size-large is-resized is-style-default\"><img loading=\"lazy\" decoding=\"async\" src=\"https:\/\/diariotribuna.com.br\/wp-content\/uploads\/2021\/06\/download-1.jpg\" alt=\"\" class=\"wp-image-10717\" width=\"403\" height=\"267\" srcset=\"https:\/\/diariotribuna.com.br\/wp-content\/uploads\/2021\/06\/download-1.jpg 600w, https:\/\/diariotribuna.com.br\/wp-content\/uploads\/2021\/06\/download-1-300x199.jpg 300w\" sizes=\"(max-width: 403px) 100vw, 403px\" \/><\/figure>\n\n\n\n<p>A Prefeitura Municipal de Te\u00f3filo Otoni, publicou <strong>Decreto N\u00ba 8.231, de 22 de Junho de 2021<\/strong>, que &#8220;disp\u00f5e sobre ponto facultativo nas reparti\u00e7\u00f5es p\u00fablicas municipais&#8221;, na segunda-feira (28\/06\/21). O feriado municipal de S\u00e3o Pedro \u00e9 na ter\u00e7a-feira (29\/06\/21).<\/p>\n\n\n\n<h3 class=\"wp-block-heading\"><strong>DECRETA:<\/strong><\/h3>\n\n\n\n<p><strong>Art. 1\u00ba <\/strong>&#8211; Fica decretado <strong>Ponto Facultativo na segunda-feira (28\/06\/2021) <\/strong>nas reparti\u00e7\u00f5es p\u00fablicas municipais.<\/p>\n\n\n\n<p><strong>Art. 2\u00ba<\/strong> &#8211; Ficam exclu\u00eddos do artigo acima, os servi\u00e7os essenciais de interesse da coletividade, tais como: Limpeza P\u00fablica, Cemit\u00e9rio e Hospital Municipal, dentre outros colocados \u00e0 disposi\u00e7\u00e3o para guarda ou plant\u00e3o.<\/p>\n\n\n\n<p><strong>Art. 3\u00ba<\/strong> &#8211; Este Decreto entra em vigor na data de sua publica\u00e7\u00e3o.<\/p>\n\n\n\n<p>Te\u00f3filo Otoni, 22 de junho de 2021.<\/p>\n\n\n\n<p>Daniel Batista Sucupira<\/p>\n\n\n\n<p>Prefeito do Munic\u00edpio de Te\u00f3filo Otoni<\/p>\n","protected":false},"excerpt":{"rendered":"<p>A Prefeitura Municipal de Te\u00f3filo Otoni, publicou Decreto N\u00ba 8.231, de 22 de Junho de 2021, que &#8220;disp\u00f5e sobre ponto facultativo nas reparti\u00e7\u00f5es p\u00fablicas municipais&#8221;, na segunda-feira (28\/06\/21). O feriado municipal de S\u00e3o Pedro \u00e9 na ter\u00e7a-feira (29\/06\/21). DECRETA: Art. 1\u00ba &#8211; Fica decretado Ponto Facultativo na segunda-feira (28\/06\/2021) nas reparti\u00e7\u00f5es p\u00fablicas municipais. Art. 2\u00ba [&hellip;]<\/p>\n","protected":false},"author":1,"featured_media":10717,"comment_status":"open","ping_status":"open","sticky":false,"template":"","format":"standard","meta":{"rop_custom_images_group":[],"rop_custom_messages_group":[],"rop_publish_now":"initial","rop_publish_now_accounts":[],"rop_publish_now_history":[],"rop_publish_now_status":"pending","footnotes":""},"categories":[17],"tags":[3316,3317,3318,3207,75],"class_list":["post-10716","post","type-post","status-publish","format-standard","has-post-thumbnail","hentry","category-teofilootoni","tag-28-06-2021","tag-dia-de-sao-pedro","tag-feriado-municipal","tag-ponto-facultativo","tag-teofilo-otoni"],"_links":{"self":[{"href":"https:\/\/diariotribuna.com.br\/index.php?rest_route=\/wp\/v2\/posts\/10716"}],"collection":[{"href":"https:\/\/diariotribuna.com.br\/index.php?rest_route=\/wp\/v2\/posts"}],"about":[{"href":"https:\/\/diariotribuna.com.br\/index.php?rest_route=\/wp\/v2\/types\/post"}],"author":[{"embeddable":true,"href":"https:\/\/diariotribuna.com.br\/index.php?rest_route=\/wp\/v2\/users\/1"}],"replies":[{"embeddable":true,"href":"https:\/\/diariotribuna.com.br\/index.php?rest_route=%2Fwp%2Fv2%2Fcomments&post=10716"}],"version-history":[{"count":1,"href":"https:\/\/diariotribuna.com.br\/index.php?rest_route=\/wp\/v2\/posts\/10716\/revisions"}],"predecessor-version":[{"id":10718,"href":"https:\/\/diariotribuna.com.br\/index.php?rest_route=\/wp\/v2\/posts\/10716\/revisions\/10718"}],"wp:featuredmedia":[{"embeddable":true,"href":"https:\/\/diariotribuna.com.br\/index.php?rest_route=\/wp\/v2\/media\/10717"}],"wp:attachment":[{"href":"https:\/\/diariotribuna.com.br\/index.php?rest_route=%2Fwp%2Fv2%2Fmedia&parent=10716"}],"wp:term":[{"taxonomy":"category","embeddable":true,"href":"https:\/\/diariotribuna.com.br\/index.php?rest_route=%2Fwp%2Fv2%2Fcategories&post=10716"},{"taxonomy":"post_tag","embeddable":true,"href":"https:\/\/diariotribuna.com.br\/index.php?rest_route=%2Fwp%2Fv2%2Ftags&post=10716"}],"curies":[{"name":"wp","href":"https:\/\/api.w.org\/{rel}","templated":true}]}}