{"id":10719,"date":"2021-06-25T18:07:04","date_gmt":"2021-06-25T21:07:04","guid":{"rendered":"https:\/\/diariotribuna.com.br\/?p=10719"},"modified":"2021-06-25T23:22:40","modified_gmt":"2021-06-26T02:22:40","slug":"seis-toneladas-de-drogas-sao-apreendidas-em-minas-durante-operacao-nacional-integrada-contra-o-trafico","status":"publish","type":"post","link":"https:\/\/diariotribuna.com.br\/?p=10719","title":{"rendered":"Seis toneladas de drogas s\u00e3o apreendidas em Minas durante opera\u00e7\u00e3o nacional integrada contra o tr\u00e1fico"},"content":{"rendered":"\n<p><strong><em>Al\u00e9m dos entorpecentes apreendidos, opera\u00e7\u00e3o Narco Brasil resultou em 2,5 mil pessoas presas em territ\u00f3rio mineiro; 16 mil quilos de drogas est\u00e3o sendo incinerados<\/em><\/strong><\/p>\n\n\n\n<figure class=\"wp-block-image size-large is-resized is-style-default\"><img loading=\"lazy\" decoding=\"async\" src=\"https:\/\/diariotribuna.com.br\/wp-content\/uploads\/2021\/06\/2-14.jpg\" alt=\"\" class=\"wp-image-10720\" width=\"529\" height=\"380\" srcset=\"https:\/\/diariotribuna.com.br\/wp-content\/uploads\/2021\/06\/2-14.jpg 700w, https:\/\/diariotribuna.com.br\/wp-content\/uploads\/2021\/06\/2-14-300x216.jpg 300w, https:\/\/diariotribuna.com.br\/wp-content\/uploads\/2021\/06\/2-14-696x500.jpg 696w, https:\/\/diariotribuna.com.br\/wp-content\/uploads\/2021\/06\/2-14-584x420.jpg 584w\" sizes=\"(max-width: 529px) 100vw, 529px\" \/><\/figure>\n\n\n\n<p>A Secretaria de Estado de Justi\u00e7a e Seguran\u00e7a P\u00fablica (Sejusp) e as for\u00e7as de seguran\u00e7a atuantes em Minas Gerais apresentaram, nesta sexta-feira (250\/6), os resultados da Opera\u00e7\u00e3o Narco Brasil. As a\u00e7\u00f5es, capitaneadas pelo Minist\u00e9rio da Justi\u00e7a e Seguran\u00e7a P\u00fablica (MJSP), por meio da Secretaria de Opera\u00e7\u00f5es Integradas (Seopi), em parceria com a Secretaria Nacional de Pol\u00edticas sobre Drogas do MJSP (Senad) e com as secretarias estaduais do pa\u00eds, aconteceram simultaneamente nas 27 unidades federativas brasileiras, de maneira in\u00e9dita, e t\u00eam como objetivo o combate ao narcotr\u00e1fico, com atividades preventivas, de intelig\u00eancia e de repress\u00e3o.<\/p>\n\n\n\n<p>Ao todo, durante o m\u00eas de junho, foram aproximadamente 6 toneladas de entorpecentes retirados de circula\u00e7\u00e3o; 2,5 mil pessoas presas e apreendidas, sendo cumpridos cerca de 300 mandados de pris\u00e3o, e mais de 170 mil procedimentos de fiscaliza\u00e7\u00e3o realizados apenas no territ\u00f3rio mineiro. Nesta quinta e sexta-feira (24 e 25\/6), mais de 16 toneladas de subst\u00e2ncias il\u00edcitas est\u00e3o sendo incineradas por todo o Estado, conforme prev\u00ea a pol\u00edtica nacional &#8211; um preju\u00edzo de, no m\u00ednimo, R$16 milh\u00f5es a R$20 milh\u00f5es para as organiza\u00e7\u00f5es criminosas. Somente na Regi\u00e3o Metropolitana de Belo Horizonte, s\u00e3o 5,3 toneladas de material destru\u00eddo.<\/p>\n\n\n\n<p><strong>Na avalia\u00e7\u00e3o do secret\u00e1rio adjunto de Justi\u00e7a e Seguran\u00e7a P\u00fablica, Jeferson Botelho<\/strong>, a opera\u00e7\u00e3o \u00e9 uma manifesta\u00e7\u00e3o da vontade brasileira de combater a compra e a venda de entorpecentes, conforme acordos firmados junto a \u00f3rg\u00e3os internacionais. &#8220;O Estado organizado demonstra ter condi\u00e7\u00f5es de debelar este que \u00e9 o principal comburente da criminalidade violenta no Brasil, o tr\u00e1fico de drogas. Esta \u00e9 uma pol\u00edtica p\u00fablica interessante: trabalhar a preven\u00e7\u00e3o, conscientizar a popula\u00e7\u00e3o a respeito desse esfor\u00e7o social contra um problema de sa\u00fade p\u00fablica e repreender o crime&#8221;, explica.<\/p>\n\n\n\n<p><strong>Integra\u00e7\u00e3o &#8211;<\/strong> Em Minas, foi empenhada, desde o dia 1\u00ba, uma for\u00e7a-tarefa envolvendo Pol\u00edcia Militar (PMMG), Pol\u00edcia Civil (PCMG), Pol\u00edcia Federal (PF), Pol\u00edcia Rodovi\u00e1ria Federal (PRF), Corpo de Bombeiros Militar (CBMMG), Ex\u00e9rcito Brasileiro (EB), Departamento de Edifica\u00e7\u00f5es e Estradas de Rodagem (DER-MG), Departamento Penitenci\u00e1rio de Minas Gerais (Depen-MG) e Subsecretaria de Atendimento Socioeducativo (Suase), coordenados pela Sejusp. As dilig\u00eancias fazem parte da 23\u00aa Semana Nacional de Pol\u00edticas sobre Drogas, em raz\u00e3o do Dia Internacional de Combate \u00e0s Drogas, institu\u00eddo pela Organiza\u00e7\u00e3o das Na\u00e7\u00f5es Unidas como 26 de junho.<\/p>\n\n\n\n<p><strong>Para o Superintendente Regional da Pol\u00edcia Federal em Minas, Marcelo Salvio Rezende Vieira,<\/strong> a integra\u00e7\u00e3o das for\u00e7as policiais \u00e9 fundamental na luta contra o crime organizado e leva maior sensa\u00e7\u00e3o de seguran\u00e7a \u00e0 sociedade. &#8220;O combate \u00e0 criminalidade requer a constante uni\u00e3o de esfor\u00e7os dos entes de seguran\u00e7a estatais, para que a efetividade das a\u00e7\u00f5es se sobreponha \u00e0 evolu\u00e7\u00e3o dos m\u00e9todos empregados pelos criminosos, principalmente em searas t\u00e3o sens\u00edveis como a repress\u00e3o ao tr\u00e1fico&#8221;, ressalta.<\/p>\n\n\n\n<p><strong>Policiamento ostensivo \u2013<\/strong> Durante a Opera\u00e7\u00e3o Narco Brasil, orientada pela \u00e1rea de intelig\u00eancia, a PRF realizou a\u00e7\u00f5es operacionais nas rodovias federais, em diversas regi\u00f5es mineiras. <strong>Conforme o inspetor Marcelo Silva Santana, chefe da Se\u00e7\u00e3o de Opera\u00e7\u00f5es da Pol\u00edcia Rodovi\u00e1ria Federal em Minas Gerais<\/strong>, &#8220;a sinergia que existe entre os \u00f3rg\u00e3os de seguran\u00e7a p\u00fablica em Minas Gerais traz muitos resultados positivos em benef\u00edcio da popula\u00e7\u00e3o&#8221;. &#8220;A PRF est\u00e1 pronta para colaborar em a\u00e7\u00f5es integradas no Estado, cumprindo sua miss\u00e3o sempre de forma eficiente e proativa&#8221;, afirma.<\/p>\n\n\n\n<p>Por sua vez, a Pol\u00edcia Militar potencializou a\u00e7\u00f5es de car\u00e1ter preventivo e repressivo, especialmente nas rodovias estaduais e federais delegadas, bem como no meio rural. Foram intensificados o cumprimento de mandados de pris\u00e3o e busca e apreens\u00e3o, a realiza\u00e7\u00e3o de abordagens a pessoas e a fiscaliza\u00e7\u00e3o de ve\u00edculos. Em rela\u00e7\u00e3o \u00e0s a\u00e7\u00f5es preventivas, foram desenvolvidas, em parceria com a Secretaria de Estado de Desenvolvimento Social (Sedese), atividades relacionadas \u00e0 Semana Nacional de Pol\u00edticas sobre Drogas, como palestras online, blitze e campanhas educativas.<\/p>\n\n\n\n<p>Al\u00e9m das Regi\u00f5es de Pol\u00edcia Militar, a opera\u00e7\u00e3o contou com apoio dos Comandos de Policiamento Especializado (CPE), de Policiamento Rodovi\u00e1rio (CPRv), de Policiamento de Meio Ambiente (CPMAMB) e de Avia\u00e7\u00e3o do Estado (COMAVE). \u201cO trabalho integrado entre as for\u00e7as de seguran\u00e7a e outros \u00f3rg\u00e3os do Estado, por meio de a\u00e7\u00f5es preventivas e repressivas, tem contribu\u00eddo para uma redu\u00e7\u00e3o hist\u00f3rica da criminalidade no territ\u00f3rio mineiro, tornando Minas cada vez melhor para se viver e empreender\u201d, destacou <strong>o comandante-geral da PMMG, coronel Rodrigo Sousa Rodrigues<\/strong>.<\/p>\n\n\n\n<p><strong>Mandados cumpridos \u2013<\/strong> No decorrer do m\u00eas, apenas a Pol\u00edcia Civil realizou mais de 500 mandados de busca e apreens\u00e3o no tocante ao tr\u00e1fico. A t\u00edtulo de exemplo, na quinta-feira (24\/6), Dia D da Narco Brasil, o Departamento Estadual de Combate ao Narcotr\u00e1fico (Denarc), sediado na capital mineira, cumpriu 15 mandados de busca e apreens\u00e3o e 11 de pris\u00e3o na cidade de Carmo da Mata, regi\u00e3o Centro-Oeste do Estado. A a\u00e7\u00e3o contou com o apoio do Canil da PCMG e da Coordena\u00e7\u00e3o Aerot\u00e1tica (CAT).<\/p>\n\n\n\n<p><strong>O chefe da Pol\u00edcia Civil de Minas Gerais, delegado-geral Joaquim Francisco Neto e Silva<\/strong>, destaca a relev\u00e2ncia da miss\u00e3o de defrontar o narcotr\u00e1fico. &#8220;Quando tratamos de combate \u00e0s drogas, estamos falando de lutar contra o crime organizado e de evitar que fam\u00edlias sejam v\u00edtimas desse processo cr\u00edtico. Por isso, \u00e9 t\u00e3o importante que nosso trabalho seja intenso, \u00edntegro e correto&#8221;, argumenta.<\/p>\n\n\n\n<p><strong>Unidades prisionais \u2013<\/strong> A Pol\u00edcia Penal tamb\u00e9m impulsionou as buscas por subst\u00e2ncias il\u00edcitas nas 194 unidades prisionais mineiras durante o m\u00eas de junho. No per\u00edodo, foram apreendidas 9,6 kg de maconha, 400 gramas de coca\u00edna, 350 gramas de crack, 200 gramas de haxixe, mais de 450 selos de LSD e quase 260 selos de maconha sint\u00e9tica K4 por todo o Estado.<\/p>\n\n\n\n<p>No Dia D (24\/6), revistas simult\u00e2neas ocorreram nas 15 maiores unidades prisionais mineiras, de diferentes Regi\u00f5es Integradas de Seguran\u00e7a P\u00fablica (Risps), com o emprego de um efetivo superior a 1.500 policiais penais. Na ocasi\u00e3o, foram encontrados 40 selos de LSD, cinco comprimidos de ecstasy, cinco selos de maconha sint\u00e9tica K4, al\u00e9m de aparelhos celulares.<\/p>\n\n\n\n<p><strong>Aeroporto de Confins \u2013<\/strong> Durante a manh\u00e3 desta sexta-feira (25\/6), a\u00e7\u00f5es de fiscaliza\u00e7\u00e3o ser\u00e3o fomentadas no Aeroporto Internacional de Belo Horizonte, com o apoio da concession\u00e1ria BH Airport. A Pol\u00edcia Federal refor\u00e7a a procura pelos il\u00edcitos na \u00e1rea de bagagens despachadas, enquanto PMMG, PCMG e DER-MG ampliam a\u00e7\u00f5es de policiamento ostensivo nas rodovias do entorno. Todo o trabalho est\u00e1 sendo monitorado pelo Centro Integrado de Seguran\u00e7a P\u00fablica (CISP), estrutura da Sejusp que funciona no terminal de passageiros, e pelo Centro Integrado de Comando e Controle Estadual (CICCE), localizado na Cidade Administrativa de Minas Gerais.<\/p>\n\n\n\n<figure class=\"wp-block-gallery columns-2 is-cropped wp-block-gallery-1 is-layout-flex wp-block-gallery-is-layout-flex\"><ul class=\"blocks-gallery-grid\"><li class=\"blocks-gallery-item\"><figure><img loading=\"lazy\" decoding=\"async\" width=\"700\" height=\"481\" src=\"https:\/\/diariotribuna.com.br\/wp-content\/uploads\/2021\/06\/4-8.jpg\" alt=\"\" data-id=\"10721\" data-full-url=\"https:\/\/diariotribuna.com.br\/wp-content\/uploads\/2021\/06\/4-8.jpg\" data-link=\"https:\/\/diariotribuna.com.br\/?attachment_id=10721\" class=\"wp-image-10721\" srcset=\"https:\/\/diariotribuna.com.br\/wp-content\/uploads\/2021\/06\/4-8.jpg 700w, https:\/\/diariotribuna.com.br\/wp-content\/uploads\/2021\/06\/4-8-300x206.jpg 300w, https:\/\/diariotribuna.com.br\/wp-content\/uploads\/2021\/06\/4-8-100x70.jpg 100w, https:\/\/diariotribuna.com.br\/wp-content\/uploads\/2021\/06\/4-8-218x150.jpg 218w, https:\/\/diariotribuna.com.br\/wp-content\/uploads\/2021\/06\/4-8-696x478.jpg 696w, https:\/\/diariotribuna.com.br\/wp-content\/uploads\/2021\/06\/4-8-611x420.jpg 611w\" sizes=\"(max-width: 700px) 100vw, 700px\" \/><\/figure><\/li><li class=\"blocks-gallery-item\"><figure><img loading=\"lazy\" decoding=\"async\" width=\"700\" height=\"549\" src=\"https:\/\/diariotribuna.com.br\/wp-content\/uploads\/2021\/06\/3-10.jpg\" alt=\"\" data-id=\"10724\" data-full-url=\"https:\/\/diariotribuna.com.br\/wp-content\/uploads\/2021\/06\/3-10.jpg\" data-link=\"https:\/\/diariotribuna.com.br\/?attachment_id=10724\" class=\"wp-image-10724\" srcset=\"https:\/\/diariotribuna.com.br\/wp-content\/uploads\/2021\/06\/3-10.jpg 700w, https:\/\/diariotribuna.com.br\/wp-content\/uploads\/2021\/06\/3-10-300x235.jpg 300w, https:\/\/diariotribuna.com.br\/wp-content\/uploads\/2021\/06\/3-10-696x546.jpg 696w, https:\/\/diariotribuna.com.br\/wp-content\/uploads\/2021\/06\/3-10-536x420.jpg 536w\" sizes=\"(max-width: 700px) 100vw, 700px\" \/><\/figure><\/li><li class=\"blocks-gallery-item\"><figure><img loading=\"lazy\" decoding=\"async\" width=\"700\" height=\"503\" src=\"https:\/\/diariotribuna.com.br\/wp-content\/uploads\/2021\/06\/1-12.jpg\" alt=\"\" data-id=\"10722\" data-full-url=\"https:\/\/diariotribuna.com.br\/wp-content\/uploads\/2021\/06\/1-12.jpg\" data-link=\"https:\/\/diariotribuna.com.br\/?attachment_id=10722\" class=\"wp-image-10722\" srcset=\"https:\/\/diariotribuna.com.br\/wp-content\/uploads\/2021\/06\/1-12.jpg 700w, https:\/\/diariotribuna.com.br\/wp-content\/uploads\/2021\/06\/1-12-300x216.jpg 300w, https:\/\/diariotribuna.com.br\/wp-content\/uploads\/2021\/06\/1-12-696x500.jpg 696w, https:\/\/diariotribuna.com.br\/wp-content\/uploads\/2021\/06\/1-12-584x420.jpg 584w\" sizes=\"(max-width: 700px) 100vw, 700px\" \/><\/figure><\/li><\/ul><\/figure>\n\n\n\n<p><strong>Assessoria de Comunica\u00e7\u00e3o<\/strong><\/p>\n\n\n\n<p><strong>Secretaria de Estado de Justi\u00e7a e Seguran\u00e7a P\u00fablica (Sejusp<\/strong>)<\/p>\n\n\n\n<p><a href=\"mailto:ascom@seguranca.mg.gov.br\"><strong>ascom@seguranca.mg.gov.br<\/strong><\/a><\/p>\n\n\n\n<p><strong>FOTOS: Bernardo Carneiro<\/strong><\/p>\n","protected":false},"excerpt":{"rendered":"<p>Al\u00e9m dos entorpecentes apreendidos, opera\u00e7\u00e3o Narco Brasil resultou em 2,5 mil pessoas presas em territ\u00f3rio mineiro; 16 mil quilos de drogas est\u00e3o sendo incinerados A Secretaria de Estado de Justi\u00e7a e Seguran\u00e7a P\u00fablica (Sejusp) e as for\u00e7as de seguran\u00e7a atuantes em Minas Gerais apresentaram, nesta sexta-feira (250\/6), os resultados da Opera\u00e7\u00e3o Narco Brasil. As a\u00e7\u00f5es, [&hellip;]<\/p>\n","protected":false},"author":1,"featured_media":10720,"comment_status":"open","ping_status":"open","sticky":false,"template":"","format":"standard","meta":{"rop_custom_images_group":[],"rop_custom_messages_group":[],"rop_publish_now":"initial","rop_publish_now_accounts":[],"rop_publish_now_history":[],"rop_publish_now_status":"pending","footnotes":""},"categories":[20],"tags":[3253,70,3319,2628],"class_list":["post-10719","post","type-post","status-publish","format-standard","has-post-thumbnail","hentry","category-policia","tag-junho-2021","tag-minas-gerais","tag-operacao-narco-brasil","tag-sejusp-mg"],"_links":{"self":[{"href":"https:\/\/diariotribuna.com.br\/index.php?rest_route=\/wp\/v2\/posts\/10719"}],"collection":[{"href":"https:\/\/diariotribuna.com.br\/index.php?rest_route=\/wp\/v2\/posts"}],"about":[{"href":"https:\/\/diariotribuna.com.br\/index.php?rest_route=\/wp\/v2\/types\/post"}],"author":[{"embeddable":true,"href":"https:\/\/diariotribuna.com.br\/index.php?rest_route=\/wp\/v2\/users\/1"}],"replies":[{"embeddable":true,"href":"https:\/\/diariotribuna.com.br\/index.php?rest_route=%2Fwp%2Fv2%2Fcomments&post=10719"}],"version-history":[{"count":2,"href":"https:\/\/diariotribuna.com.br\/index.php?rest_route=\/wp\/v2\/posts\/10719\/revisions"}],"predecessor-version":[{"id":10728,"href":"https:\/\/diariotribuna.com.br\/index.php?rest_route=\/wp\/v2\/posts\/10719\/revisions\/10728"}],"wp:featuredmedia":[{"embeddable":true,"href":"https:\/\/diariotribuna.com.br\/index.php?rest_route=\/wp\/v2\/media\/10720"}],"wp:attachment":[{"href":"https:\/\/diariotribuna.com.br\/index.php?rest_route=%2Fwp%2Fv2%2Fmedia&parent=10719"}],"wp:term":[{"taxonomy":"category","embeddable":true,"href":"https:\/\/diariotribuna.com.br\/index.php?rest_route=%2Fwp%2Fv2%2Fcategories&post=10719"},{"taxonomy":"post_tag","embeddable":true,"href":"https:\/\/diariotribuna.com.br\/index.php?rest_route=%2Fwp%2Fv2%2Ftags&post=10719"}],"curies":[{"name":"wp","href":"https:\/\/api.w.org\/{rel}","templated":true}]}}