{"id":10750,"date":"2021-06-26T22:43:46","date_gmt":"2021-06-27T01:43:46","guid":{"rendered":"https:\/\/diariotribuna.com.br\/?p=10750"},"modified":"2021-06-26T22:43:47","modified_gmt":"2021-06-27T01:43:47","slug":"feriado-municipal-e-ponto-facultativo-devem-aumentar-o-fluxo-de-veiculos-no-entorno-de-teofilo-otoni","status":"publish","type":"post","link":"https:\/\/diariotribuna.com.br\/?p=10750","title":{"rendered":"Feriado municipal e ponto facultativo devem aumentar o fluxo de ve\u00edculos no entorno de Te\u00f3filo Otoni"},"content":{"rendered":"\n<figure class=\"wp-block-image size-large is-resized is-style-default\"><img loading=\"lazy\" decoding=\"async\" src=\"https:\/\/diariotribuna.com.br\/wp-content\/uploads\/2021\/06\/5-10.jpg\" alt=\"\" class=\"wp-image-10751\" width=\"529\" height=\"349\" srcset=\"https:\/\/diariotribuna.com.br\/wp-content\/uploads\/2021\/06\/5-10.jpg 616w, https:\/\/diariotribuna.com.br\/wp-content\/uploads\/2021\/06\/5-10-300x198.jpg 300w\" sizes=\"(max-width: 529px) 100vw, 529px\" \/><\/figure>\n\n\n\n<p>Na pr\u00f3xima ter\u00e7a-feira (29\/06\/2021), ser\u00e1 o Dia de S\u00e3o Pedro, feriado municipal em Te\u00f3filo Otoni, e na segunda-feira (28), a prefeitura decretou ponto facultativo nas reparti\u00e7\u00f5es municipais, funcionar\u00e1 apenas os servi\u00e7os essenciais. O tenente Reinaldo Martins, comandante do 1\u00ba Pelot\u00e3o da 15\u00aa Cia Pol\u00edcia Militar Rodovi\u00e1ria, ressalta que, o prolongamento do feriado deve aumentar consideravelmente o fluxo de ve\u00edculos nas rodovias da nossa regi\u00e3o, principalmente na MGC 418, que liga Te\u00f3filo Otoni \u00e0s praias da Bahia e do Esp\u00edrito Santo.<\/p>\n\n\n\n<p>Devido ao tempo frio, o tenente acredita na intensa movimenta\u00e7\u00e3o de ve\u00edculos nas rodovias que interligam as cidades pr\u00f3ximas a Te\u00f3filo Otoni, com fam\u00edlias visitando parentes, amigos ou em deslocamentos para s\u00edtios e fazendas. \u201cDestacamos a MGC 342 (estrada de Frei Gaspar), MG 217 (Pot\u00e9), MG 211 (Novo Cruzeiro), MG 409 (estrada de Top\u00e1zio) e a rodovia de Atal\u00e9ia. Relembramos que nossas vias s\u00e3o estreitas, sinuosas e com pouco acostamento, caracter\u00edsticas que exigem prud\u00eancia dos motoristas, especialmente no per\u00edodo noturno\u201d, disse.<\/p>\n\n\n\n<p>Somado as particularidades acima, estamos passando pela temporada de nevoeiros, principalmente \u00e0 noite e in\u00edcio da manh\u00e3, condi\u00e7\u00e3o que reduz a visibilidade e aumenta os riscos de acidentes. Tenente Reinaldo sugere a popula\u00e7\u00e3o evitar os deslocamentos, salvo casos de extrema necessidade, em velocidade reduzida, far\u00f3is baixos, n\u00e3o utilizar o pisca alerta em movimento para n\u00e3o confundir os demais motoristas e manter os vidros limpos e desemba\u00e7ados.<\/p>\n\n\n\n<p><strong>Relembra as dicas para uma viagem segura:<\/strong> Manuten\u00e7\u00e3o preventiva dos ve\u00edculos, com aten\u00e7\u00e3o especial ao funcionamento, suspens\u00e3o e pneus; planejamento da viagem com intervalos para lanches leves e descanso; respeito aos limites de velocidade; n\u00e3o consumir bebida alco\u00f3lica; manter a dist\u00e2ncia de seguran\u00e7a dos ve\u00edculos da frente; e respeito \u00e0s medidas sanit\u00e1rias de prote\u00e7\u00e3o \u00e0 covid-19, utilizando m\u00e1scara, \u00e1lcool em gel e mantendo o distanciamento social.<\/p>\n\n\n\n<p>\u201cEvitando acidentes de tr\u00e2nsito reduziremos o fluxo de pessoas nos hospitais da regi\u00e3o. Nesse momento de pandemia a preven\u00e7\u00e3o \u00e9 uma forma de contribuirmos com o sistema e com os profissionais de sa\u00fade, favorecendo o emprego deles no combate \u00e0 covid. A Pol\u00edcia Militar Rodovi\u00e1ria realizar\u00e1 opera\u00e7\u00f5es para manter a seguran\u00e7a vi\u00e1ria, contamos com o apoio da imprensa na divulga\u00e7\u00e3o das orienta\u00e7\u00f5es e contamos a responsabilidade e prud\u00eancia dos motoristas, afinal, eles s\u00e3o os protagonistas na preven\u00e7\u00e3o de acidentes\u201d. (Tenente Reinaldo Martins \u2013 comandante do 1\u00ba Pelot\u00e3o da 15\u00aa Cia PM Rv).<\/p>\n\n\n\n<p><strong>\u201cPol\u00edcia Militar de Minas Gerais: os anjos da guarda dos caminhos de Minas\u201d<\/strong><\/p>\n","protected":false},"excerpt":{"rendered":"<p>Na pr\u00f3xima ter\u00e7a-feira (29\/06\/2021), ser\u00e1 o Dia de S\u00e3o Pedro, feriado municipal em Te\u00f3filo Otoni, e na segunda-feira (28), a prefeitura decretou ponto facultativo nas reparti\u00e7\u00f5es municipais, funcionar\u00e1 apenas os servi\u00e7os essenciais. O tenente Reinaldo Martins, comandante do 1\u00ba Pelot\u00e3o da 15\u00aa Cia Pol\u00edcia Militar Rodovi\u00e1ria, ressalta que, o prolongamento do feriado deve aumentar consideravelmente [&hellip;]<\/p>\n","protected":false},"author":1,"featured_media":10751,"comment_status":"open","ping_status":"open","sticky":false,"template":"","format":"standard","meta":{"rop_custom_images_group":[],"rop_custom_messages_group":[],"rop_publish_now":"initial","rop_publish_now_accounts":[],"rop_publish_now_history":[],"rop_publish_now_status":"pending","footnotes":""},"categories":[18],"tags":[1281,3322,80,1030,75],"class_list":["post-10750","post","type-post","status-publish","format-standard","has-post-thumbnail","hentry","category-regiao","tag-1281","tag-feriado-de-sao-pedro","tag-operacao","tag-policia-militar-rodoviaria","tag-teofilo-otoni"],"_links":{"self":[{"href":"https:\/\/diariotribuna.com.br\/index.php?rest_route=\/wp\/v2\/posts\/10750"}],"collection":[{"href":"https:\/\/diariotribuna.com.br\/index.php?rest_route=\/wp\/v2\/posts"}],"about":[{"href":"https:\/\/diariotribuna.com.br\/index.php?rest_route=\/wp\/v2\/types\/post"}],"author":[{"embeddable":true,"href":"https:\/\/diariotribuna.com.br\/index.php?rest_route=\/wp\/v2\/users\/1"}],"replies":[{"embeddable":true,"href":"https:\/\/diariotribuna.com.br\/index.php?rest_route=%2Fwp%2Fv2%2Fcomments&post=10750"}],"version-history":[{"count":1,"href":"https:\/\/diariotribuna.com.br\/index.php?rest_route=\/wp\/v2\/posts\/10750\/revisions"}],"predecessor-version":[{"id":10752,"href":"https:\/\/diariotribuna.com.br\/index.php?rest_route=\/wp\/v2\/posts\/10750\/revisions\/10752"}],"wp:featuredmedia":[{"embeddable":true,"href":"https:\/\/diariotribuna.com.br\/index.php?rest_route=\/wp\/v2\/media\/10751"}],"wp:attachment":[{"href":"https:\/\/diariotribuna.com.br\/index.php?rest_route=%2Fwp%2Fv2%2Fmedia&parent=10750"}],"wp:term":[{"taxonomy":"category","embeddable":true,"href":"https:\/\/diariotribuna.com.br\/index.php?rest_route=%2Fwp%2Fv2%2Fcategories&post=10750"},{"taxonomy":"post_tag","embeddable":true,"href":"https:\/\/diariotribuna.com.br\/index.php?rest_route=%2Fwp%2Fv2%2Ftags&post=10750"}],"curies":[{"name":"wp","href":"https:\/\/api.w.org\/{rel}","templated":true}]}}