{"id":10753,"date":"2021-06-26T23:28:24","date_gmt":"2021-06-27T02:28:24","guid":{"rendered":"https:\/\/diariotribuna.com.br\/?p=10753"},"modified":"2021-06-26T23:28:26","modified_gmt":"2021-06-27T02:28:26","slug":"cdl-to-sorteia-premios-na-campanha-compra-premiada-pelo-dia-dos-namorados","status":"publish","type":"post","link":"https:\/\/diariotribuna.com.br\/?p=10753","title":{"rendered":"CDL-TO sorteia pr\u00eamios na campanha Compra Premiada pelo Dia dos Namorados"},"content":{"rendered":"\n<figure class=\"wp-block-image size-large is-resized is-style-default\"><img loading=\"lazy\" decoding=\"async\" src=\"https:\/\/diariotribuna.com.br\/wp-content\/uploads\/2021\/06\/8-3.jpg\" alt=\"\" class=\"wp-image-10754\" width=\"596\" height=\"427\" srcset=\"https:\/\/diariotribuna.com.br\/wp-content\/uploads\/2021\/06\/8-3.jpg 700w, https:\/\/diariotribuna.com.br\/wp-content\/uploads\/2021\/06\/8-3-300x215.jpg 300w, https:\/\/diariotribuna.com.br\/wp-content\/uploads\/2021\/06\/8-3-696x499.jpg 696w, https:\/\/diariotribuna.com.br\/wp-content\/uploads\/2021\/06\/8-3-586x420.jpg 586w\" sizes=\"(max-width: 596px) 100vw, 596px\" \/><figcaption><strong>Sorteio foi realizado, na sexta-feira (18\/06), na sede da CDL-TO<\/strong><\/figcaption><\/figure>\n\n\n\n<p>A C\u00e2mara de Dirigentes Lojistas de Te\u00f3filo Otoni (CDL-TO) realizou sorteio de pr\u00eamios na campanha Compra Premiada CDL 2021, na sexta-feira (18\/06), alusivo ao Dia dos Namorados. O sorteio foi transmitido ao vivo pelas redes sociais da CDL-TO, na apresenta\u00e7\u00e3o de Alan Souza, e contemplou duas mulheres com vale compras no valor de R$1.000,00 cada. <strong>As ganhadoras s\u00e3o: Mar\u00edlia A. Mota da Cruz Ferreira, que comprou na loja Pop Armarinho e Confec\u00e7\u00f5es, e Sidileia Barbosa, que comprou na loja By Fiapo<\/strong>.<\/p>\n\n\n\n<p>A campanha \u00e9 realizada durante todo o ano, nas principais datas comemorativas, ressaltando que os cupons s\u00e3o cumulativos, quem n\u00e3o foi sorteado dessa vez, continua concorrendo com os mesmos cupons at\u00e9 o \u00faltimo sorteio que ser\u00e1 realizado em dezembro, alusivo ao dia de Natal. A gerente comercial da CDL-TO, Bete Lima, agradeceu aos consumidores que acreditam na campanha, \u00e0s empresas associadas que est\u00e3o participando, proporcionando a oportunidade aos consumidores serem contemplados com v\u00e1rios pr\u00eamios, e aos patrocinadores.<\/p>\n\n\n\n<p>O pr\u00f3ximo sorteio ser\u00e1 no dia 20 de agosto, pelo Dia dos Pais, e Bete Lima orienta aos consumidores que continuem priorizando suas compras nas empresas participantes da campanha, porque continuam concorrendo a pr\u00eamios o ano todo. Em agosto ser\u00e3o sorteados mais 02 vales compras no valor de R$1.000,00. O consumidor n\u00e3o pode esquecer de preencher corretamente o cupom, pois a campanha \u00e9 regulamentada e todos os campos precisam ser preenchidos para que seja validado. A campanha \u00e9 diferenciada, pois premia o consumidor, o vendedor e o lojista.<\/p>\n\n\n\n<p>Por isso \u00e9 importante que os vendedores coloquem seus nomes nos cupons na hora da venda, pois v\u00e3o concorrer no final do ano a 03 vales compras no valor de R$1.000,00 para cada contemplado. E uma empresa participante da campanha vai ser contemplada com 01 notebook. <strong>Compra Premiada CDL-TO:<\/strong> <strong>Apresenta\u00e7\u00e3o<\/strong>: Sicoob Credivale. <strong>Realiza\u00e7\u00e3o:<\/strong> CDL-TO. <strong>Patrocinadores:<\/strong> Motol\u00edder, Rede de Farm\u00e1cias Indiana, M\u00f3veis Maanaim e Artes Gr\u00e1ficas Modelo. (<strong>Texto\/ Fotos: Di\u00e1rio Tribuna<\/strong>).<\/p>\n\n\n\n<figure class=\"wp-block-gallery columns-2 is-cropped wp-block-gallery-1 is-layout-flex wp-block-gallery-is-layout-flex\"><ul class=\"blocks-gallery-grid\"><li class=\"blocks-gallery-item\"><figure><img loading=\"lazy\" decoding=\"async\" width=\"700\" height=\"522\" src=\"https:\/\/diariotribuna.com.br\/wp-content\/uploads\/2021\/06\/5-11.jpg\" alt=\"\" data-id=\"10760\" data-link=\"https:\/\/diariotribuna.com.br\/?attachment_id=10760\" class=\"wp-image-10760\" srcset=\"https:\/\/diariotribuna.com.br\/wp-content\/uploads\/2021\/06\/5-11.jpg 700w, https:\/\/diariotribuna.com.br\/wp-content\/uploads\/2021\/06\/5-11-300x224.jpg 300w, https:\/\/diariotribuna.com.br\/wp-content\/uploads\/2021\/06\/5-11-80x60.jpg 80w, https:\/\/diariotribuna.com.br\/wp-content\/uploads\/2021\/06\/5-11-265x198.jpg 265w, https:\/\/diariotribuna.com.br\/wp-content\/uploads\/2021\/06\/5-11-696x519.jpg 696w, https:\/\/diariotribuna.com.br\/wp-content\/uploads\/2021\/06\/5-11-563x420.jpg 563w\" sizes=\"(max-width: 700px) 100vw, 700px\" \/><figcaption class=\"blocks-gallery-item__caption\"><strong>Presidente da CDL-TO, Frank Alves<\/strong><\/figcaption><\/figure><\/li><li class=\"blocks-gallery-item\"><figure><img loading=\"lazy\" decoding=\"async\" width=\"700\" height=\"463\" src=\"https:\/\/diariotribuna.com.br\/wp-content\/uploads\/2021\/06\/3-12.jpg\" alt=\"\" data-id=\"10758\" data-link=\"https:\/\/diariotribuna.com.br\/?attachment_id=10758\" class=\"wp-image-10758\" srcset=\"https:\/\/diariotribuna.com.br\/wp-content\/uploads\/2021\/06\/3-12.jpg 700w, https:\/\/diariotribuna.com.br\/wp-content\/uploads\/2021\/06\/3-12-300x198.jpg 300w, https:\/\/diariotribuna.com.br\/wp-content\/uploads\/2021\/06\/3-12-696x460.jpg 696w, https:\/\/diariotribuna.com.br\/wp-content\/uploads\/2021\/06\/3-12-635x420.jpg 635w\" sizes=\"(max-width: 700px) 100vw, 700px\" \/><figcaption class=\"blocks-gallery-item__caption\"><strong>Transmiss\u00e3o ao vivo na apresenta\u00e7\u00e3o de Alan Souza<\/strong><\/figcaption><\/figure><\/li><li class=\"blocks-gallery-item\"><figure><img loading=\"lazy\" decoding=\"async\" width=\"700\" height=\"463\" src=\"https:\/\/diariotribuna.com.br\/wp-content\/uploads\/2021\/06\/2-17.jpg\" alt=\"\" data-id=\"10757\" data-link=\"https:\/\/diariotribuna.com.br\/?attachment_id=10757\" class=\"wp-image-10757\" srcset=\"https:\/\/diariotribuna.com.br\/wp-content\/uploads\/2021\/06\/2-17.jpg 700w, https:\/\/diariotribuna.com.br\/wp-content\/uploads\/2021\/06\/2-17-300x198.jpg 300w, https:\/\/diariotribuna.com.br\/wp-content\/uploads\/2021\/06\/2-17-696x460.jpg 696w, https:\/\/diariotribuna.com.br\/wp-content\/uploads\/2021\/06\/2-17-635x420.jpg 635w\" sizes=\"(max-width: 700px) 100vw, 700px\" \/><figcaption class=\"blocks-gallery-item__caption\"><strong>Equipe auditora: Daniele Souza, T\u00e2mara Moura e Elizabete Lima<\/strong><\/figcaption><\/figure><\/li><li class=\"blocks-gallery-item\"><figure><img loading=\"lazy\" decoding=\"async\" width=\"700\" height=\"463\" src=\"https:\/\/diariotribuna.com.br\/wp-content\/uploads\/2021\/06\/6-5.jpg\" alt=\"\" data-id=\"10761\" data-link=\"https:\/\/diariotribuna.com.br\/?attachment_id=10761\" class=\"wp-image-10761\" srcset=\"https:\/\/diariotribuna.com.br\/wp-content\/uploads\/2021\/06\/6-5.jpg 700w, https:\/\/diariotribuna.com.br\/wp-content\/uploads\/2021\/06\/6-5-300x198.jpg 300w, https:\/\/diariotribuna.com.br\/wp-content\/uploads\/2021\/06\/6-5-696x460.jpg 696w, https:\/\/diariotribuna.com.br\/wp-content\/uploads\/2021\/06\/6-5-635x420.jpg 635w\" sizes=\"(max-width: 700px) 100vw, 700px\" \/><figcaption class=\"blocks-gallery-item__caption\"><strong>Gerente Comercial da CDL-TO, Elizabete Lobo<\/strong><\/figcaption><\/figure><\/li><li class=\"blocks-gallery-item\"><figure><img loading=\"lazy\" decoding=\"async\" width=\"700\" height=\"463\" src=\"https:\/\/diariotribuna.com.br\/wp-content\/uploads\/2021\/06\/7-4.jpg\" alt=\"\" data-id=\"10762\" data-link=\"https:\/\/diariotribuna.com.br\/?attachment_id=10762\" class=\"wp-image-10762\" srcset=\"https:\/\/diariotribuna.com.br\/wp-content\/uploads\/2021\/06\/7-4.jpg 700w, https:\/\/diariotribuna.com.br\/wp-content\/uploads\/2021\/06\/7-4-300x198.jpg 300w, https:\/\/diariotribuna.com.br\/wp-content\/uploads\/2021\/06\/7-4-696x460.jpg 696w, https:\/\/diariotribuna.com.br\/wp-content\/uploads\/2021\/06\/7-4-635x420.jpg 635w\" sizes=\"(max-width: 700px) 100vw, 700px\" \/><figcaption class=\"blocks-gallery-item__caption\"><strong>Sheila Gon\u00e7alves \u2013 Lojas Maanaim, com seu filho Adriel<\/strong><\/figcaption><\/figure><\/li><li class=\"blocks-gallery-item\"><figure><img loading=\"lazy\" decoding=\"async\" width=\"700\" height=\"532\" src=\"https:\/\/diariotribuna.com.br\/wp-content\/uploads\/2021\/06\/Marilia-POP.jpg\" alt=\"\" data-id=\"10765\" data-full-url=\"https:\/\/diariotribuna.com.br\/wp-content\/uploads\/2021\/06\/Marilia-POP.jpg\" data-link=\"https:\/\/diariotribuna.com.br\/?attachment_id=10765\" class=\"wp-image-10765\" srcset=\"https:\/\/diariotribuna.com.br\/wp-content\/uploads\/2021\/06\/Marilia-POP.jpg 700w, https:\/\/diariotribuna.com.br\/wp-content\/uploads\/2021\/06\/Marilia-POP-300x228.jpg 300w, https:\/\/diariotribuna.com.br\/wp-content\/uploads\/2021\/06\/Marilia-POP-80x60.jpg 80w, https:\/\/diariotribuna.com.br\/wp-content\/uploads\/2021\/06\/Marilia-POP-696x529.jpg 696w, https:\/\/diariotribuna.com.br\/wp-content\/uploads\/2021\/06\/Marilia-POP-553x420.jpg 553w\" sizes=\"(max-width: 700px) 100vw, 700px\" \/><figcaption class=\"blocks-gallery-item__caption\"><strong>Contemplada Mar\u00edlia Ferreira &#8211; comprou na loja Pop Confec\u00e7\u00f5es<\/strong><\/figcaption><\/figure><\/li><li class=\"blocks-gallery-item\"><figure><img loading=\"lazy\" decoding=\"async\" width=\"700\" height=\"549\" src=\"https:\/\/diariotribuna.com.br\/wp-content\/uploads\/2021\/06\/Sidileia-Barbosa-comprou-na-loja-By-Fiapo.jpg\" alt=\"\" data-id=\"10764\" data-link=\"https:\/\/diariotribuna.com.br\/?attachment_id=10764\" class=\"wp-image-10764\" srcset=\"https:\/\/diariotribuna.com.br\/wp-content\/uploads\/2021\/06\/Sidileia-Barbosa-comprou-na-loja-By-Fiapo.jpg 700w, https:\/\/diariotribuna.com.br\/wp-content\/uploads\/2021\/06\/Sidileia-Barbosa-comprou-na-loja-By-Fiapo-300x235.jpg 300w, https:\/\/diariotribuna.com.br\/wp-content\/uploads\/2021\/06\/Sidileia-Barbosa-comprou-na-loja-By-Fiapo-696x546.jpg 696w, https:\/\/diariotribuna.com.br\/wp-content\/uploads\/2021\/06\/Sidileia-Barbosa-comprou-na-loja-By-Fiapo-536x420.jpg 536w\" sizes=\"(max-width: 700px) 100vw, 700px\" \/><figcaption class=\"blocks-gallery-item__caption\"><strong>Contemplada Sidileia Barbosa &#8211; comprou na loja By Fiapo<\/strong><\/figcaption><\/figure><\/li><li class=\"blocks-gallery-item\"><figure><img loading=\"lazy\" decoding=\"async\" width=\"700\" height=\"463\" src=\"https:\/\/diariotribuna.com.br\/wp-content\/uploads\/2021\/06\/4-10.jpg\" alt=\"\" data-id=\"10759\" data-link=\"https:\/\/diariotribuna.com.br\/?attachment_id=10759\" class=\"wp-image-10759\" srcset=\"https:\/\/diariotribuna.com.br\/wp-content\/uploads\/2021\/06\/4-10.jpg 700w, https:\/\/diariotribuna.com.br\/wp-content\/uploads\/2021\/06\/4-10-300x198.jpg 300w, https:\/\/diariotribuna.com.br\/wp-content\/uploads\/2021\/06\/4-10-696x460.jpg 696w, https:\/\/diariotribuna.com.br\/wp-content\/uploads\/2021\/06\/4-10-635x420.jpg 635w\" sizes=\"(max-width: 700px) 100vw, 700px\" \/><figcaption class=\"blocks-gallery-item__caption\"><strong>Presidente Frank Alves, com colaboradores e parceiros da campanha Compra Premiada CDL 2021<\/strong><\/figcaption><\/figure><\/li><\/ul><\/figure>\n","protected":false},"excerpt":{"rendered":"<p>A C\u00e2mara de Dirigentes Lojistas de Te\u00f3filo Otoni (CDL-TO) realizou sorteio de pr\u00eamios na campanha Compra Premiada CDL 2021, na sexta-feira (18\/06), alusivo ao Dia dos Namorados. O sorteio foi transmitido ao vivo pelas redes sociais da CDL-TO, na apresenta\u00e7\u00e3o de Alan Souza, e contemplou duas mulheres com vale compras no valor de R$1.000,00 cada. [&hellip;]<\/p>\n","protected":false},"author":1,"featured_media":10754,"comment_status":"open","ping_status":"open","sticky":false,"template":"","format":"standard","meta":{"rop_custom_images_group":[],"rop_custom_messages_group":[],"rop_publish_now":"initial","rop_publish_now_accounts":[],"rop_publish_now_history":[],"rop_publish_now_status":"pending","footnotes":""},"categories":[17],"tags":[1089,3127,3250,3126,75],"class_list":["post-10753","post","type-post","status-publish","format-standard","has-post-thumbnail","hentry","category-teofilootoni","tag-cdl-to","tag-compra-premiada-2021","tag-dia-dos-namorados","tag-sorteio","tag-teofilo-otoni"],"_links":{"self":[{"href":"https:\/\/diariotribuna.com.br\/index.php?rest_route=\/wp\/v2\/posts\/10753"}],"collection":[{"href":"https:\/\/diariotribuna.com.br\/index.php?rest_route=\/wp\/v2\/posts"}],"about":[{"href":"https:\/\/diariotribuna.com.br\/index.php?rest_route=\/wp\/v2\/types\/post"}],"author":[{"embeddable":true,"href":"https:\/\/diariotribuna.com.br\/index.php?rest_route=\/wp\/v2\/users\/1"}],"replies":[{"embeddable":true,"href":"https:\/\/diariotribuna.com.br\/index.php?rest_route=%2Fwp%2Fv2%2Fcomments&post=10753"}],"version-history":[{"count":1,"href":"https:\/\/diariotribuna.com.br\/index.php?rest_route=\/wp\/v2\/posts\/10753\/revisions"}],"predecessor-version":[{"id":10766,"href":"https:\/\/diariotribuna.com.br\/index.php?rest_route=\/wp\/v2\/posts\/10753\/revisions\/10766"}],"wp:featuredmedia":[{"embeddable":true,"href":"https:\/\/diariotribuna.com.br\/index.php?rest_route=\/wp\/v2\/media\/10754"}],"wp:attachment":[{"href":"https:\/\/diariotribuna.com.br\/index.php?rest_route=%2Fwp%2Fv2%2Fmedia&parent=10753"}],"wp:term":[{"taxonomy":"category","embeddable":true,"href":"https:\/\/diariotribuna.com.br\/index.php?rest_route=%2Fwp%2Fv2%2Fcategories&post=10753"},{"taxonomy":"post_tag","embeddable":true,"href":"https:\/\/diariotribuna.com.br\/index.php?rest_route=%2Fwp%2Fv2%2Ftags&post=10753"}],"curies":[{"name":"wp","href":"https:\/\/api.w.org\/{rel}","templated":true}]}}