{"id":10772,"date":"2021-06-27T21:54:04","date_gmt":"2021-06-28T00:54:04","guid":{"rendered":"https:\/\/diariotribuna.com.br\/?p=10772"},"modified":"2021-06-27T22:03:35","modified_gmt":"2021-06-28T01:03:35","slug":"28a-subsecao-da-oab-mg-inaugura-o-espaco-meu-escritorio-que-recebe-o-nome-da-sala-dr-dalton-cunha-melo","status":"publish","type":"post","link":"https:\/\/diariotribuna.com.br\/?p=10772","title":{"rendered":"28\u00aa Subse\u00e7\u00e3o da OAB\/MG inaugura o espa\u00e7o Meu Escrit\u00f3rio que recebe o nome da \u201cSala Dr. Dalton Cunha Melo\u201d"},"content":{"rendered":"\n<figure class=\"wp-block-gallery columns-3 is-cropped wp-block-gallery-1 is-layout-flex wp-block-gallery-is-layout-flex\"><ul class=\"blocks-gallery-grid\"><li class=\"blocks-gallery-item\"><figure><img loading=\"lazy\" decoding=\"async\" width=\"700\" height=\"463\" src=\"https:\/\/diariotribuna.com.br\/wp-content\/uploads\/2021\/06\/DSC_5031.jpg\" alt=\"\" data-id=\"10773\" data-link=\"https:\/\/diariotribuna.com.br\/?attachment_id=10773\" class=\"wp-image-10773\" srcset=\"https:\/\/diariotribuna.com.br\/wp-content\/uploads\/2021\/06\/DSC_5031.jpg 700w, https:\/\/diariotribuna.com.br\/wp-content\/uploads\/2021\/06\/DSC_5031-300x198.jpg 300w, https:\/\/diariotribuna.com.br\/wp-content\/uploads\/2021\/06\/DSC_5031-696x460.jpg 696w, https:\/\/diariotribuna.com.br\/wp-content\/uploads\/2021\/06\/DSC_5031-635x420.jpg 635w\" sizes=\"(max-width: 700px) 100vw, 700px\" \/><\/figure><\/li><li class=\"blocks-gallery-item\"><figure><img loading=\"lazy\" decoding=\"async\" width=\"1024\" height=\"766\" src=\"https:\/\/diariotribuna.com.br\/wp-content\/uploads\/2021\/06\/1-15-1024x766.jpg\" alt=\"\" data-id=\"10785\" data-full-url=\"https:\/\/diariotribuna.com.br\/wp-content\/uploads\/2021\/06\/1-15.jpg\" data-link=\"https:\/\/diariotribuna.com.br\/?attachment_id=10785\" class=\"wp-image-10785\" srcset=\"https:\/\/diariotribuna.com.br\/wp-content\/uploads\/2021\/06\/1-15-1024x766.jpg 1024w, https:\/\/diariotribuna.com.br\/wp-content\/uploads\/2021\/06\/1-15-300x225.jpg 300w, https:\/\/diariotribuna.com.br\/wp-content\/uploads\/2021\/06\/1-15-768x575.jpg 768w, https:\/\/diariotribuna.com.br\/wp-content\/uploads\/2021\/06\/1-15-80x60.jpg 80w, https:\/\/diariotribuna.com.br\/wp-content\/uploads\/2021\/06\/1-15-265x198.jpg 265w, https:\/\/diariotribuna.com.br\/wp-content\/uploads\/2021\/06\/1-15-696x521.jpg 696w, https:\/\/diariotribuna.com.br\/wp-content\/uploads\/2021\/06\/1-15-1068x799.jpg 1068w, https:\/\/diariotribuna.com.br\/wp-content\/uploads\/2021\/06\/1-15-561x420.jpg 561w, https:\/\/diariotribuna.com.br\/wp-content\/uploads\/2021\/06\/1-15.jpg 1280w\" sizes=\"(max-width: 1024px) 100vw, 1024px\" \/><\/figure><\/li><li class=\"blocks-gallery-item\"><figure><img loading=\"lazy\" decoding=\"async\" width=\"700\" height=\"463\" src=\"https:\/\/diariotribuna.com.br\/wp-content\/uploads\/2021\/06\/DSC_5038.jpg\" alt=\"\" data-id=\"10775\" data-link=\"https:\/\/diariotribuna.com.br\/?attachment_id=10775\" class=\"wp-image-10775\" srcset=\"https:\/\/diariotribuna.com.br\/wp-content\/uploads\/2021\/06\/DSC_5038.jpg 700w, https:\/\/diariotribuna.com.br\/wp-content\/uploads\/2021\/06\/DSC_5038-300x198.jpg 300w, https:\/\/diariotribuna.com.br\/wp-content\/uploads\/2021\/06\/DSC_5038-696x460.jpg 696w, https:\/\/diariotribuna.com.br\/wp-content\/uploads\/2021\/06\/DSC_5038-635x420.jpg 635w\" sizes=\"(max-width: 700px) 100vw, 700px\" \/><\/figure><\/li><\/ul><\/figure>\n\n\n\n<p>A 28\u00aa Subse\u00e7\u00e3o da OAB\/MG \u2013 Te\u00f3filo Otoni realizou solenidade na ter\u00e7a-feira (22\/06\/2021), para inaugura\u00e7\u00e3o do <strong><span class=\"has-inline-color has-vivid-red-color\">\u201cMeu Escrit\u00f3rio \u2013 Centro de Excel\u00eancia Jur\u00eddica\u201d, que recebeu o nome de \u201cSala Dr. Dalton Cunha Melo\u201d. A presidente da 28\u00aa Subse\u00e7\u00e3o da OAB, dra. Maria Beatriz Cunha Cicci Neves,<\/span><\/strong> em seu pronunciamento, ressaltou que tem mais de um ano que n\u00e3o fazia evento presencial na OAB, e nesta data foi realizado seguindo todos os protocolos sanit\u00e1rios devido \u00e0 pandemia da Covid-19, e estava muito feliz pelo momento.<\/p>\n\n\n\n<p>Ela agradeceu a presen\u00e7a do presidente da Caixa de Assist\u00eancia aos Advogados (CAA), dr. Luiz Cl\u00e1udio. <strong><span class=\"has-inline-color has-vivid-red-color\">\u201cNosso eterno presidente da Caixa e da OAB\u201d<\/span><\/strong>, disse. Agradeceu tamb\u00e9m a presen\u00e7a do dr. Elias, que representou os colegas de Governador Valadares, e a dra. Ana Carolina e todos os convidados ali presentes, ressaltando que, todos s\u00e3o muito importantes para a OAB. \u201cPorque s\u00e3o pessoas que nos ajudam. N\u00f3s colocamos a OAB, na quest\u00e3o dos processos administrativos, como tem que ser\u201d. Ela destaca que o espa\u00e7o compartilhado vai ser muito importante para todos os advogados, tanto os jovens como para os mais velhos.<\/p>\n\n\n\n<figure class=\"wp-block-image size-large is-resized is-style-default\"><img loading=\"lazy\" decoding=\"async\" src=\"https:\/\/diariotribuna.com.br\/wp-content\/uploads\/2021\/06\/unnamed-file-4.jpg\" alt=\"\" class=\"wp-image-10777\" width=\"623\" height=\"350\" srcset=\"https:\/\/diariotribuna.com.br\/wp-content\/uploads\/2021\/06\/unnamed-file-4.jpg 700w, https:\/\/diariotribuna.com.br\/wp-content\/uploads\/2021\/06\/unnamed-file-4-300x168.jpg 300w, https:\/\/diariotribuna.com.br\/wp-content\/uploads\/2021\/06\/unnamed-file-4-696x391.jpg 696w\" sizes=\"(max-width: 623px) 100vw, 623px\" \/><figcaption><strong><strong>Meu Escrit\u00f3rio \u2013 Centro de Excel\u00eancia Jur\u00eddica<\/strong><\/strong>: <strong><strong>\u201cSala Dr. Dalton Cunha Melo\u201d<\/strong><\/strong><\/figcaption><\/figure>\n\n\n\n<p><strong><span class=\"has-inline-color has-vivid-red-color\">O espa\u00e7o denominado \u201cMeu Escrit\u00f3rio\u201d<\/span><\/strong> est\u00e1 muito bem equipado, com ar condicionado, v\u00e1rios computadores, internet, telefone, conta com uma sala para atendimento individual, um espa\u00e7o que atende todas as necessidades do advogado e est\u00e1 localizado ao lado da sede da OAB, no Bairro Marajoara.<\/p>\n\n\n\n<p>A dra. Beatriz anunciou que a diretoria deliberou o nome do espa\u00e7o como <strong><span class=\"has-inline-color has-vivid-red-color\">\u201cSala Dr. Dalton Cunha Melo\u201d<\/span><\/strong>, uma homenagem justa a um advogado que lutou muito pela justi\u00e7a, com uma orat\u00f3ria excepcional, participativo, ligava pra ela pelas manh\u00e3 dando sugest\u00f5es de como ela poderia fazer, e ela dizia sim aos seus conselhos e orienta\u00e7\u00f5es. \u201cE ele gostava de participar, quando ele vinha aqui na OAB ele se sentia em casa. Para n\u00f3s \u00e9 um momento de alegria, de uma homenagem muito especial, muito justa. Queremos lembrar dele assim como ele est\u00e1 na foto da placa que est\u00e1 sendo descerrada aqui agora\u201d.<\/p>\n\n\n\n<figure class=\"wp-block-gallery columns-2 is-cropped wp-block-gallery-2 is-layout-flex wp-block-gallery-is-layout-flex\"><ul class=\"blocks-gallery-grid\"><li class=\"blocks-gallery-item\"><figure><img loading=\"lazy\" decoding=\"async\" width=\"700\" height=\"463\" src=\"https:\/\/diariotribuna.com.br\/wp-content\/uploads\/2021\/06\/2-19.jpg\" alt=\"\" data-id=\"10790\" data-link=\"https:\/\/diariotribuna.com.br\/?attachment_id=10790\" class=\"wp-image-10790\" srcset=\"https:\/\/diariotribuna.com.br\/wp-content\/uploads\/2021\/06\/2-19.jpg 700w, https:\/\/diariotribuna.com.br\/wp-content\/uploads\/2021\/06\/2-19-300x198.jpg 300w, https:\/\/diariotribuna.com.br\/wp-content\/uploads\/2021\/06\/2-19-696x460.jpg 696w, https:\/\/diariotribuna.com.br\/wp-content\/uploads\/2021\/06\/2-19-635x420.jpg 635w\" sizes=\"(max-width: 700px) 100vw, 700px\" \/><\/figure><\/li><li class=\"blocks-gallery-item\"><figure><img loading=\"lazy\" decoding=\"async\" width=\"700\" height=\"463\" src=\"https:\/\/diariotribuna.com.br\/wp-content\/uploads\/2021\/06\/14-1.jpg\" alt=\"\" data-id=\"10791\" data-full-url=\"https:\/\/diariotribuna.com.br\/wp-content\/uploads\/2021\/06\/14-1.jpg\" data-link=\"https:\/\/diariotribuna.com.br\/?attachment_id=10791\" class=\"wp-image-10791\" srcset=\"https:\/\/diariotribuna.com.br\/wp-content\/uploads\/2021\/06\/14-1.jpg 700w, https:\/\/diariotribuna.com.br\/wp-content\/uploads\/2021\/06\/14-1-300x198.jpg 300w, https:\/\/diariotribuna.com.br\/wp-content\/uploads\/2021\/06\/14-1-696x460.jpg 696w, https:\/\/diariotribuna.com.br\/wp-content\/uploads\/2021\/06\/14-1-635x420.jpg 635w\" sizes=\"(max-width: 700px) 100vw, 700px\" \/><\/figure><\/li><\/ul><\/figure>\n\n\n\n<p><strong><span class=\"has-inline-color has-vivid-red-color\">O presidente da Caixa de Assist\u00eancia dos Advogados (CAA\/MG), dr. Luiz Cl\u00e1udio<\/span><\/strong>, que \u00e9 cidad\u00e3o Honor\u00e1rio de Te\u00f3filo Otoni, esteve presente na solenidade e saudou a todos em nome da dra. Beatriz. \u201cEssa dign\u00edssima e competente dirigente da Subse\u00e7\u00e3o e da OAB, uma l\u00edder j\u00e1 estadual, que tem prestado grande parte do seu tempo, na luta pela defesa da advocacia de Te\u00f3filo Otoni e regi\u00e3o. Quero abra\u00e7ar tamb\u00e9m o Reynaldo, amigo de longa data, um conselheiro querido e respeitado no Conselho Seccional da OAB\/MG\u201d.<\/p>\n\n\n\n<p>Dr. Luiz Cl\u00e1udio explica que, verificou a necessidade de atender, n\u00e3o s\u00f3 a advocacia em tempo de pandemia, com aux\u00edlios pecuni\u00e1rios, mas viu tamb\u00e9m a necessidade de montar um escrit\u00f3rio compartilhado, que trouxesse economia e praticidade para o advogado, que muitas vezes num momento de crise teve que fechar o seu escrit\u00f3rio, por n\u00e3o conseguir arcar com todas as despesas. \u201c\u00c9 um escrit\u00f3rio muito bem montado aqui, quero parabenizar a presidente Beatriz, sempre cuidadosa e zelosa com a advocacia de Te\u00f3filo Otoni e da regi\u00e3o. N\u00f3s fizemos essa parceria importante para propiciar mais esse benef\u00edcio \u00e0 advocacia\u201d, disse.<\/p>\n\n\n\n<figure class=\"wp-block-gallery columns-2 is-cropped wp-block-gallery-3 is-layout-flex wp-block-gallery-is-layout-flex\"><ul class=\"blocks-gallery-grid\"><li class=\"blocks-gallery-item\"><figure><img loading=\"lazy\" decoding=\"async\" width=\"700\" height=\"463\" src=\"https:\/\/diariotribuna.com.br\/wp-content\/uploads\/2021\/06\/5-12.jpg\" alt=\"\" data-id=\"10780\" data-link=\"https:\/\/diariotribuna.com.br\/?attachment_id=10780\" class=\"wp-image-10780\" srcset=\"https:\/\/diariotribuna.com.br\/wp-content\/uploads\/2021\/06\/5-12.jpg 700w, https:\/\/diariotribuna.com.br\/wp-content\/uploads\/2021\/06\/5-12-300x198.jpg 300w, https:\/\/diariotribuna.com.br\/wp-content\/uploads\/2021\/06\/5-12-696x460.jpg 696w, https:\/\/diariotribuna.com.br\/wp-content\/uploads\/2021\/06\/5-12-635x420.jpg 635w\" sizes=\"(max-width: 700px) 100vw, 700px\" \/><\/figure><\/li><li class=\"blocks-gallery-item\"><figure><img loading=\"lazy\" decoding=\"async\" width=\"1024\" height=\"678\" src=\"https:\/\/diariotribuna.com.br\/wp-content\/uploads\/2021\/06\/6-6-1024x678.jpg\" alt=\"\" data-id=\"10781\" data-full-url=\"https:\/\/diariotribuna.com.br\/wp-content\/uploads\/2021\/06\/6-6.jpg\" data-link=\"https:\/\/diariotribuna.com.br\/?attachment_id=10781\" class=\"wp-image-10781\" srcset=\"https:\/\/diariotribuna.com.br\/wp-content\/uploads\/2021\/06\/6-6-1024x678.jpg 1024w, https:\/\/diariotribuna.com.br\/wp-content\/uploads\/2021\/06\/6-6-300x199.jpg 300w, https:\/\/diariotribuna.com.br\/wp-content\/uploads\/2021\/06\/6-6-768x508.jpg 768w, https:\/\/diariotribuna.com.br\/wp-content\/uploads\/2021\/06\/6-6-696x461.jpg 696w, https:\/\/diariotribuna.com.br\/wp-content\/uploads\/2021\/06\/6-6-1068x707.jpg 1068w, https:\/\/diariotribuna.com.br\/wp-content\/uploads\/2021\/06\/6-6-634x420.jpg 634w, https:\/\/diariotribuna.com.br\/wp-content\/uploads\/2021\/06\/6-6.jpg 1240w\" sizes=\"(max-width: 1024px) 100vw, 1024px\" \/><\/figure><\/li><\/ul><\/figure>\n\n\n\n<p><strong><span class=\"has-inline-color has-vivid-red-color\">Agradecimento &#8211;<\/span><\/strong> A fam\u00edlia de dr. Dalton presenteou a 28\u00aa Subse\u00e7\u00e3o da OAB com uma linda pe\u00e7a de madeira com uma placa afixada, material oriundo da sua fazenda. A pe\u00e7a vai ficar dentro da sala como uma lembran\u00e7a dele. A fam\u00edlia de dr. Dalton foi representada pelo m\u00e9dico pediatra, <strong><span class=\"has-inline-color has-vivid-red-color\">dr. Jo\u00e3o Carlos Cunha Melo<\/span><\/strong> e pelo advogado, <strong><span class=\"has-inline-color has-vivid-red-color\">dr. Arthur Rausch Silva<\/span><\/strong>. Dr. Jo\u00e3o \u00e9 o seu sobrinho, conviveu com ele como um filho, e dr. Arthur era o seu s\u00f3cio no escrit\u00f3rio. Estava previsto a presen\u00e7a da filha dele, mas n\u00e3o p\u00f4de comparecer por quest\u00f5es de sa\u00fade.<\/p>\n\n\n\n<figure class=\"wp-block-image size-large is-resized is-style-default\"><img loading=\"lazy\" decoding=\"async\" src=\"https:\/\/diariotribuna.com.br\/wp-content\/uploads\/2021\/06\/4-12.jpg\" alt=\"\" class=\"wp-image-10782\" width=\"492\" height=\"325\" srcset=\"https:\/\/diariotribuna.com.br\/wp-content\/uploads\/2021\/06\/4-12.jpg 700w, https:\/\/diariotribuna.com.br\/wp-content\/uploads\/2021\/06\/4-12-300x198.jpg 300w, https:\/\/diariotribuna.com.br\/wp-content\/uploads\/2021\/06\/4-12-696x460.jpg 696w, https:\/\/diariotribuna.com.br\/wp-content\/uploads\/2021\/06\/4-12-635x420.jpg 635w\" sizes=\"(max-width: 492px) 100vw, 492px\" \/><\/figure>\n\n\n\n<p>Com rela\u00e7\u00e3o \u00e0 <strong><span class=\"has-inline-color has-vivid-red-color\">pe\u00e7a doada \u00e0 28\u00aa Subse\u00e7\u00e3o da OAB<\/span><\/strong>, o dr. Jo\u00e3o Carlos explicou a pedido da fam\u00edlia, que foi a \u00faltima coisa retirada da fazenda quando foi vendida. \u201cA tia Cileia teve a ideia de partir essa madeira, \u00e9 uma peroba rosa, em v\u00e1rios peda\u00e7os, e foi um para cada filho. E eu tive a honra de receber uma que est\u00e1 l\u00e1 na minha casa. <strong><span class=\"has-inline-color has-vivid-red-color\">O dr. Jo\u00e3o Carlos, em nome da fam\u00edlia, agradeceu pela homenagem prestada ao dr. Dalton, e leu um texto que a tia dele escreveu:<\/span><\/strong><\/p>\n\n\n\n<p><em>\u201cDesde que fomos informados a respeito da inaugura\u00e7\u00e3o da Sala Dr. Dalton Cunha Melo, a nossa inten\u00e7\u00e3o era comparecer presencialmente ao evento, para manifestar nossa honra e felicidade com tal homenagem. No entanto, todos os membros da fam\u00edlia do homenageado est\u00e3o ainda se recuperando da Covid-19 (fam\u00edlia unida d\u00e1 nisso). Resolvemos, ent\u00e3o, encaminhar por meio do nosso representante dr. Jo\u00e3o Carlos, essa pe\u00e7a de madeira gravada com suas iniciais DC, com intuito de impregnar com seu esp\u00edrito de uni\u00e3o e justi\u00e7a este escrit\u00f3rio, tornando-o agrad\u00e1vel e \u00fatil para os advogados que fizerem uso deste espa\u00e7o.<\/em><\/p>\n\n\n\n<p><em>A homenagem que esta 28\u00aa Subse\u00e7\u00e3o presta ao Dalton hoje consegue amenizar em, alguma medida, o vazio e nos d\u00e1 a certeza que ele deixou frutos \u2013 marcou o cora\u00e7\u00e3o dos senhores e senhoras. Isso, para a fam\u00edlia dele, materializa aquela ideia de continuidade, daqueles que como n\u00f3s, o admiravam e o amavam.<\/em><\/p>\n\n\n\n<p><em><strong><span class=\"has-inline-color has-vivid-red-color\">Agradecemos emocionados esta homenagem:<\/span><\/strong> \u00c0 OAB\/MG na pessoa do presidente dr. Raimundo C\u00e2ndido Junior; \u00e0 CAA\/MG na pessoa do seu presidente, dr. Luiz Cl\u00e1udio Chaves; \u00e0 28\u00aa Subse\u00e7\u00e3o da OAB\/MG, na pessoa da sua presidente dra. Maria Beatriz Cunha Cicci Neves. Extensivos a todos os advogados, funcion\u00e1rios e amigos que ele deixou nesta comarca, o nosso muito obrigado\u201d.<\/em><\/p>\n\n\n\n<p><strong>Belo Horizonte, 22\/06\/2021<\/strong><\/p>\n\n\n\n<p><strong><span class=\"has-inline-color has-vivid-red-color\">Cileia, Cintia, C\u00e9lia, Dalton Jr e Wenceslau<\/span><\/strong><\/p>\n\n\n\n<figure class=\"wp-block-image size-large is-resized is-style-default\"><img loading=\"lazy\" decoding=\"async\" src=\"https:\/\/diariotribuna.com.br\/wp-content\/uploads\/2021\/06\/7-5-1024x678.jpg\" alt=\"\" class=\"wp-image-10783\" width=\"531\" height=\"351\" srcset=\"https:\/\/diariotribuna.com.br\/wp-content\/uploads\/2021\/06\/7-5-1024x678.jpg 1024w, https:\/\/diariotribuna.com.br\/wp-content\/uploads\/2021\/06\/7-5-300x199.jpg 300w, https:\/\/diariotribuna.com.br\/wp-content\/uploads\/2021\/06\/7-5-768x508.jpg 768w, https:\/\/diariotribuna.com.br\/wp-content\/uploads\/2021\/06\/7-5-696x461.jpg 696w, https:\/\/diariotribuna.com.br\/wp-content\/uploads\/2021\/06\/7-5-1068x707.jpg 1068w, https:\/\/diariotribuna.com.br\/wp-content\/uploads\/2021\/06\/7-5-634x420.jpg 634w, https:\/\/diariotribuna.com.br\/wp-content\/uploads\/2021\/06\/7-5.jpg 1240w\" sizes=\"(max-width: 531px) 100vw, 531px\" \/><\/figure>\n\n\n\n<p><strong><span class=\"has-inline-color has-vivid-red-color\">O advogado, dr. Arthur Rausch Silva<\/span><\/strong>, que foi s\u00f3cio do escrit\u00f3rio de advocacia com o dr. Dalton Cunha Melo, pontuou no seu pronunciamento que se tornou colega dele, e mais do que isso, se tornou um familiar por afinidade. \u201cA perda de dr. Dalton foi algo muito marcante pra todos n\u00f3s. Primeiro que nos pegou de surpresa, e a pessoa que ele representou na nossa vida\u201d, disse. Ele frisou que era com muita alegria, honra, e ao mesmo tempo, com um toque de saudade no peito, que fez uso da palavra para agradecer, em seu nome, e, especialmente, em nome dos familiares, \u00e0 28\u00aa Subse\u00e7\u00e3o da OAB pela homenagem que lhe \u00e9 feita, dado ao espa\u00e7o, de forma merecida, o seu nome.<\/p>\n\n\n\n<p>\u201cQuanto \u00e0 iniciativa da 28\u00aa Subse\u00e7\u00e3o da OAB, em criar uma esta\u00e7\u00e3o de trabalho para os advogados, em espa\u00e7o compartilhado, para os profissionais do direito, agrade\u00e7o, de forma especial a atual presid\u00eancia, cuja mesma, sempre est\u00e1 lutando pela melhoria da nossa valoriza\u00e7\u00e3o da classe. Essa iniciativa, al\u00e9m de ser um ato louv\u00e1vel, pela inova\u00e7\u00e3o, e excelente gest\u00e3o, vai de encontro com o pensamento do dr. Dalton, e, ainda, com a realidade econ\u00f4mico-financeira mundial, causada pela pandemia, pela qual o mundo est\u00e1 passando\u201d, disse dr. Arthur<\/p>\n\n\n\n<figure class=\"wp-block-gallery columns-2 is-cropped wp-block-gallery-4 is-layout-flex wp-block-gallery-is-layout-flex\"><ul class=\"blocks-gallery-grid\"><li class=\"blocks-gallery-item\"><figure><img loading=\"lazy\" decoding=\"async\" width=\"700\" height=\"463\" src=\"https:\/\/diariotribuna.com.br\/wp-content\/uploads\/2021\/06\/10-1.jpg\" alt=\"\" data-id=\"10789\" data-full-url=\"https:\/\/diariotribuna.com.br\/wp-content\/uploads\/2021\/06\/10-1.jpg\" data-link=\"https:\/\/diariotribuna.com.br\/?attachment_id=10789\" class=\"wp-image-10789\" srcset=\"https:\/\/diariotribuna.com.br\/wp-content\/uploads\/2021\/06\/10-1.jpg 700w, https:\/\/diariotribuna.com.br\/wp-content\/uploads\/2021\/06\/10-1-300x198.jpg 300w, https:\/\/diariotribuna.com.br\/wp-content\/uploads\/2021\/06\/10-1-696x460.jpg 696w, https:\/\/diariotribuna.com.br\/wp-content\/uploads\/2021\/06\/10-1-635x420.jpg 635w\" sizes=\"(max-width: 700px) 100vw, 700px\" \/><\/figure><\/li><li class=\"blocks-gallery-item\"><figure><img loading=\"lazy\" decoding=\"async\" width=\"700\" height=\"538\" src=\"https:\/\/diariotribuna.com.br\/wp-content\/uploads\/2021\/06\/16-3.jpg\" alt=\"\" data-id=\"10788\" data-link=\"https:\/\/diariotribuna.com.br\/?attachment_id=10788\" class=\"wp-image-10788\" srcset=\"https:\/\/diariotribuna.com.br\/wp-content\/uploads\/2021\/06\/16-3.jpg 700w, https:\/\/diariotribuna.com.br\/wp-content\/uploads\/2021\/06\/16-3-300x231.jpg 300w, https:\/\/diariotribuna.com.br\/wp-content\/uploads\/2021\/06\/16-3-80x60.jpg 80w, https:\/\/diariotribuna.com.br\/wp-content\/uploads\/2021\/06\/16-3-696x535.jpg 696w, https:\/\/diariotribuna.com.br\/wp-content\/uploads\/2021\/06\/16-3-546x420.jpg 546w\" sizes=\"(max-width: 700px) 100vw, 700px\" \/><\/figure><\/li><\/ul><\/figure>\n\n\n\n<p><span class=\"has-inline-color has-vivid-red-color\"><strong>Dr. Dalton Cunha Melo<\/strong>,<\/span> nasceu em Ara\u00e7ua\u00ed\/ MG, em 13\/02\/1937. Formou-se, pela Universidade Federal de Minas Gerais em Direito, em 10\/12\/1962. Imediatamente ap\u00f3s sua formatura, instalou-se como advogado em Mantena\/MG, onde iniciou sua vida profissional. Em 1970, mudou- -se para Te\u00f3filo Otoni\/MG, onde deu continuidade \u00e0 advocacia combativa, que o caracterizava. Al\u00e9m de um baluarte na Advocacia Mineira, foi professor na Funda\u00e7\u00e3o Educacional do Nordeste Mineiro (FENORD), lecionando as cadeiras de direito civil e comercial.<\/p>\n\n\n\n<p>Como advogado, desenvolveu um papel importante na sociedade de Te\u00f3filo Otoni e regi\u00e3o, defendendo as prerrogativas da advocacia e da cidadania, sendo eleito, por dois mandatos, como conselheiro da Ordem dos Advogados do Brasil \u2013 Se\u00e7\u00e3o Minas Gerais. Como advogado, sempre se envolveu de corpo e alma no exerc\u00edcio da sua profiss\u00e3o. Como ser humano, pai, amigo e mestre, deixou ensinamentos indel\u00e9veis que se perpetuaram no tempo e no espa\u00e7o. Contudo, somente aqueles que tiveram a oportunidade de conv\u00edvio com o dr. Dalton, saber\u00e3o o quanto o mesmo representou e marcou, com os seus ensinamentos e conselhos. Dr. Dalton faleceu em 23\/04\/2019.<\/p>\n\n\n\n<figure class=\"wp-block-gallery columns-2 is-cropped wp-block-gallery-5 is-layout-flex wp-block-gallery-is-layout-flex\"><ul class=\"blocks-gallery-grid\"><li class=\"blocks-gallery-item\"><figure><img loading=\"lazy\" decoding=\"async\" width=\"700\" height=\"463\" src=\"https:\/\/diariotribuna.com.br\/wp-content\/uploads\/2021\/06\/11-1.jpg\" alt=\"\" data-id=\"10787\" data-full-url=\"https:\/\/diariotribuna.com.br\/wp-content\/uploads\/2021\/06\/11-1.jpg\" data-link=\"https:\/\/diariotribuna.com.br\/?attachment_id=10787\" class=\"wp-image-10787\" srcset=\"https:\/\/diariotribuna.com.br\/wp-content\/uploads\/2021\/06\/11-1.jpg 700w, https:\/\/diariotribuna.com.br\/wp-content\/uploads\/2021\/06\/11-1-300x198.jpg 300w, https:\/\/diariotribuna.com.br\/wp-content\/uploads\/2021\/06\/11-1-696x460.jpg 696w, https:\/\/diariotribuna.com.br\/wp-content\/uploads\/2021\/06\/11-1-635x420.jpg 635w\" sizes=\"(max-width: 700px) 100vw, 700px\" \/><\/figure><\/li><li class=\"blocks-gallery-item\"><figure><img loading=\"lazy\" decoding=\"async\" width=\"700\" height=\"549\" src=\"https:\/\/diariotribuna.com.br\/wp-content\/uploads\/2021\/06\/unnamed-file-5.jpg\" alt=\"\" data-id=\"10786\" data-link=\"https:\/\/diariotribuna.com.br\/?attachment_id=10786\" class=\"wp-image-10786\" srcset=\"https:\/\/diariotribuna.com.br\/wp-content\/uploads\/2021\/06\/unnamed-file-5.jpg 700w, https:\/\/diariotribuna.com.br\/wp-content\/uploads\/2021\/06\/unnamed-file-5-300x235.jpg 300w, https:\/\/diariotribuna.com.br\/wp-content\/uploads\/2021\/06\/unnamed-file-5-696x546.jpg 696w, https:\/\/diariotribuna.com.br\/wp-content\/uploads\/2021\/06\/unnamed-file-5-536x420.jpg 536w\" sizes=\"(max-width: 700px) 100vw, 700px\" \/><\/figure><\/li><\/ul><\/figure>\n\n\n\n<p><span class=\"has-inline-color has-vivid-red-color\"><strong>O Conselheiro Seccional da OAB de Minas Gerais, dr. Reynaldo do Carmo Neves<\/strong>,<\/span> falou da import\u00e2ncia da instala\u00e7\u00e3o do \u201cMeu Escrit\u00f3rio\u201d. Ele explicou que, \u00e0s vezes n\u00e3o \u00e9 dado o devido valor \u00e0s a\u00e7\u00f5es da OAB, mas para apoio ao advogado, a OAB instalou v\u00e1rias salas dentro de \u00f3rg\u00e3os e institui\u00e7\u00f5es de Te\u00f3filo Otoni, como: Justi\u00e7a Federal, Justi\u00e7a do Trabalho, Justi\u00e7a Comum, Juizado Especial, Delegacia de Pol\u00edcia Civil, uma na pr\u00f3pria sede da OAB, vai ser instalada uma sala no pres\u00eddio e tamb\u00e9m na penitenci\u00e1ria, ou seja, est\u00e1 dando todo o suporte que o advogado precisa para desempenhar o seu trabalho. \u201c\u00c0s vezes eu vejo pessoas questionando o que a OAB faz, ela faz muito, estou dando exemplo de salas. N\u00e3o tem nenhum outro Conselho que tenha uma quantidade dispon\u00edvel de unidade f\u00edsica para os seus filiados como tem a OAB\u201d, disse.<\/p>\n\n\n\n<p>Dr. Reynaldo ficou satisfeito com o nome dado \u00e0 sala. \u201cDr. Dalton foi um advogado \u00edntegro e honrado, defendeu a democracia na \u00e9poca mais dif\u00edcil, da ditadura militar, em que o advogado para fazer o seu trabalho, era quase considerado um crime. Ele teve que ir a Juiz de Fora na defesa de um cliente, e quase foi preso por um general. Quando ele chegou, teve que ir a uma fazenda onde esse general se encontrava, quando ele se aproximou, puseram a arma em sua dire\u00e7\u00e3o. Ele falou \u2013 \u201camigo estou aqui em fun\u00e7\u00e3o de paz\u201d. E assim, foi um homem que defendeu os interesses dos seus clientes, engrandeceu a advocacia da regi\u00e3o e de Minas Gerais. Eu fiquei muito satisfeito de termos o nome dele. Vim aqui muito feliz hoje, pelo nome, ele era um amigo e t\u00ednhamos uma proximidade muito grande\u201d. Dr. Reynaldo agradeceu \u00e0 Caixa de Assist\u00eancia, porque os valores desprendidos para a instala\u00e7\u00e3o da sala foram disponibilizados pela CAA.<\/p>\n\n\n\n<figure class=\"wp-block-gallery columns-2 is-cropped wp-block-gallery-6 is-layout-flex wp-block-gallery-is-layout-flex\"><ul class=\"blocks-gallery-grid\"><li class=\"blocks-gallery-item\"><figure><img loading=\"lazy\" decoding=\"async\" width=\"700\" height=\"453\" src=\"https:\/\/diariotribuna.com.br\/wp-content\/uploads\/2021\/06\/12-2.jpg\" alt=\"\" data-id=\"10792\" data-link=\"https:\/\/diariotribuna.com.br\/?attachment_id=10792\" class=\"wp-image-10792\" srcset=\"https:\/\/diariotribuna.com.br\/wp-content\/uploads\/2021\/06\/12-2.jpg 700w, https:\/\/diariotribuna.com.br\/wp-content\/uploads\/2021\/06\/12-2-300x194.jpg 300w, https:\/\/diariotribuna.com.br\/wp-content\/uploads\/2021\/06\/12-2-696x450.jpg 696w, https:\/\/diariotribuna.com.br\/wp-content\/uploads\/2021\/06\/12-2-649x420.jpg 649w\" sizes=\"(max-width: 700px) 100vw, 700px\" \/><\/figure><\/li><li class=\"blocks-gallery-item\"><figure><img loading=\"lazy\" decoding=\"async\" width=\"700\" height=\"434\" src=\"https:\/\/diariotribuna.com.br\/wp-content\/uploads\/2021\/06\/13-1.jpg\" alt=\"\" data-id=\"10793\" data-link=\"https:\/\/diariotribuna.com.br\/?attachment_id=10793\" class=\"wp-image-10793\" srcset=\"https:\/\/diariotribuna.com.br\/wp-content\/uploads\/2021\/06\/13-1.jpg 700w, https:\/\/diariotribuna.com.br\/wp-content\/uploads\/2021\/06\/13-1-300x186.jpg 300w, https:\/\/diariotribuna.com.br\/wp-content\/uploads\/2021\/06\/13-1-356x220.jpg 356w, https:\/\/diariotribuna.com.br\/wp-content\/uploads\/2021\/06\/13-1-696x432.jpg 696w, https:\/\/diariotribuna.com.br\/wp-content\/uploads\/2021\/06\/13-1-677x420.jpg 677w\" sizes=\"(max-width: 700px) 100vw, 700px\" \/><\/figure><\/li><li class=\"blocks-gallery-item\"><figure><img loading=\"lazy\" decoding=\"async\" width=\"700\" height=\"463\" src=\"https:\/\/diariotribuna.com.br\/wp-content\/uploads\/2021\/06\/15-1.jpg\" alt=\"\" data-id=\"10794\" data-link=\"https:\/\/diariotribuna.com.br\/?attachment_id=10794\" class=\"wp-image-10794\" srcset=\"https:\/\/diariotribuna.com.br\/wp-content\/uploads\/2021\/06\/15-1.jpg 700w, https:\/\/diariotribuna.com.br\/wp-content\/uploads\/2021\/06\/15-1-300x198.jpg 300w, https:\/\/diariotribuna.com.br\/wp-content\/uploads\/2021\/06\/15-1-696x460.jpg 696w, https:\/\/diariotribuna.com.br\/wp-content\/uploads\/2021\/06\/15-1-635x420.jpg 635w\" sizes=\"(max-width: 700px) 100vw, 700px\" \/><\/figure><\/li><li class=\"blocks-gallery-item\"><figure><img loading=\"lazy\" decoding=\"async\" width=\"700\" height=\"461\" src=\"https:\/\/diariotribuna.com.br\/wp-content\/uploads\/2021\/06\/8-5.jpg\" alt=\"\" data-id=\"10795\" data-link=\"https:\/\/diariotribuna.com.br\/?attachment_id=10795\" class=\"wp-image-10795\" srcset=\"https:\/\/diariotribuna.com.br\/wp-content\/uploads\/2021\/06\/8-5.jpg 700w, https:\/\/diariotribuna.com.br\/wp-content\/uploads\/2021\/06\/8-5-300x198.jpg 300w, https:\/\/diariotribuna.com.br\/wp-content\/uploads\/2021\/06\/8-5-696x458.jpg 696w, https:\/\/diariotribuna.com.br\/wp-content\/uploads\/2021\/06\/8-5-638x420.jpg 638w\" sizes=\"(max-width: 700px) 100vw, 700px\" \/><\/figure><\/li><li class=\"blocks-gallery-item\"><figure><img loading=\"lazy\" decoding=\"async\" width=\"700\" height=\"454\" src=\"https:\/\/diariotribuna.com.br\/wp-content\/uploads\/2021\/06\/9-4.jpg\" alt=\"\" data-id=\"10796\" data-link=\"https:\/\/diariotribuna.com.br\/?attachment_id=10796\" class=\"wp-image-10796\" srcset=\"https:\/\/diariotribuna.com.br\/wp-content\/uploads\/2021\/06\/9-4.jpg 700w, https:\/\/diariotribuna.com.br\/wp-content\/uploads\/2021\/06\/9-4-300x195.jpg 300w, https:\/\/diariotribuna.com.br\/wp-content\/uploads\/2021\/06\/9-4-696x451.jpg 696w, https:\/\/diariotribuna.com.br\/wp-content\/uploads\/2021\/06\/9-4-648x420.jpg 648w\" sizes=\"(max-width: 700px) 100vw, 700px\" \/><\/figure><\/li><li class=\"blocks-gallery-item\"><figure><img loading=\"lazy\" decoding=\"async\" width=\"700\" height=\"393\" src=\"https:\/\/diariotribuna.com.br\/wp-content\/uploads\/2021\/06\/fdb2b1d9-935d-457a-8114-21eb1816b8af.jpg\" alt=\"\" data-id=\"10797\" data-full-url=\"https:\/\/diariotribuna.com.br\/wp-content\/uploads\/2021\/06\/fdb2b1d9-935d-457a-8114-21eb1816b8af.jpg\" data-link=\"https:\/\/diariotribuna.com.br\/?attachment_id=10797\" class=\"wp-image-10797\" srcset=\"https:\/\/diariotribuna.com.br\/wp-content\/uploads\/2021\/06\/fdb2b1d9-935d-457a-8114-21eb1816b8af.jpg 700w, https:\/\/diariotribuna.com.br\/wp-content\/uploads\/2021\/06\/fdb2b1d9-935d-457a-8114-21eb1816b8af-300x168.jpg 300w, https:\/\/diariotribuna.com.br\/wp-content\/uploads\/2021\/06\/fdb2b1d9-935d-457a-8114-21eb1816b8af-696x391.jpg 696w\" sizes=\"(max-width: 700px) 100vw, 700px\" \/><\/figure><\/li><\/ul><\/figure>\n","protected":false},"excerpt":{"rendered":"<p>A 28\u00aa Subse\u00e7\u00e3o da OAB\/MG \u2013 Te\u00f3filo Otoni realizou solenidade na ter\u00e7a-feira (22\/06\/2021), para inaugura\u00e7\u00e3o do \u201cMeu Escrit\u00f3rio \u2013 Centro de Excel\u00eancia Jur\u00eddica\u201d, que recebeu o nome de \u201cSala Dr. Dalton Cunha Melo\u201d. A presidente da 28\u00aa Subse\u00e7\u00e3o da OAB, dra. Maria Beatriz Cunha Cicci Neves, em seu pronunciamento, ressaltou que tem mais de um [&hellip;]<\/p>\n","protected":false},"author":1,"featured_media":10789,"comment_status":"open","ping_status":"open","sticky":false,"template":"","format":"standard","meta":{"rop_custom_images_group":[],"rop_custom_messages_group":[],"rop_publish_now":"initial","rop_publish_now_accounts":[],"rop_publish_now_history":[],"rop_publish_now_status":"pending","footnotes":""},"categories":[25,17],"tags":[536,3325,245,3324,3323,75],"class_list":["post-10772","post","type-post","status-publish","format-standard","has-post-thumbnail","hentry","category-destaque","category-teofilootoni","tag-28a-subsecao-da-oab-mg","tag-centro-de-excelencia-juridica","tag-inauguracao","tag-meu-escritorio","tag-sala-dr-dalton-cunha-melo","tag-teofilo-otoni"],"_links":{"self":[{"href":"https:\/\/diariotribuna.com.br\/index.php?rest_route=\/wp\/v2\/posts\/10772"}],"collection":[{"href":"https:\/\/diariotribuna.com.br\/index.php?rest_route=\/wp\/v2\/posts"}],"about":[{"href":"https:\/\/diariotribuna.com.br\/index.php?rest_route=\/wp\/v2\/types\/post"}],"author":[{"embeddable":true,"href":"https:\/\/diariotribuna.com.br\/index.php?rest_route=\/wp\/v2\/users\/1"}],"replies":[{"embeddable":true,"href":"https:\/\/diariotribuna.com.br\/index.php?rest_route=%2Fwp%2Fv2%2Fcomments&post=10772"}],"version-history":[{"count":4,"href":"https:\/\/diariotribuna.com.br\/index.php?rest_route=\/wp\/v2\/posts\/10772\/revisions"}],"predecessor-version":[{"id":10802,"href":"https:\/\/diariotribuna.com.br\/index.php?rest_route=\/wp\/v2\/posts\/10772\/revisions\/10802"}],"wp:featuredmedia":[{"embeddable":true,"href":"https:\/\/diariotribuna.com.br\/index.php?rest_route=\/wp\/v2\/media\/10789"}],"wp:attachment":[{"href":"https:\/\/diariotribuna.com.br\/index.php?rest_route=%2Fwp%2Fv2%2Fmedia&parent=10772"}],"wp:term":[{"taxonomy":"category","embeddable":true,"href":"https:\/\/diariotribuna.com.br\/index.php?rest_route=%2Fwp%2Fv2%2Fcategories&post=10772"},{"taxonomy":"post_tag","embeddable":true,"href":"https:\/\/diariotribuna.com.br\/index.php?rest_route=%2Fwp%2Fv2%2Ftags&post=10772"}],"curies":[{"name":"wp","href":"https:\/\/api.w.org\/{rel}","templated":true}]}}