{"id":10803,"date":"2021-06-27T23:41:36","date_gmt":"2021-06-28T02:41:36","guid":{"rendered":"https:\/\/diariotribuna.com.br\/?p=10803"},"modified":"2021-06-27T23:41:38","modified_gmt":"2021-06-28T02:41:38","slug":"malacacheta-pm-da-resposta-a-acao-de-criminosos-e-apreende-arma-de-fogo","status":"publish","type":"post","link":"https:\/\/diariotribuna.com.br\/?p=10803","title":{"rendered":"Malacacheta: PM d\u00e1 resposta \u00e0 a\u00e7\u00e3o de criminosos e apreende arma de fogo"},"content":{"rendered":"\n<h4 class=\"wp-block-heading\"><strong>A Pol\u00edcia Militar apreendeu a arma de fogo usada na tentativa de homic\u00eddio contra militares de Malacacheta, na noite de sexta-feira (25\/06)<\/strong><\/h4>\n\n\n\n<figure class=\"wp-block-image size-large is-resized is-style-default\"><img loading=\"lazy\" decoding=\"async\" src=\"https:\/\/diariotribuna.com.br\/wp-content\/uploads\/2021\/06\/bb9b63c1-a764-408b-ab62-0cd4afd888de-1.jpg\" alt=\"\" class=\"wp-image-10804\" width=\"541\" height=\"404\" srcset=\"https:\/\/diariotribuna.com.br\/wp-content\/uploads\/2021\/06\/bb9b63c1-a764-408b-ab62-0cd4afd888de-1.jpg 700w, https:\/\/diariotribuna.com.br\/wp-content\/uploads\/2021\/06\/bb9b63c1-a764-408b-ab62-0cd4afd888de-1-300x224.jpg 300w, https:\/\/diariotribuna.com.br\/wp-content\/uploads\/2021\/06\/bb9b63c1-a764-408b-ab62-0cd4afd888de-1-80x60.jpg 80w, https:\/\/diariotribuna.com.br\/wp-content\/uploads\/2021\/06\/bb9b63c1-a764-408b-ab62-0cd4afd888de-1-265x198.jpg 265w, https:\/\/diariotribuna.com.br\/wp-content\/uploads\/2021\/06\/bb9b63c1-a764-408b-ab62-0cd4afd888de-1-696x520.jpg 696w, https:\/\/diariotribuna.com.br\/wp-content\/uploads\/2021\/06\/bb9b63c1-a764-408b-ab62-0cd4afd888de-1-562x420.jpg 562w\" sizes=\"(max-width: 541px) 100vw, 541px\" \/><\/figure>\n\n\n\n<p>Na noite de sexta-feira (25\/06), a Pol\u00edcia Militar se deslocava para atendimento a uma ocorr\u00eancia de viol\u00eancia dom\u00e9stica (Maria da Penha), e no percurso abordou um menor de 17 anos, j\u00e1 conhecido no meio policial, que se comportava em atitude suspeita. N\u00e3o tendo encontrado nada de il\u00edcito com ele, os militares continuaram com o atendimento \u00e0 mulher v\u00edtima de viol\u00eancia, a encaminhou ao hospital municipal, e, quando retornaram com a v\u00edtima pra deix\u00e1-la em sua casa, os policiais foram surpreendidos com disparos de arma de fogo em dire\u00e7\u00e3o \u00e0 viatura.<\/p>\n\n\n\n<p>Felizmente nenhum militar ficou ferido, mas a mulher foi atingida na regi\u00e3o das costas, foi socorrida e encaminhada pelo SAMU ao hospital municipal, submetida a cirurgia e n\u00e3o corre risco de morrer. Imediatamente os militares acionaram refor\u00e7o policial, fizeram o cerco na localidade, v\u00e1rias dilig\u00eancias, e prenderam um maior de 27 anos e apreenderam um menor de 17, ambos foram vistos juntos minutos antes do ataque aos policiais. Eles foram conduzidos \u00e0 delegacia da Pol\u00edcia Civil, tendo o pai do menor acompanhado a ocorr\u00eancia. Durante buscas dentro do cemit\u00e9rio, de onde partiram os tiros, foram apreendidos 26 buchas de maconha.<\/p>\n\n\n\n<p><strong>Em continuidade \u00e0s dilig\u00eancias, no s\u00e1bado (26\/06)<\/strong>, diversos policiais militares abordaram diversas pessoas em Malacacheta e conseguiram apreender a arma de fogo usada na a\u00e7\u00e3o criminosa, e 05 muni\u00e7\u00f5es, sendo 04 intactas e 01 deflagrada. Segundo a PM, o armamento estava escondido na casa dos av\u00f3s de um cidad\u00e3o que teria emprestado a arma de fogo para os autores da tentativa de homic\u00eddio.<\/p>\n\n\n\n<pre class=\"wp-block-verse\"><strong>\u201cA Pol\u00edcia Militar em Malacacheta jamais se dobrar\u00e1 as a\u00e7\u00f5es de criminosos e as interven\u00e7\u00f5es continuam e continuar\u00e3o por tempo indeterminado. A Pol\u00edcia Militar continua sua luta em defesa da sociedade ordeira. For\u00e7a e honra, sempre\u201d, afirmou o comandante da PM em Malacacheta, tenente Adeilton Pereira dos Santos. (Fotos: Divulga\u00e7\u00e3o\/Pol\u00edcia Militar)<\/strong>.<\/pre>\n","protected":false},"excerpt":{"rendered":"<p>A Pol\u00edcia Militar apreendeu a arma de fogo usada na tentativa de homic\u00eddio contra militares de Malacacheta, na noite de sexta-feira (25\/06) Na noite de sexta-feira (25\/06), a Pol\u00edcia Militar se deslocava para atendimento a uma ocorr\u00eancia de viol\u00eancia dom\u00e9stica (Maria da Penha), e no percurso abordou um menor de 17 anos, j\u00e1 conhecido no [&hellip;]<\/p>\n","protected":false},"author":1,"featured_media":10804,"comment_status":"open","ping_status":"open","sticky":false,"template":"","format":"standard","meta":{"rop_custom_images_group":[],"rop_custom_messages_group":[],"rop_publish_now":"initial","rop_publish_now_accounts":[],"rop_publish_now_history":[],"rop_publish_now_status":"pending","footnotes":""},"categories":[20],"tags":[1099,444,76,3326],"class_list":["post-10803","post","type-post","status-publish","format-standard","has-post-thumbnail","hentry","category-policia","tag-apreensao-de-arma-de-fogo","tag-malacacheta","tag-policia-militar","tag-tentativa-de-homicidio-contra-militares"],"_links":{"self":[{"href":"https:\/\/diariotribuna.com.br\/index.php?rest_route=\/wp\/v2\/posts\/10803"}],"collection":[{"href":"https:\/\/diariotribuna.com.br\/index.php?rest_route=\/wp\/v2\/posts"}],"about":[{"href":"https:\/\/diariotribuna.com.br\/index.php?rest_route=\/wp\/v2\/types\/post"}],"author":[{"embeddable":true,"href":"https:\/\/diariotribuna.com.br\/index.php?rest_route=\/wp\/v2\/users\/1"}],"replies":[{"embeddable":true,"href":"https:\/\/diariotribuna.com.br\/index.php?rest_route=%2Fwp%2Fv2%2Fcomments&post=10803"}],"version-history":[{"count":1,"href":"https:\/\/diariotribuna.com.br\/index.php?rest_route=\/wp\/v2\/posts\/10803\/revisions"}],"predecessor-version":[{"id":10805,"href":"https:\/\/diariotribuna.com.br\/index.php?rest_route=\/wp\/v2\/posts\/10803\/revisions\/10805"}],"wp:featuredmedia":[{"embeddable":true,"href":"https:\/\/diariotribuna.com.br\/index.php?rest_route=\/wp\/v2\/media\/10804"}],"wp:attachment":[{"href":"https:\/\/diariotribuna.com.br\/index.php?rest_route=%2Fwp%2Fv2%2Fmedia&parent=10803"}],"wp:term":[{"taxonomy":"category","embeddable":true,"href":"https:\/\/diariotribuna.com.br\/index.php?rest_route=%2Fwp%2Fv2%2Fcategories&post=10803"},{"taxonomy":"post_tag","embeddable":true,"href":"https:\/\/diariotribuna.com.br\/index.php?rest_route=%2Fwp%2Fv2%2Ftags&post=10803"}],"curies":[{"name":"wp","href":"https:\/\/api.w.org\/{rel}","templated":true}]}}