{"id":10818,"date":"2021-06-30T21:44:21","date_gmt":"2021-07-01T00:44:21","guid":{"rendered":"https:\/\/diariotribuna.com.br\/?p=10818"},"modified":"2021-07-03T00:30:11","modified_gmt":"2021-07-03T03:30:11","slug":"motorista-morre-carbonizado-em-acidente-na-br-116-em-teofilo-otoni","status":"publish","type":"post","link":"https:\/\/diariotribuna.com.br\/?p=10818","title":{"rendered":"Motorista morre carbonizado em acidente na BR 116 em Te\u00f3filo Otoni"},"content":{"rendered":"\n<figure class=\"wp-block-image size-large is-resized is-style-default\"><img loading=\"lazy\" decoding=\"async\" src=\"https:\/\/diariotribuna.com.br\/wp-content\/uploads\/2021\/06\/8599efbe-6052-47d9-8ccc-409392cac33c.jpg\" alt=\"\" class=\"wp-image-10819\" width=\"521\" height=\"320\" srcset=\"https:\/\/diariotribuna.com.br\/wp-content\/uploads\/2021\/06\/8599efbe-6052-47d9-8ccc-409392cac33c.jpg 700w, https:\/\/diariotribuna.com.br\/wp-content\/uploads\/2021\/06\/8599efbe-6052-47d9-8ccc-409392cac33c-300x185.jpg 300w, https:\/\/diariotribuna.com.br\/wp-content\/uploads\/2021\/06\/8599efbe-6052-47d9-8ccc-409392cac33c-356x220.jpg 356w, https:\/\/diariotribuna.com.br\/wp-content\/uploads\/2021\/06\/8599efbe-6052-47d9-8ccc-409392cac33c-696x429.jpg 696w, https:\/\/diariotribuna.com.br\/wp-content\/uploads\/2021\/06\/8599efbe-6052-47d9-8ccc-409392cac33c-682x420.jpg 682w\" sizes=\"(max-width: 521px) 100vw, 521px\" \/><\/figure>\n\n\n\n<p>O acidente ocorreu na BR-116, por volta das 5h30 da manh\u00e3 de ter\u00e7a-feira (29\/06), numa curva ap\u00f3s a comunidade da Lajinha, zona rural de Te\u00f3filo Otoni, uma colis\u00e3o frontal entre um ve\u00edculo Fiat Uno com placas da cidade de \u00c1guas Doce do Norte, no estado do Esp\u00edrito Santo, que seguia sentido \u00e0 cidade de Itambacuri, e um \u00f4nibus de turismo, que fazia linha de Belo Horizonte a Te\u00f3filo Otoni. Os dois ve\u00edculos pegaram fogo e o motorista do Fiat Uno que ficou preso entre \u00e0s ferragens morreu carbonizado.<\/p>\n\n\n\n<p>Uma equipe do Corpo de Bombeiros esteve no local, debelou as chamas, e retirou a v\u00edtima que estava presa \u00e0s ferragens do Fiat Uno. A per\u00edcia t\u00e9cnica da Pol\u00edcia Civil fez os trabalhos de praxe no local, em seguida o corpo foi encaminhado ao Instituto M\u00e9dico Legal de Te\u00f3filo Otoni, ainda sem identifica\u00e7\u00e3o. Segundo o Policial Rodovi\u00e1rio Federal Meira, o condutor do Fiat Uno teria invadido a contram\u00e3o de dire\u00e7\u00e3o e colidido frontalmente com o \u00f4nibus que vinha na terceira faixa.<\/p>\n\n\n\n<p>De acordo com o Corpo de Bombeiros, no impacto entre os ve\u00edculos j\u00e1 houve o inc\u00eandio, e o motorista do \u00f4nibus disse que pressionou a porta com um chute para abrir e os passageiros descerem. No \u00f4nibus havia 9 passageiros e uma mulher fraturou a perna ao descer e trope\u00e7ar em uma canaleta \u00e0 margem da pista. Ela foi socorrida pelo SAMU e encaminhada a um hospital em Te\u00f3filo Otoni. Posteriormente, no IML, a v\u00edtima fatal foi identificada como sendo Wesley Silva da Costa, de 27 anos, bombeiro hidr\u00e1ulico, que saiu de Te\u00f3filo Otoni para Governador Valadares. As causas e circunst\u00e2ncias do acidente ser\u00e3o investigadas pela Pol\u00edcia Civil (Foto: Divulga\u00e7\u00e3o).<\/p>\n","protected":false},"excerpt":{"rendered":"<p>O acidente ocorreu na BR-116, por volta das 5h30 da manh\u00e3 de ter\u00e7a-feira (29\/06), numa curva ap\u00f3s a comunidade da Lajinha, zona rural de Te\u00f3filo Otoni, uma colis\u00e3o frontal entre um ve\u00edculo Fiat Uno com placas da cidade de \u00c1guas Doce do Norte, no estado do Esp\u00edrito Santo, que seguia sentido \u00e0 cidade de Itambacuri, [&hellip;]<\/p>\n","protected":false},"author":1,"featured_media":10819,"comment_status":"open","ping_status":"open","sticky":false,"template":"","format":"standard","meta":{"rop_custom_images_group":[],"rop_custom_messages_group":[],"rop_publish_now":"initial","rop_publish_now_accounts":[],"rop_publish_now_history":[],"rop_publish_now_status":"pending","footnotes":""},"categories":[20],"tags":[125,1382,3333,3332,1476,2029,75],"class_list":["post-10818","post","type-post","status-publish","format-standard","has-post-thumbnail","hentry","category-policia","tag-acidente","tag-br-116-2","tag-carbonizado","tag-colisao-veiculos","tag-obito","tag-policia-rodoviaria-federal","tag-teofilo-otoni"],"_links":{"self":[{"href":"https:\/\/diariotribuna.com.br\/index.php?rest_route=\/wp\/v2\/posts\/10818"}],"collection":[{"href":"https:\/\/diariotribuna.com.br\/index.php?rest_route=\/wp\/v2\/posts"}],"about":[{"href":"https:\/\/diariotribuna.com.br\/index.php?rest_route=\/wp\/v2\/types\/post"}],"author":[{"embeddable":true,"href":"https:\/\/diariotribuna.com.br\/index.php?rest_route=\/wp\/v2\/users\/1"}],"replies":[{"embeddable":true,"href":"https:\/\/diariotribuna.com.br\/index.php?rest_route=%2Fwp%2Fv2%2Fcomments&post=10818"}],"version-history":[{"count":2,"href":"https:\/\/diariotribuna.com.br\/index.php?rest_route=\/wp\/v2\/posts\/10818\/revisions"}],"predecessor-version":[{"id":10822,"href":"https:\/\/diariotribuna.com.br\/index.php?rest_route=\/wp\/v2\/posts\/10818\/revisions\/10822"}],"wp:featuredmedia":[{"embeddable":true,"href":"https:\/\/diariotribuna.com.br\/index.php?rest_route=\/wp\/v2\/media\/10819"}],"wp:attachment":[{"href":"https:\/\/diariotribuna.com.br\/index.php?rest_route=%2Fwp%2Fv2%2Fmedia&parent=10818"}],"wp:term":[{"taxonomy":"category","embeddable":true,"href":"https:\/\/diariotribuna.com.br\/index.php?rest_route=%2Fwp%2Fv2%2Fcategories&post=10818"},{"taxonomy":"post_tag","embeddable":true,"href":"https:\/\/diariotribuna.com.br\/index.php?rest_route=%2Fwp%2Fv2%2Ftags&post=10818"}],"curies":[{"name":"wp","href":"https:\/\/api.w.org\/{rel}","templated":true}]}}