{"id":10823,"date":"2021-06-30T22:28:59","date_gmt":"2021-07-01T01:28:59","guid":{"rendered":"https:\/\/diariotribuna.com.br\/?p=10823"},"modified":"2021-07-04T01:29:13","modified_gmt":"2021-07-04T04:29:13","slug":"lancamento-do-livro-versos-dores-e-cores-da-autora-teofilotonense-gabriela-lopes","status":"publish","type":"post","link":"https:\/\/diariotribuna.com.br\/?p=10823","title":{"rendered":"Lan\u00e7amento do Livro: Versos, dores e cores da autora teofilotonense Gabriela Lopes"},"content":{"rendered":"\n<h4 class=\"wp-block-heading\"><strong><em>A Obra foi selecionada atrav\u00e9s do edital estadual da Lei Aldir Blanc no \u00e2mbito de Minas Gerais<\/em><\/strong><\/h4>\n\n\n\n<figure class=\"wp-block-image size-large is-resized is-style-default\"><img loading=\"lazy\" decoding=\"async\" src=\"https:\/\/diariotribuna.com.br\/wp-content\/uploads\/2021\/06\/8.jpeg\" alt=\"\" class=\"wp-image-10824\" width=\"571\" height=\"412\" srcset=\"https:\/\/diariotribuna.com.br\/wp-content\/uploads\/2021\/06\/8.jpeg 700w, https:\/\/diariotribuna.com.br\/wp-content\/uploads\/2021\/06\/8-300x216.jpeg 300w, https:\/\/diariotribuna.com.br\/wp-content\/uploads\/2021\/06\/8-324x235.jpeg 324w, https:\/\/diariotribuna.com.br\/wp-content\/uploads\/2021\/06\/8-696x502.jpeg 696w, https:\/\/diariotribuna.com.br\/wp-content\/uploads\/2021\/06\/8-582x420.jpeg 582w\" sizes=\"(max-width: 571px) 100vw, 571px\" \/><\/figure>\n\n\n\n<p>No s\u00e1bado (19\/06\/2021), foi realizado em Te\u00f3filo Otoni, no Pal\u00e1cio Obreiros Tr\u00eas Vales, o lan\u00e7amento do livro \u201cVersos, dores e cores\u201d, da autora Gabriela Lopes dos Santos, com presen\u00e7a de pessoas queridas, com n\u00famero reduzido e dentro das permiss\u00f5es sanit\u00e1rias. A obra foi selecionada em \u00e2mbito estadual, contando com mais de mil inscritos na categoria liter\u00e1ria, tendo 30 trabalhos escolhidos, sendo o da autora um desses, o que \u00e9 motivo de muita alegria para ela e sua fam\u00edlia.<\/p>\n\n\n\n<p>No lan\u00e7amento, os participantes estavam livres para ler versos no livro e recit\u00e1-los. O momento contou com a presen\u00e7a da presidente da Academia de Letras de Te\u00f3filo Otoni, Elisa Augusta de Andrade Farina e do tesoureiro-geral da ALTO, Jair Duarte P\u00eago Junior. Familiares e amigos prestigiaram a autora. O cantor Rafael Rocha apresentou voz e viol\u00e3o, abrilhantando ainda mais o evento, fazendo com que fosse um encontro rico, leve e cheio de arte e poesia.<\/p>\n\n\n\n<p>O livro \u00e9 composto por um conjunto de poesias criadas na pandemia pela Gabriela Lopes, embargadas de sinestesias e emo\u00e7\u00f5es. A orelha do livro foi feita por seu amigo professor angolano Ant\u00f4nio Alexandre, parceiro liter\u00e1rio de Angola e, o pref\u00e1cio foi elaborado pela escritora e amiga Bruna Nunes de Caxias do Sul. A obra est\u00e1 recheada de profundidades. Vale a pena conferir.<\/p>\n\n\n\n<p>Quem desejar conhecer um pouco mais da autora e adquirir a obra \u00e9 s\u00f3 entrar em contato com ela atrav\u00e9s da sua rede social: @gabi_lopescontosepoesias. (Informa\u00e7\u00f5es\/Fotos: Gabriela Lopes).<\/p>\n\n\n\n<h3 class=\"wp-block-heading\"><span style=\"color:#471179\" class=\"has-inline-color\"><strong>Flashes do lan\u00e7amento do livro: Versos, dores e cores &#8211; Gabriela Lopes<\/strong><\/span><\/h3>\n\n\n\n<figure class=\"wp-block-gallery columns-3 is-cropped wp-block-gallery-1 is-layout-flex wp-block-gallery-is-layout-flex\"><ul class=\"blocks-gallery-grid\"><li class=\"blocks-gallery-item\"><figure><img loading=\"lazy\" decoding=\"async\" width=\"700\" height=\"498\" src=\"https:\/\/diariotribuna.com.br\/wp-content\/uploads\/2021\/06\/1-16.jpg\" alt=\"\" data-id=\"10826\" data-link=\"https:\/\/diariotribuna.com.br\/?attachment_id=10826\" class=\"wp-image-10826\" srcset=\"https:\/\/diariotribuna.com.br\/wp-content\/uploads\/2021\/06\/1-16.jpg 700w, https:\/\/diariotribuna.com.br\/wp-content\/uploads\/2021\/06\/1-16-300x213.jpg 300w, https:\/\/diariotribuna.com.br\/wp-content\/uploads\/2021\/06\/1-16-100x70.jpg 100w, https:\/\/diariotribuna.com.br\/wp-content\/uploads\/2021\/06\/1-16-696x495.jpg 696w, https:\/\/diariotribuna.com.br\/wp-content\/uploads\/2021\/06\/1-16-590x420.jpg 590w\" sizes=\"(max-width: 700px) 100vw, 700px\" \/><\/figure><\/li><li class=\"blocks-gallery-item\"><figure><img loading=\"lazy\" decoding=\"async\" width=\"700\" height=\"544\" src=\"https:\/\/diariotribuna.com.br\/wp-content\/uploads\/2021\/06\/WhatsApp-Image-2021-06-21-at-10.20.57.jpeg\" alt=\"\" data-id=\"10836\" data-link=\"https:\/\/diariotribuna.com.br\/?attachment_id=10836\" class=\"wp-image-10836\" srcset=\"https:\/\/diariotribuna.com.br\/wp-content\/uploads\/2021\/06\/WhatsApp-Image-2021-06-21-at-10.20.57.jpeg 700w, https:\/\/diariotribuna.com.br\/wp-content\/uploads\/2021\/06\/WhatsApp-Image-2021-06-21-at-10.20.57-300x233.jpeg 300w, https:\/\/diariotribuna.com.br\/wp-content\/uploads\/2021\/06\/WhatsApp-Image-2021-06-21-at-10.20.57-696x541.jpeg 696w, https:\/\/diariotribuna.com.br\/wp-content\/uploads\/2021\/06\/WhatsApp-Image-2021-06-21-at-10.20.57-540x420.jpeg 540w\" sizes=\"(max-width: 700px) 100vw, 700px\" \/><\/figure><\/li><li class=\"blocks-gallery-item\"><figure><img loading=\"lazy\" decoding=\"async\" width=\"700\" height=\"466\" src=\"https:\/\/diariotribuna.com.br\/wp-content\/uploads\/2021\/06\/WhatsApp-Image-2021-06-21-at-10.11.15-2.jpeg\" alt=\"\" data-id=\"10834\" data-link=\"https:\/\/diariotribuna.com.br\/?attachment_id=10834\" class=\"wp-image-10834\" srcset=\"https:\/\/diariotribuna.com.br\/wp-content\/uploads\/2021\/06\/WhatsApp-Image-2021-06-21-at-10.11.15-2.jpeg 700w, https:\/\/diariotribuna.com.br\/wp-content\/uploads\/2021\/06\/WhatsApp-Image-2021-06-21-at-10.11.15-2-300x200.jpeg 300w, https:\/\/diariotribuna.com.br\/wp-content\/uploads\/2021\/06\/WhatsApp-Image-2021-06-21-at-10.11.15-2-696x463.jpeg 696w, https:\/\/diariotribuna.com.br\/wp-content\/uploads\/2021\/06\/WhatsApp-Image-2021-06-21-at-10.11.15-2-631x420.jpeg 631w\" sizes=\"(max-width: 700px) 100vw, 700px\" \/><\/figure><\/li><li class=\"blocks-gallery-item\"><figure><img loading=\"lazy\" decoding=\"async\" width=\"700\" height=\"479\" src=\"https:\/\/diariotribuna.com.br\/wp-content\/uploads\/2021\/06\/5-Gabriela-e-Renato-Douglas.jpeg\" alt=\"\" data-id=\"10831\" data-link=\"https:\/\/diariotribuna.com.br\/?attachment_id=10831\" class=\"wp-image-10831\" srcset=\"https:\/\/diariotribuna.com.br\/wp-content\/uploads\/2021\/06\/5-Gabriela-e-Renato-Douglas.jpeg 700w, https:\/\/diariotribuna.com.br\/wp-content\/uploads\/2021\/06\/5-Gabriela-e-Renato-Douglas-300x205.jpeg 300w, https:\/\/diariotribuna.com.br\/wp-content\/uploads\/2021\/06\/5-Gabriela-e-Renato-Douglas-218x150.jpeg 218w, https:\/\/diariotribuna.com.br\/wp-content\/uploads\/2021\/06\/5-Gabriela-e-Renato-Douglas-696x476.jpeg 696w, https:\/\/diariotribuna.com.br\/wp-content\/uploads\/2021\/06\/5-Gabriela-e-Renato-Douglas-614x420.jpeg 614w\" sizes=\"(max-width: 700px) 100vw, 700px\" \/><figcaption class=\"blocks-gallery-item__caption\"><strong>Gabriela com Renato Douglas<\/strong><\/figcaption><\/figure><\/li><li class=\"blocks-gallery-item\"><figure><img loading=\"lazy\" decoding=\"async\" width=\"700\" height=\"474\" src=\"https:\/\/diariotribuna.com.br\/wp-content\/uploads\/2021\/06\/3-Familiares.jpeg\" alt=\"\" data-id=\"10828\" data-link=\"https:\/\/diariotribuna.com.br\/?attachment_id=10828\" class=\"wp-image-10828\" srcset=\"https:\/\/diariotribuna.com.br\/wp-content\/uploads\/2021\/06\/3-Familiares.jpeg 700w, https:\/\/diariotribuna.com.br\/wp-content\/uploads\/2021\/06\/3-Familiares-300x203.jpeg 300w, https:\/\/diariotribuna.com.br\/wp-content\/uploads\/2021\/06\/3-Familiares-696x471.jpeg 696w, https:\/\/diariotribuna.com.br\/wp-content\/uploads\/2021\/06\/3-Familiares-620x420.jpeg 620w\" sizes=\"(max-width: 700px) 100vw, 700px\" \/><figcaption class=\"blocks-gallery-item__caption\"><strong>Familiares<\/strong><\/figcaption><\/figure><\/li><li class=\"blocks-gallery-item\"><figure><img loading=\"lazy\" decoding=\"async\" width=\"700\" height=\"468\" src=\"https:\/\/diariotribuna.com.br\/wp-content\/uploads\/2021\/06\/4-Familiares.jpeg\" alt=\"\" data-id=\"10829\" data-link=\"https:\/\/diariotribuna.com.br\/?attachment_id=10829\" class=\"wp-image-10829\" srcset=\"https:\/\/diariotribuna.com.br\/wp-content\/uploads\/2021\/06\/4-Familiares.jpeg 700w, https:\/\/diariotribuna.com.br\/wp-content\/uploads\/2021\/06\/4-Familiares-300x201.jpeg 300w, https:\/\/diariotribuna.com.br\/wp-content\/uploads\/2021\/06\/4-Familiares-696x465.jpeg 696w, https:\/\/diariotribuna.com.br\/wp-content\/uploads\/2021\/06\/4-Familiares-628x420.jpeg 628w\" sizes=\"(max-width: 700px) 100vw, 700px\" \/><figcaption class=\"blocks-gallery-item__caption\"><strong>Familiares<\/strong><\/figcaption><\/figure><\/li><li class=\"blocks-gallery-item\"><figure><img loading=\"lazy\" decoding=\"async\" width=\"700\" height=\"440\" src=\"https:\/\/diariotribuna.com.br\/wp-content\/uploads\/2021\/06\/6-Jair-Junior-e-Elisa-Farina-1.jpeg\" alt=\"\" data-id=\"10841\" data-full-url=\"https:\/\/diariotribuna.com.br\/wp-content\/uploads\/2021\/06\/6-Jair-Junior-e-Elisa-Farina-1.jpeg\" data-link=\"https:\/\/diariotribuna.com.br\/?attachment_id=10841\" class=\"wp-image-10841\" srcset=\"https:\/\/diariotribuna.com.br\/wp-content\/uploads\/2021\/06\/6-Jair-Junior-e-Elisa-Farina-1.jpeg 700w, https:\/\/diariotribuna.com.br\/wp-content\/uploads\/2021\/06\/6-Jair-Junior-e-Elisa-Farina-1-300x189.jpeg 300w, https:\/\/diariotribuna.com.br\/wp-content\/uploads\/2021\/06\/6-Jair-Junior-e-Elisa-Farina-1-696x437.jpeg 696w, https:\/\/diariotribuna.com.br\/wp-content\/uploads\/2021\/06\/6-Jair-Junior-e-Elisa-Farina-1-668x420.jpeg 668w\" sizes=\"(max-width: 700px) 100vw, 700px\" \/><figcaption class=\"blocks-gallery-item__caption\"><strong>Gabriela com Jair Junior e Elisa Farina<\/strong><\/figcaption><\/figure><\/li><li class=\"blocks-gallery-item\"><figure><img loading=\"lazy\" decoding=\"async\" width=\"700\" height=\"515\" src=\"https:\/\/diariotribuna.com.br\/wp-content\/uploads\/2021\/06\/10-1.jpeg\" alt=\"\" data-id=\"10838\" data-link=\"https:\/\/diariotribuna.com.br\/?attachment_id=10838\" class=\"wp-image-10838\" srcset=\"https:\/\/diariotribuna.com.br\/wp-content\/uploads\/2021\/06\/10-1.jpeg 700w, https:\/\/diariotribuna.com.br\/wp-content\/uploads\/2021\/06\/10-1-300x221.jpeg 300w, https:\/\/diariotribuna.com.br\/wp-content\/uploads\/2021\/06\/10-1-80x60.jpeg 80w, https:\/\/diariotribuna.com.br\/wp-content\/uploads\/2021\/06\/10-1-696x512.jpeg 696w, https:\/\/diariotribuna.com.br\/wp-content\/uploads\/2021\/06\/10-1-571x420.jpeg 571w\" sizes=\"(max-width: 700px) 100vw, 700px\" \/><figcaption class=\"blocks-gallery-item__caption\"><strong>Amigos<\/strong><\/figcaption><\/figure><\/li><li class=\"blocks-gallery-item\"><figure><img loading=\"lazy\" decoding=\"async\" width=\"700\" height=\"455\" src=\"https:\/\/diariotribuna.com.br\/wp-content\/uploads\/2021\/06\/2-amigos.jpeg\" alt=\"\" data-id=\"10827\" data-link=\"https:\/\/diariotribuna.com.br\/?attachment_id=10827\" class=\"wp-image-10827\" srcset=\"https:\/\/diariotribuna.com.br\/wp-content\/uploads\/2021\/06\/2-amigos.jpeg 700w, https:\/\/diariotribuna.com.br\/wp-content\/uploads\/2021\/06\/2-amigos-300x195.jpeg 300w, https:\/\/diariotribuna.com.br\/wp-content\/uploads\/2021\/06\/2-amigos-696x452.jpeg 696w, https:\/\/diariotribuna.com.br\/wp-content\/uploads\/2021\/06\/2-amigos-646x420.jpeg 646w\" sizes=\"(max-width: 700px) 100vw, 700px\" \/><figcaption class=\"blocks-gallery-item__caption\"><strong>Amigos<\/strong><\/figcaption><\/figure><\/li><li class=\"blocks-gallery-item\"><figure><img loading=\"lazy\" decoding=\"async\" width=\"700\" height=\"496\" src=\"https:\/\/diariotribuna.com.br\/wp-content\/uploads\/2021\/06\/11-1.jpeg\" alt=\"\" data-id=\"10837\" data-link=\"https:\/\/diariotribuna.com.br\/?attachment_id=10837\" class=\"wp-image-10837\" srcset=\"https:\/\/diariotribuna.com.br\/wp-content\/uploads\/2021\/06\/11-1.jpeg 700w, https:\/\/diariotribuna.com.br\/wp-content\/uploads\/2021\/06\/11-1-300x213.jpeg 300w, https:\/\/diariotribuna.com.br\/wp-content\/uploads\/2021\/06\/11-1-100x70.jpeg 100w, https:\/\/diariotribuna.com.br\/wp-content\/uploads\/2021\/06\/11-1-696x493.jpeg 696w, https:\/\/diariotribuna.com.br\/wp-content\/uploads\/2021\/06\/11-1-593x420.jpeg 593w\" sizes=\"(max-width: 700px) 100vw, 700px\" \/><figcaption class=\"blocks-gallery-item__caption\"><strong>Familiares<\/strong><\/figcaption><\/figure><\/li><li class=\"blocks-gallery-item\"><figure><img loading=\"lazy\" decoding=\"async\" width=\"700\" height=\"534\" src=\"https:\/\/diariotribuna.com.br\/wp-content\/uploads\/2021\/06\/7-Cabtor-Rafael-Rocha.jpeg\" alt=\"\" data-id=\"10825\" data-link=\"https:\/\/diariotribuna.com.br\/?attachment_id=10825\" class=\"wp-image-10825\" srcset=\"https:\/\/diariotribuna.com.br\/wp-content\/uploads\/2021\/06\/7-Cabtor-Rafael-Rocha.jpeg 700w, https:\/\/diariotribuna.com.br\/wp-content\/uploads\/2021\/06\/7-Cabtor-Rafael-Rocha-300x229.jpeg 300w, https:\/\/diariotribuna.com.br\/wp-content\/uploads\/2021\/06\/7-Cabtor-Rafael-Rocha-80x60.jpeg 80w, https:\/\/diariotribuna.com.br\/wp-content\/uploads\/2021\/06\/7-Cabtor-Rafael-Rocha-696x531.jpeg 696w, https:\/\/diariotribuna.com.br\/wp-content\/uploads\/2021\/06\/7-Cabtor-Rafael-Rocha-551x420.jpeg 551w\" sizes=\"(max-width: 700px) 100vw, 700px\" \/><figcaption class=\"blocks-gallery-item__caption\"><strong>Cantor Rafael Rocha<\/strong><\/figcaption><\/figure><\/li><li class=\"blocks-gallery-item\"><figure><img loading=\"lazy\" decoding=\"async\" width=\"700\" height=\"497\" src=\"https:\/\/diariotribuna.com.br\/wp-content\/uploads\/2021\/06\/9-1.jpeg\" alt=\"\" data-id=\"10840\" data-link=\"https:\/\/diariotribuna.com.br\/?attachment_id=10840\" class=\"wp-image-10840\" srcset=\"https:\/\/diariotribuna.com.br\/wp-content\/uploads\/2021\/06\/9-1.jpeg 700w, https:\/\/diariotribuna.com.br\/wp-content\/uploads\/2021\/06\/9-1-300x213.jpeg 300w, https:\/\/diariotribuna.com.br\/wp-content\/uploads\/2021\/06\/9-1-100x70.jpeg 100w, https:\/\/diariotribuna.com.br\/wp-content\/uploads\/2021\/06\/9-1-696x494.jpeg 696w, https:\/\/diariotribuna.com.br\/wp-content\/uploads\/2021\/06\/9-1-592x420.jpeg 592w\" sizes=\"(max-width: 700px) 100vw, 700px\" \/><figcaption class=\"blocks-gallery-item__caption\"><strong>Coquetel<\/strong><\/figcaption><\/figure><\/li><\/ul><\/figure>\n","protected":false},"excerpt":{"rendered":"<p>A Obra foi selecionada atrav\u00e9s do edital estadual da Lei Aldir Blanc no \u00e2mbito de Minas Gerais No s\u00e1bado (19\/06\/2021), foi realizado em Te\u00f3filo Otoni, no Pal\u00e1cio Obreiros Tr\u00eas Vales, o lan\u00e7amento do livro \u201cVersos, dores e cores\u201d, da autora Gabriela Lopes dos Santos, com presen\u00e7a de pessoas queridas, com n\u00famero reduzido e dentro das [&hellip;]<\/p>\n","protected":false},"author":1,"featured_media":10824,"comment_status":"open","ping_status":"open","sticky":false,"template":"","format":"standard","meta":{"rop_custom_images_group":[],"rop_custom_messages_group":[],"rop_publish_now":"initial","rop_publish_now_accounts":[],"rop_publish_now_history":[],"rop_publish_now_status":"pending","footnotes":""},"categories":[19],"tags":[2174,3334,75,3336],"class_list":["post-10823","post","type-post","status-publish","format-standard","has-post-thumbnail","hentry","category-gerais","tag-escritora-gabriela-lopes-dos-santos","tag-lancamento-de-livro","tag-teofilo-otoni","tag-versos-dores-e-cores"],"_links":{"self":[{"href":"https:\/\/diariotribuna.com.br\/index.php?rest_route=\/wp\/v2\/posts\/10823"}],"collection":[{"href":"https:\/\/diariotribuna.com.br\/index.php?rest_route=\/wp\/v2\/posts"}],"about":[{"href":"https:\/\/diariotribuna.com.br\/index.php?rest_route=\/wp\/v2\/types\/post"}],"author":[{"embeddable":true,"href":"https:\/\/diariotribuna.com.br\/index.php?rest_route=\/wp\/v2\/users\/1"}],"replies":[{"embeddable":true,"href":"https:\/\/diariotribuna.com.br\/index.php?rest_route=%2Fwp%2Fv2%2Fcomments&post=10823"}],"version-history":[{"count":4,"href":"https:\/\/diariotribuna.com.br\/index.php?rest_route=\/wp\/v2\/posts\/10823\/revisions"}],"predecessor-version":[{"id":10847,"href":"https:\/\/diariotribuna.com.br\/index.php?rest_route=\/wp\/v2\/posts\/10823\/revisions\/10847"}],"wp:featuredmedia":[{"embeddable":true,"href":"https:\/\/diariotribuna.com.br\/index.php?rest_route=\/wp\/v2\/media\/10824"}],"wp:attachment":[{"href":"https:\/\/diariotribuna.com.br\/index.php?rest_route=%2Fwp%2Fv2%2Fmedia&parent=10823"}],"wp:term":[{"taxonomy":"category","embeddable":true,"href":"https:\/\/diariotribuna.com.br\/index.php?rest_route=%2Fwp%2Fv2%2Fcategories&post=10823"},{"taxonomy":"post_tag","embeddable":true,"href":"https:\/\/diariotribuna.com.br\/index.php?rest_route=%2Fwp%2Fv2%2Ftags&post=10823"}],"curies":[{"name":"wp","href":"https:\/\/api.w.org\/{rel}","templated":true}]}}