{"id":10848,"date":"2021-06-30T22:47:35","date_gmt":"2021-07-01T01:47:35","guid":{"rendered":"https:\/\/diariotribuna.com.br\/?p=10848"},"modified":"2021-06-30T22:47:37","modified_gmt":"2021-07-01T01:47:37","slug":"covid-19-brasil-tem-43-mil-casos-e-2-mil-mortes-nas-ultimas-24-horas","status":"publish","type":"post","link":"https:\/\/diariotribuna.com.br\/?p=10848","title":{"rendered":"Covid-19: Brasil tem 43 mil casos e 2 mil mortes nas \u00faltimas 24 horas"},"content":{"rendered":"\n<p><strong>N\u00famero de casos totaliza 18,55 milh\u00f5es<\/strong><\/p>\n\n\n\n<figure class=\"wp-block-image size-large is-resized is-style-default\"><img loading=\"lazy\" decoding=\"async\" src=\"https:\/\/diariotribuna.com.br\/wp-content\/uploads\/2021\/06\/Mascara.jpg\" alt=\"\" class=\"wp-image-10849\" width=\"510\" height=\"305\" srcset=\"https:\/\/diariotribuna.com.br\/wp-content\/uploads\/2021\/06\/Mascara.jpg 700w, https:\/\/diariotribuna.com.br\/wp-content\/uploads\/2021\/06\/Mascara-300x179.jpg 300w, https:\/\/diariotribuna.com.br\/wp-content\/uploads\/2021\/06\/Mascara-696x416.jpg 696w\" sizes=\"(max-width: 510px) 100vw, 510px\" \/><\/figure>\n\n\n\n<p>O Brasil registrou, nas \u00faltimas 24 horas, 43.836 novos casos de covid-19 e 2.081 mortes, segundo o boletim epidemiol\u00f3gico divulgado pelo Minist\u00e9rio da Sa\u00fade, nesta quarta-feira (30). No total, o pa\u00eds tem, desde o in\u00edcio da pandemia, 18.557.141 casos da doen\u00e7a e 518.066 mortes. O n\u00famero de recuperados de covid-19 \u00e9 de 16.858.632 e o n\u00famero de casos que ainda est\u00e3o em acompanhamento, 1.180.443.<\/p>\n\n\n\n<p>S\u00e3o Paulo \u00e9 a unidade da Federa\u00e7\u00e3o que concentra o maior n\u00famero de casos e de mortes, com 3.727.348 e 128.681, respectivamente. Em rela\u00e7\u00e3o ao n\u00famero de casos, o estado do Sudeste \u00e9 seguido por Minas Gerais (1.803.748) e Paran\u00e1. A menor quantidade de casos ocorre em Acre (85.566), Roraima (112.133) e Amap\u00e1 (117.188).<\/p>\n\n\n\n<p>Em rela\u00e7\u00e3o ao n\u00famero de mortes, a vice-lideran\u00e7a \u00e9 do Rio de Janeiro (55.470) seguido por Minas Gerais (46.242). Os estados com menor n\u00famero de \u00f3bitos s\u00e3o Acre (1.738), Roraima (1.745) e Amap\u00e1 (1.835). (Ag\u00eancia Brasil)<\/p>\n","protected":false},"excerpt":{"rendered":"<p>N\u00famero de casos totaliza 18,55 milh\u00f5es O Brasil registrou, nas \u00faltimas 24 horas, 43.836 novos casos de covid-19 e 2.081 mortes, segundo o boletim epidemiol\u00f3gico divulgado pelo Minist\u00e9rio da Sa\u00fade, nesta quarta-feira (30). No total, o pa\u00eds tem, desde o in\u00edcio da pandemia, 18.557.141 casos da doen\u00e7a e 518.066 mortes. O n\u00famero de recuperados de [&hellip;]<\/p>\n","protected":false},"author":1,"featured_media":10849,"comment_status":"open","ping_status":"open","sticky":false,"template":"","format":"standard","meta":{"rop_custom_images_group":[],"rop_custom_messages_group":[],"rop_publish_now":"initial","rop_publish_now_accounts":[],"rop_publish_now_history":[],"rop_publish_now_status":"pending","footnotes":""},"categories":[192],"tags":[3338,489,393,84],"class_list":["post-10848","post","type-post","status-publish","format-standard","has-post-thumbnail","hentry","category-covid19","tag-30-06-21","tag-boletim-epidemiologico","tag-brasil","tag-covid-19"],"_links":{"self":[{"href":"https:\/\/diariotribuna.com.br\/index.php?rest_route=\/wp\/v2\/posts\/10848"}],"collection":[{"href":"https:\/\/diariotribuna.com.br\/index.php?rest_route=\/wp\/v2\/posts"}],"about":[{"href":"https:\/\/diariotribuna.com.br\/index.php?rest_route=\/wp\/v2\/types\/post"}],"author":[{"embeddable":true,"href":"https:\/\/diariotribuna.com.br\/index.php?rest_route=\/wp\/v2\/users\/1"}],"replies":[{"embeddable":true,"href":"https:\/\/diariotribuna.com.br\/index.php?rest_route=%2Fwp%2Fv2%2Fcomments&post=10848"}],"version-history":[{"count":1,"href":"https:\/\/diariotribuna.com.br\/index.php?rest_route=\/wp\/v2\/posts\/10848\/revisions"}],"predecessor-version":[{"id":10850,"href":"https:\/\/diariotribuna.com.br\/index.php?rest_route=\/wp\/v2\/posts\/10848\/revisions\/10850"}],"wp:featuredmedia":[{"embeddable":true,"href":"https:\/\/diariotribuna.com.br\/index.php?rest_route=\/wp\/v2\/media\/10849"}],"wp:attachment":[{"href":"https:\/\/diariotribuna.com.br\/index.php?rest_route=%2Fwp%2Fv2%2Fmedia&parent=10848"}],"wp:term":[{"taxonomy":"category","embeddable":true,"href":"https:\/\/diariotribuna.com.br\/index.php?rest_route=%2Fwp%2Fv2%2Fcategories&post=10848"},{"taxonomy":"post_tag","embeddable":true,"href":"https:\/\/diariotribuna.com.br\/index.php?rest_route=%2Fwp%2Fv2%2Ftags&post=10848"}],"curies":[{"name":"wp","href":"https:\/\/api.w.org\/{rel}","templated":true}]}}