{"id":10851,"date":"2021-06-30T22:53:52","date_gmt":"2021-07-01T01:53:52","guid":{"rendered":"https:\/\/diariotribuna.com.br\/?p=10851"},"modified":"2021-06-30T22:53:53","modified_gmt":"2021-07-01T01:53:53","slug":"teofilo-otoni-contabiliza-340-obitos-por-complicacoes-causadas-pela-covid-19","status":"publish","type":"post","link":"https:\/\/diariotribuna.com.br\/?p=10851","title":{"rendered":"Te\u00f3filo Otoni contabiliza 340 \u00f3bitos por complica\u00e7\u00f5es causadas pela covid-19"},"content":{"rendered":"\n<figure class=\"wp-block-image size-large is-resized is-style-default\"><img loading=\"lazy\" decoding=\"async\" src=\"https:\/\/diariotribuna.com.br\/wp-content\/uploads\/2021\/06\/unnamed-file-6.jpg\" alt=\"\" class=\"wp-image-10852\" width=\"498\" height=\"304\" srcset=\"https:\/\/diariotribuna.com.br\/wp-content\/uploads\/2021\/06\/unnamed-file-6.jpg 700w, https:\/\/diariotribuna.com.br\/wp-content\/uploads\/2021\/06\/unnamed-file-6-300x183.jpg 300w, https:\/\/diariotribuna.com.br\/wp-content\/uploads\/2021\/06\/unnamed-file-6-696x425.jpg 696w, https:\/\/diariotribuna.com.br\/wp-content\/uploads\/2021\/06\/unnamed-file-6-689x420.jpg 689w\" sizes=\"(max-width: 498px) 100vw, 498px\" \/><\/figure>\n\n\n\n<p>A Secretaria Municipal de Sa\u00fade divulgou boletim epidemiol\u00f3gico, na noite de ter\u00e7a-feira (29\/06), confirmando 12.628 casos positivos de Covid-19 em Te\u00f3filo Otoni, 23 a mais nas \u00faltimas 24 horas, e contabiliza <strong>mais 02 \u00f3bitos <\/strong>por complica\u00e7\u00f5es causadas pelo coronav\u00edrus, totalizando 340. Ainda segundo o boletim, tem 02 \u00f3bitos em investiga\u00e7\u00e3o, 260 casos ativos, 12.368 recuperados, 27.353 casos suspeitos foram descartados.<\/p>\n\n\n\n<p><strong>Os \u00faltimos 02 \u00f3bitos ocorreram nesta ter\u00e7a-feira (29\/06\/21.<\/strong> O primeiro \u00e9 de uma idosa de 107 anos, que estava internada no Hospital Philadelfia. O segundo \u00e9 de um jovem de 29 anos, que estava internado no Hospital Santa Ros\u00e1lia. Os dois tiveram os resultados confirmados pelo RT-PCR. <strong>No boletim de segunda-feira (28\/06), tamb\u00e9m foi inserido 01 \u00f3bito<\/strong>, sendo de uma mulher de 44 anos, que estava internada no Hospital Santa Ros\u00e1lia, e tamb\u00e9m teve o resultado confirmado pelo RT-PCR.<\/p>\n\n\n\n<p><strong>Interna\u00e7\u00f5es at\u00e9 (29\/06\/21):<\/strong> Pelo SUS, Conv\u00eanio e Particular tem 40 leitos de UTI Covid e 40 est\u00e3o ocupados, sendo 26 pacientes de Te\u00f3filo Otoni e 14 de outros munic\u00edpios (100,00% de ocupa\u00e7\u00e3o). Tem 106 leitos de Enfermaria Covid e 38 est\u00e3o ocupados, sendo 25 pacientes de Te\u00f3filo Otoni e 13 de outros munic\u00edpios (35,84% de ocupa\u00e7\u00e3o).<\/p>\n\n\n\n<p><strong>Vacin\u00f4metro:<\/strong> dados atualizados nesta ter\u00e7a-feira (29\/06\/21) mostram que 46.290 pessoas receberam a 1\u00aa dose da vacina e 23.884 receberam a 2\u00aa dose.<\/p>\n","protected":false},"excerpt":{"rendered":"<p>A Secretaria Municipal de Sa\u00fade divulgou boletim epidemiol\u00f3gico, na noite de ter\u00e7a-feira (29\/06), confirmando 12.628 casos positivos de Covid-19 em Te\u00f3filo Otoni, 23 a mais nas \u00faltimas 24 horas, e contabiliza mais 02 \u00f3bitos por complica\u00e7\u00f5es causadas pelo coronav\u00edrus, totalizando 340. Ainda segundo o boletim, tem 02 \u00f3bitos em investiga\u00e7\u00e3o, 260 casos ativos, 12.368 recuperados, [&hellip;]<\/p>\n","protected":false},"author":1,"featured_media":10852,"comment_status":"open","ping_status":"open","sticky":false,"template":"","format":"standard","meta":{"rop_custom_images_group":[],"rop_custom_messages_group":[],"rop_publish_now":"initial","rop_publish_now_accounts":[],"rop_publish_now_history":[],"rop_publish_now_status":"pending","footnotes":""},"categories":[192],"tags":[3338,489,84,75],"class_list":["post-10851","post","type-post","status-publish","format-standard","has-post-thumbnail","hentry","category-covid19","tag-30-06-21","tag-boletim-epidemiologico","tag-covid-19","tag-teofilo-otoni"],"_links":{"self":[{"href":"https:\/\/diariotribuna.com.br\/index.php?rest_route=\/wp\/v2\/posts\/10851"}],"collection":[{"href":"https:\/\/diariotribuna.com.br\/index.php?rest_route=\/wp\/v2\/posts"}],"about":[{"href":"https:\/\/diariotribuna.com.br\/index.php?rest_route=\/wp\/v2\/types\/post"}],"author":[{"embeddable":true,"href":"https:\/\/diariotribuna.com.br\/index.php?rest_route=\/wp\/v2\/users\/1"}],"replies":[{"embeddable":true,"href":"https:\/\/diariotribuna.com.br\/index.php?rest_route=%2Fwp%2Fv2%2Fcomments&post=10851"}],"version-history":[{"count":1,"href":"https:\/\/diariotribuna.com.br\/index.php?rest_route=\/wp\/v2\/posts\/10851\/revisions"}],"predecessor-version":[{"id":10853,"href":"https:\/\/diariotribuna.com.br\/index.php?rest_route=\/wp\/v2\/posts\/10851\/revisions\/10853"}],"wp:featuredmedia":[{"embeddable":true,"href":"https:\/\/diariotribuna.com.br\/index.php?rest_route=\/wp\/v2\/media\/10852"}],"wp:attachment":[{"href":"https:\/\/diariotribuna.com.br\/index.php?rest_route=%2Fwp%2Fv2%2Fmedia&parent=10851"}],"wp:term":[{"taxonomy":"category","embeddable":true,"href":"https:\/\/diariotribuna.com.br\/index.php?rest_route=%2Fwp%2Fv2%2Fcategories&post=10851"},{"taxonomy":"post_tag","embeddable":true,"href":"https:\/\/diariotribuna.com.br\/index.php?rest_route=%2Fwp%2Fv2%2Ftags&post=10851"}],"curies":[{"name":"wp","href":"https:\/\/api.w.org\/{rel}","templated":true}]}}